{"id":6116,"date":"2025-03-16T12:39:39","date_gmt":"2025-03-16T15:39:39","guid":{"rendered":"https:\/\/www.mussicom.com\/tiktok-divulga-os-hits-que-dominaram-o-verao-e-o-carnaval-2025-veja-a-lista-completa\/"},"modified":"2025-03-16T12:39:39","modified_gmt":"2025-03-16T15:39:39","slug":"tiktok-divulga-os-hits-que-dominaram-o-verao-e-o-carnaval-2025-veja-a-lista-completa","status":"publish","type":"post","link":"https:\/\/mussicom.com\/noticias\/tiktok-divulga-os-hits-que-dominaram-o-verao-e-o-carnaval-2025-veja-a-lista-completa\/","title":{"rendered":"TikTok divulga os hits que dominaram o ver\u00e3o e o Carnaval 2025; veja a lista completa"},"content":{"rendered":"<p> <br \/>\n<\/p>\n<div>\n<p data-end=\"707\" data-start=\"179\">O <em>TikTok<\/em> divulgou as listas das m\u00fasicas mais populares do ver\u00e3o e do Carnaval de 2025 no Brasil. A plataforma, conhecida por impulsionar tend\u00eancias musicais, revelou que <strong data-end=\"369\" data-start=\"349\">DJ LK da Esc\u00f3cia<\/strong> dominou os rankings com dois hits diferentes: <em data-end=\"438\" data-start=\"416\">&#8220;Bonde das Oncinhas&#8221;<\/em>, durante o ver\u00e3o, e <em data-end=\"469\" data-start=\"459\">&#8220;Descer&#8221;<\/em>, no Carnaval. Al\u00e9m dele, nomes como <strong data-end=\"547\" data-start=\"506\">Anitta, Ivete Sangalo e Pedro Sampaio<\/strong> tamb\u00e9m marcaram presen\u00e7a nos rankings, ao lado de cl\u00e1ssicos da m\u00fasica brasileira, como <em data-end=\"646\" data-start=\"635\">&#8220;Alian\u00e7a&#8221;<\/em>, dos <strong data-end=\"667\" data-start=\"652\">Tribalistas<\/strong>, e <em data-end=\"688\" data-start=\"671\">&#8220;Menina Veneno&#8221;<\/em>, de <strong data-end=\"704\" data-start=\"693\">Ritchie<\/strong>.<\/p>\n<h3 data-end=\"3925\" data-start=\"3886\"><strong data-end=\"3923\" data-start=\"3890\">Confira os rankings completos<\/strong><\/h3>\n<h4 data-end=\"3956\" data-start=\"3927\"><strong data-end=\"3954\" data-start=\"3932\">Hits do Ver\u00e3o 2025<\/strong><\/h4>\n<ol data-end=\"4492\" data-start=\"3957\">\n<li data-end=\"4003\" data-start=\"3957\"><strong data-end=\"3982\" data-start=\"3960\">Bonde das Oncinhas<\/strong> \u2013 DJ LK da Esc\u00f3cia<\/li>\n<li data-end=\"4069\" data-start=\"4004\"><strong data-end=\"4023\" data-start=\"4007\">Porsche Azul<\/strong> \u2013 Felipe Beats, Z\u00e9 Felipe &amp; Vitor Daslent&#8217;s<\/li>\n<li data-end=\"4107\" data-start=\"4070\"><strong data-end=\"4091\" data-start=\"4073\">C\u00f3pia Proibida<\/strong> \u2013 L\u00e9o Foguete<\/li>\n<li data-end=\"4142\" data-start=\"4108\"><strong data-end=\"4119\" data-start=\"4111\">2025<\/strong> \u2013 MC Tuto &amp; DJ Oreia<\/li>\n<li data-end=\"4215\" data-start=\"4143\"><strong data-end=\"4184\" data-start=\"4146\">Oh Garota Eu Quero Voc\u00ea S\u00f3 Pra Mim<\/strong> \u2013 Oruam, Z\u00e9 Felipe &amp; MC Tuto<\/li>\n<li data-end=\"4271\" data-start=\"4216\"><strong data-end=\"4239\" data-start=\"4219\">ESCADA DO PR\u00c9DIO<\/strong> \u2013 Pedro Sampaio &amp; Marina Sena<\/li>\n<li data-end=\"4368\" data-start=\"4272\"><strong data-end=\"4309\" data-start=\"4275\">FANTASMA (vers\u00e3o GORD\u00c3O DO PC)<\/strong> \u2013 Ana Laura Lopes, GORD\u00c3O DO PC, MC Menor DN &amp; MC Leozin<\/li>\n<li data-end=\"4427\" data-start=\"4369\"><strong data-end=\"4395\" data-start=\"4372\">Sei Que Tu Me Odeia<\/strong> \u2013 Anitta, MC Danny &amp; HITMAKER<\/li>\n<li data-end=\"4458\" data-start=\"4428\"><strong data-end=\"4442\" data-start=\"4431\">Alian\u00e7a<\/strong> \u2013 Tribalistas<\/li>\n<li data-end=\"4492\" data-start=\"4459\"><strong data-end=\"4480\" data-start=\"4463\">Menina Veneno<\/strong> \u2013 Ritchie<\/li>\n<\/ol>\n<h4 data-end=\"4526\" data-start=\"4494\"><strong data-end=\"4524\" data-start=\"4499\">Hits do Carnaval 2025<\/strong><\/h4>\n<ol data-end=\"5061\" data-start=\"4527\">\n<li data-end=\"4567\" data-start=\"4527\"><strong data-end=\"4540\" data-start=\"4530\">Descer<\/strong> \u2013 Kew &amp; DJ LK da Esc\u00f3cia<\/li>\n<li data-end=\"4706\" data-start=\"4568\"><strong data-end=\"4604\" data-start=\"4571\">Poesia Ac\u00fastica #2: Sobre N\u00f3s<\/strong> \u2013 Delacruz, Maria, Ducon, Luiz Lins, Diomedes Chinaski, BK&#8217;, Kayu\u00e1, Pineapple StormTv &amp; Salve Malak<\/li>\n<li data-end=\"4772\" data-start=\"4707\"><strong data-end=\"4726\" data-start=\"4710\">Porsche Azul<\/strong> \u2013 Felipe Beats, Z\u00e9 Felipe &amp; Vitor Daslent&#8217;s<\/li>\n<li data-end=\"4816\" data-start=\"4773\"><strong data-end=\"4791\" data-start=\"4776\">NUNCA MUDA?<\/strong> \u2013 Scythermane &amp; NXGHT!<\/li>\n<li data-end=\"4875\" data-start=\"4817\"><strong data-end=\"4843\" data-start=\"4820\">Sei Que Tu Me Odeia<\/strong> \u2013 Anitta, MC Danny &amp; HITMAKER<\/li>\n<li data-end=\"4919\" data-start=\"4876\"><strong data-end=\"4901\" data-start=\"4879\">Energia de Gostosa<\/strong> \u2013 Ivete Sangalo<\/li>\n<li data-end=\"4956\" data-start=\"4920\"><strong data-end=\"4938\" data-start=\"4923\">O Mundo Vai<\/strong> \u2013 Ivete Sangalo<\/li>\n<li data-end=\"4994\" data-start=\"4957\"><strong data-end=\"4978\" data-start=\"4960\">C\u00f3pia Proibida<\/strong> \u2013 L\u00e9o Foguete<\/li>\n<li data-end=\"5027\" data-start=\"4995\"><strong data-end=\"5015\" data-start=\"4998\">Menina Veneno<\/strong> \u2013 Ritchie<\/li>\n<li data-end=\"5061\" data-start=\"5028\"><strong data-end=\"5047\" data-start=\"5032\">O Abre Alas<\/strong> \u2013 Banda Gol<\/li>\n<\/ol>\n<h3 data-end=\"2343\" data-start=\"2291\"><strong data-end=\"2341\" data-start=\"2295\">DJ LK da Esc\u00f3cia celebra sucesso no TikTok<\/strong><\/h3>\n<p data-end=\"2441\" data-start=\"2345\">O <strong>DJ LK da Esc\u00f3cia<\/strong>, que liderou as duas listas, comemorou o impacto do TikTok em sua carreira:<\/p>\n<blockquote class=\"citacao\" data-end=\"2597\" data-start=\"2443\"><p><em data-end=\"2595\" data-start=\"2443\">&#8220;Estou muito feliz que nossas m\u00fasicas pegaram o n\u00famero 1 do Ver\u00e3o e Carnaval. \u00c9 muito gratificante ver o trabalho evoluindo e tomando essa propor\u00e7\u00e3o.&#8221;<\/em><\/p><\/blockquote>\n<p data-end=\"2680\" data-start=\"2599\">Ele ainda ressaltou a import\u00e2ncia da plataforma no crescimento de sua carreira:<\/p>\n<blockquote class=\"citacao\" data-end=\"2923\" data-start=\"2682\"><p><em data-end=\"2921\" data-start=\"2682\">&#8220;O TikTok foi o que fez minha carreira realmente acontecer. Muitas m\u00fasicas que eu lancei renderam trends, como &#8216;Tubar\u00e3o Te Amo&#8217; e &#8216;Quebra de Ladinho e Faz o Cora\u00e7\u00e3ozinho&#8217;. Ele \u00e9 muito importante para minha trajet\u00f3ria, e sou muito grato.&#8221;<\/em><\/p><\/blockquote>\n<h3 data-end=\"2973\" data-start=\"2925\"><strong data-end=\"2971\" data-start=\"2929\">O poder do TikTok na ind\u00fastria musical<\/strong><\/h3>\n<p data-end=\"3128\" data-start=\"2975\"><strong>Carol Moreira<\/strong>, l\u00edder de relacionamento com artistas e labels do <em>TikTok<\/em> no Brasil, explicou como a plataforma influencia as tend\u00eancias musicais no pa\u00eds:<\/p>\n<blockquote class=\"citacao\" data-end=\"3380\" data-start=\"3130\"><p><em data-end=\"3378\" data-start=\"3130\">&#8220;O ver\u00e3o e o Carnaval s\u00e3o momentos em que o brasileiro est\u00e1 muito conectado \u00e0 m\u00fasica, sempre com aquela expectativa de qual ser\u00e1 o hit da esta\u00e7\u00e3o. O TikTok tem o poder de criar tend\u00eancias que se refletem nas ruas, como vimos nas \u00faltimas semanas.&#8221;<\/em><\/p><\/blockquote>\n<p data-end=\"3459\" data-start=\"3382\">Ela tamb\u00e9m destacou como a plataforma equilibra novos sucessos e cl\u00e1ssicos:<\/p>\n<blockquote class=\"citacao\" data-end=\"3730\" data-start=\"3461\"><p><em data-end=\"3728\" data-start=\"3461\">&#8220;Nesses per\u00edodos, ouvimos novas m\u00fasicas como &#8216;Sei Que Tu Me Odeia&#8217; e cl\u00e1ssicos como &#8216;Menina Veneno&#8217; em diversas trends, provando que o TikTok \u00e9 um espa\u00e7o onde g\u00eaneros diferentes e de v\u00e1rias \u00e9pocas se encontram, criando uma conex\u00e3o \u00fanica com a nossa comunidade.&#8221;<\/em><\/p><\/blockquote>\n<\/div>\n<p><br \/>\n<br \/>Fonte: <a href=\"https:\/\/rollingstone.com.br\/musica\/as-musicas-que-dominaram-o-tiktok-no-verao-e-no-carnaval-2025\/\">rollingstone.com.br<\/a><\/p>\n","protected":false},"excerpt":{"rendered":"<p>O TikTok divulgou as listas das m\u00fasicas mais populares do ver\u00e3o e do Carnaval de 2025 no Brasil. A plataforma, conhecida por impulsionar tend\u00eancias musicais, revelou que DJ LK da Esc\u00f3cia dominou os rankings com dois hits diferentes: &#8220;Bonde das Oncinhas&#8221;, durante o ver\u00e3o, e &#8220;Descer&#8221;, no Carnaval. Al\u00e9m dele, nomes como Anitta, Ivete Sangalo [&hellip;]<\/p>\n","protected":false},"author":5,"featured_media":6118,"comment_status":"open","ping_status":"open","sticky":false,"template":"","format":"standard","meta":{"_seopress_robots_primary_cat":"","_seopress_titles_title":"","_seopress_titles_desc":"","_seopress_robots_index":"","footnotes":""},"categories":[51],"tags":[],"class_list":["post-6116","post","type-post","status-publish","format-standard","has-post-thumbnail","hentry","category-musica"],"_links":{"self":[{"href":"https:\/\/mussicom.com\/noticias\/wp-json\/wp\/v2\/posts\/6116","targetHints":{"allow":["GET"]}}],"collection":[{"href":"https:\/\/mussicom.com\/noticias\/wp-json\/wp\/v2\/posts"}],"about":[{"href":"https:\/\/mussicom.com\/noticias\/wp-json\/wp\/v2\/types\/post"}],"author":[{"embeddable":true,"href":"https:\/\/mussicom.com\/noticias\/wp-json\/wp\/v2\/users\/5"}],"replies":[{"embeddable":true,"href":"https:\/\/mussicom.com\/noticias\/wp-json\/wp\/v2\/comments?post=6116"}],"version-history":[{"count":0,"href":"https:\/\/mussicom.com\/noticias\/wp-json\/wp\/v2\/posts\/6116\/revisions"}],"wp:featuredmedia":[{"embeddable":true,"href":"https:\/\/mussicom.com\/noticias\/wp-json\/wp\/v2\/media\/6118"}],"wp:attachment":[{"href":"https:\/\/mussicom.com\/noticias\/wp-json\/wp\/v2\/media?parent=6116"}],"wp:term":[{"taxonomy":"category","embeddable":true,"href":"https:\/\/mussicom.com\/noticias\/wp-json\/wp\/v2\/categories?post=6116"},{"taxonomy":"post_tag","embeddable":true,"href":"https:\/\/mussicom.com\/noticias\/wp-json\/wp\/v2\/tags?post=6116"}],"curies":[{"name":"wp","href":"https:\/\/api.w.org\/{rel}","templated":true}]}}