{"id":61130,"date":"2026-02-03T16:46:14","date_gmt":"2026-02-03T19:46:14","guid":{"rendered":"https:\/\/mussicom.com\/saude-anuncia-3-mil-vagas-de-residencia-e-900-para-especialistas\/"},"modified":"2026-02-03T16:46:14","modified_gmt":"2026-02-03T19:46:14","slug":"saude-anuncia-3-mil-vagas-de-residencia-e-900-para-especialistas","status":"publish","type":"post","link":"https:\/\/mussicom.com\/noticias\/saude-anuncia-3-mil-vagas-de-residencia-e-900-para-especialistas\/","title":{"rendered":"Sa\u00fade anuncia 3 mil vagas de resid\u00eancia e 900 para especialistas"},"content":{"rendered":"<p> <br \/>\n<\/p>\n<div>\n<p>O Minist\u00e9rio da Sa\u00fade lan\u00e7ou nesta ter\u00e7a-feira (3) edital para a oferta de 3 mil vagas de resid\u00eancia m\u00e9dica. Com a contrata\u00e7\u00e3o, o governo federal passa a responder por mais de 60% do total de residentes no pa\u00eds, o equivalente a 35 mil profissionais. O investimento, segundo a pasta, ser\u00e1 de R$ 3 bilh\u00f5es.<img decoding=\"async\" src=\"https:\/\/agenciabrasil.ebc.com.br\/ebc.gif?id=1676919&amp;o=node\" style=\"width:1px; height:1px; display:inline;\"\/><\/p>\n<p><strong>Em nota, o minist\u00e9rio informou que as bolsas financiadas pelo governo federal ser\u00e3o voltadas para \u00e1reas classificadas como priorit\u00e1rias dentro do Sistema \u00danico de Sa\u00fade (SUS).<\/strong> A estrat\u00e9gia, segundo a pasta, consiste em ampliar a oferta e a distribui\u00e7\u00e3o desses profissionais no pa\u00eds.<\/p>\n<p>\u201cCom essa pol\u00edtica, que integra o programa Agora Tem Especialistas, a pasta foi respons\u00e1vel, em conjunto com o Minist\u00e9rio da Educa\u00e7\u00e3o, pela cria\u00e7\u00e3o de 806 novos programas de resid\u00eancia m\u00e9dica, impactando na amplia\u00e7\u00e3o da forma\u00e7\u00e3o de m\u00e9dicos especialistas no pa\u00eds\u201d, informa o minist\u00e9rio.<\/p>\n<p><strong>Dados do Minist\u00e9rio da Sa\u00fade mostram que, ao longo do \u00faltimo ano, houve um crescimento de cerca de 15% no n\u00famero de vagas em cirurgia oncol\u00f3gica e em neurologia pedi\u00e1trica.<\/strong> Em oftalmologia, o crescimento foi de 14% e em radioterapia, de 10%.<\/p>\n<p>&gt;&gt; Siga o canal da<strong> Ag\u00eancia Brasil <\/strong>no WhatsApp<\/p>\n<h2>Especialistas<\/h2>\n<p>A pasta lan\u00e7ou ainda edital que prev\u00ea a sele\u00e7\u00e3o de 900 m\u00e9dicos especialistas, distribu\u00eddos em 16 especialidades priorit\u00e1rias, como anestesiologia, cirurgia geral, radiologia, mastologia, ginecologia e oncologia cl\u00ednica. O foco de atua\u00e7\u00e3o dos profissionais ser\u00e3o regi\u00f5es remotas, de alta demanda e maior vulnerabilidade social.<\/p>\n<p><strong>\u201cAtualmente, s\u00e3o 583 m\u00e9dicos especialistas atuando no programa em todas as regi\u00f5es do pa\u00eds e, com o novo edital, a expectativa \u00e9 chegar a 1.500 profissionais. A maior parte atua no interior (48,7%) e nas regi\u00f5es metropolitanas (34%)\u201d, informou a pasta.<\/strong><\/p>\n<p>Em coletiva de imprensa, o ministro da Sa\u00fade, Alexandre Padilha, destacou que n\u00e3o se tratam de a\u00e7\u00f5es isoladas, mas de uma s\u00e9rie de pol\u00edticas voltadas para a forma\u00e7\u00e3o profissional em sa\u00fade, em parceria com o Minist\u00e9rio da Educa\u00e7\u00e3o.<\/p>\n<blockquote>\n<p>\u201cEstamos enfrentando dois grandes desafios no Sistema \u00danico de Sa\u00fade do nosso pa\u00eds hoje. O primeiro \u00e9 a pr\u00f3pria forma\u00e7\u00e3o profissional, em especial, dos profissionais de ensino superior em sa\u00fade, a forma\u00e7\u00e3o especializada. Tanto a especializa\u00e7\u00e3o, a resid\u00eancia m\u00e9dica, quanto a forma\u00e7\u00e3o multiprofissional\u201d, explicou.<\/p>\n<\/blockquote>\n<p>\u201cA gente n\u00e3o faz sistema de sa\u00fade sem bons profissionais formados, sem\u00a0 qualifica\u00e7\u00e3o permanente, sem atualiza\u00e7\u00e3o permanente desses profissionais. E sem as nossas institui\u00e7\u00f5es formadoras se abrirem para isso\u201d, disse Padilha.<\/p>\n<p>      <!-- Relacionada --><\/p>\n<p>            <!-- Relacionada -->\n    <\/div>\n<p><br \/>\n<br \/>Fonte: <a href=\"https:\/\/agenciabrasil.ebc.com.br\/saude\/noticia\/2026-02\/saude-anuncia-3-mil-vagas-de-residencia-e-900-para-especialistas\">Ag\u00eancia Brasil<\/a><\/p>\n","protected":false},"excerpt":{"rendered":"<p>O Minist\u00e9rio da Sa\u00fade lan\u00e7ou nesta ter\u00e7a-feira (3) edital para a oferta de 3 mil vagas de resid\u00eancia m\u00e9dica. Com a contrata\u00e7\u00e3o, o governo federal passa a responder por mais de 60% do total de residentes no pa\u00eds, o equivalente a 35 mil profissionais. O investimento, segundo a pasta, ser\u00e1 de R$ 3 bilh\u00f5es. Em [&hellip;]<\/p>\n","protected":false},"author":5,"featured_media":61131,"comment_status":"open","ping_status":"open","sticky":false,"template":"","format":"standard","meta":{"_seopress_robots_primary_cat":"","_seopress_titles_title":"","_seopress_titles_desc":"","_seopress_robots_index":"","footnotes":""},"categories":[46],"tags":[],"class_list":["post-61130","post","type-post","status-publish","format-standard","has-post-thumbnail","hentry","category-saude"],"_links":{"self":[{"href":"https:\/\/mussicom.com\/noticias\/wp-json\/wp\/v2\/posts\/61130","targetHints":{"allow":["GET"]}}],"collection":[{"href":"https:\/\/mussicom.com\/noticias\/wp-json\/wp\/v2\/posts"}],"about":[{"href":"https:\/\/mussicom.com\/noticias\/wp-json\/wp\/v2\/types\/post"}],"author":[{"embeddable":true,"href":"https:\/\/mussicom.com\/noticias\/wp-json\/wp\/v2\/users\/5"}],"replies":[{"embeddable":true,"href":"https:\/\/mussicom.com\/noticias\/wp-json\/wp\/v2\/comments?post=61130"}],"version-history":[{"count":0,"href":"https:\/\/mussicom.com\/noticias\/wp-json\/wp\/v2\/posts\/61130\/revisions"}],"wp:featuredmedia":[{"embeddable":true,"href":"https:\/\/mussicom.com\/noticias\/wp-json\/wp\/v2\/media\/61131"}],"wp:attachment":[{"href":"https:\/\/mussicom.com\/noticias\/wp-json\/wp\/v2\/media?parent=61130"}],"wp:term":[{"taxonomy":"category","embeddable":true,"href":"https:\/\/mussicom.com\/noticias\/wp-json\/wp\/v2\/categories?post=61130"},{"taxonomy":"post_tag","embeddable":true,"href":"https:\/\/mussicom.com\/noticias\/wp-json\/wp\/v2\/tags?post=61130"}],"curies":[{"name":"wp","href":"https:\/\/api.w.org\/{rel}","templated":true}]}}