{"id":61115,"date":"2026-02-03T14:53:37","date_gmt":"2026-02-03T17:53:37","guid":{"rendered":"https:\/\/mussicom.com\/pt-assinara-pedidos-de-cpi-do-banco-master-diz-lider-na-camara\/"},"modified":"2026-02-03T14:53:37","modified_gmt":"2026-02-03T17:53:37","slug":"pt-assinara-pedidos-de-cpi-do-banco-master-diz-lider-na-camara","status":"publish","type":"post","link":"https:\/\/mussicom.com\/noticias\/pt-assinara-pedidos-de-cpi-do-banco-master-diz-lider-na-camara\/","title":{"rendered":"PT assinar\u00e1 pedidos de CPI do Banco Master, diz l\u00edder na C\u00e2mara"},"content":{"rendered":"<p> <br \/>\n<\/p>\n<div id=\"tp-post-content\">\n<p class=\"postParagraph_post-paragraph__juWZN postParagraph_post-paragraph-innerHtml__Q5vwc\">O l\u00edder do PT na C\u00e2mara dos Deputados, Lindbergh Farias (RJ) anunciou, nesta ter\u00e7a-feira (3), que a bancada do partido na C\u00e2mara dos Deputados ir\u00e1 assinar um pedido de instaura\u00e7\u00e3o de Comiss\u00e3o Parlamentar Mista de Inqu\u00e9rito (CPMI) e um pedido de instaura\u00e7\u00e3o de Comiss\u00e3o Parlamentar de Inqu\u00e9rito (CPI), ambos para apurar o caso do Banco Master.<\/p>\n<p class=\"postParagraph_post-paragraph__juWZN postParagraph_post-paragraph-innerHtml__Q5vwc\">&#8220;N\u00f3s vamos assinar tanto a CPI da C\u00e2mara, do Rollemberg, quanto a CPMI da Helo\u00edsa Helena e da Fernanda Melchionna. [&#8230;] N\u00f3s n\u00e3o vamos entrar na defensiva num assunto que \u00e9 o governo que est\u00e1 apurando&#8221;, declarou, em seu \u00faltimo dia de lideran\u00e7a do PT na C\u00e2mara. A fun\u00e7\u00e3o ser\u00e1, agora, de Pedro Uczai (SC).<\/p>\n<p class=\"postParagraph_post-paragraph__juWZN postParagraph_post-paragraph-innerHtml__Q5vwc\">O pedido de CPMI, \u00f3rg\u00e3o que inclui senadores e deputados, foi apresentado pelas deputadas Fernanda Melchionna (PSOL-RS) e Helo\u00edsa Helena (Rede-RJ). J\u00e1 o pedido de CPI \u00e9 de autoria do deputado Rodrigo Rollemberg (PSB-DF) e j\u00e1 soma 201 assinaturas. Lindbergh, por\u00e9m, acrescentou que o partido n\u00e3o assinar\u00e1 um requerimento de mesmo teor formulado pelo deputado Carlos Jordy (PL-RJ).<\/p>\n<div class=\"postViewMore_post-view-more-container___5wai\" data-mrf-recirculation=\"Post - Veja tamb\u00e9m\">\n<p class=\"gp-styles-module-size-small-afeYRa gp-styles-module-font-family2-afeYRa gp-styles-module-color-secondary-afeYRa gp-styles-module-weight-bold-afeYRa\">VEJA TAMB\u00c9M:<\/p>\n<ul class=\"postViewMore_post-view-more-list__CU_CE\">\n<li class=\"postViewMore_post-view-more-item__2MzRb\"><span class=\"postViewMore_post-view-more-link-icon___stPC\"><svg xmlns=\"http:\/\/www.w3.org\/2000\/svg\" width=\"16\" height=\"16\" viewbox=\"0 0 16 16\"><rect width=\"16\" height=\"16\" fill=\"none\"\/><g transform=\"translate(3 3)\"><path d=\"M22.5,15l3.4,3.4-3.4,3.4\" transform=\"translate(-15.896 -11.793)\" fill=\"none\" stroke=\"#717171\" stroke-linecap=\"round\" stroke-width=\"1.4\"\/><path d=\"M6,6v4.2a2.452,2.452,0,0,0,2.5,2.4H16\" transform=\"translate(-6 -6)\" fill=\"none\" stroke=\"#717171\" stroke-linecap=\"round\" stroke-width=\"1.4\"\/><\/g><\/svg><\/span><span class=\"postViewMore_post-view-more-link-text__hO_kM\">PF prende ex-presidente da Rioprevid\u00eancia por aplicar R$ 970 milh\u00f5es no Banco Master<\/span><\/li>\n<li class=\"postViewMore_post-view-more-item__2MzRb\"><span class=\"postViewMore_post-view-more-link-icon___stPC\"><svg xmlns=\"http:\/\/www.w3.org\/2000\/svg\" width=\"16\" height=\"16\" viewbox=\"0 0 16 16\"><rect width=\"16\" height=\"16\" fill=\"none\"\/><g transform=\"translate(3 3)\"><path d=\"M22.5,15l3.4,3.4-3.4,3.4\" transform=\"translate(-15.896 -11.793)\" fill=\"none\" stroke=\"#717171\" stroke-linecap=\"round\" stroke-width=\"1.4\"\/><path d=\"M6,6v4.2a2.452,2.452,0,0,0,2.5,2.4H16\" transform=\"translate(-6 -6)\" fill=\"none\" stroke=\"#717171\" stroke-linecap=\"round\" stroke-width=\"1.4\"\/><\/g><\/svg><\/span><span class=\"postViewMore_post-view-more-link-text__hO_kM\">PF abre inqu\u00e9rito para investigar neg\u00f3cios do BRB com o Banco Master<\/span><\/li>\n<\/ul>\n<\/div>\n<h2 class=\"postParagraph_post-paragraph__juWZN postParagraph_post-paragraph-innerHtml__Q5vwc postParagraph_type-tag-h2__TtFkT\">Relembre o caso Master<\/h2>\n<p class=\"postParagraph_post-paragraph__juWZN postParagraph_post-paragraph-innerHtml__Q5vwc\">O caso Master iniciou com duas frentes distintas: enquanto o Banco Central do Brasil (BC) anunciava a liquida\u00e7\u00e3o extrajudicial da institui\u00e7\u00e3o, a Pol\u00edcia Federal deflagrava a Opera\u00e7\u00e3o Compliance Zero e prendia o dono, Daniel Vorcaro, no aeroporto de Guarulhos.  O caso ainda envolve o Banco de Bras\u00edlia (BRB), que chegou a comprar carteiras de cr\u00e9dito que, mais tarde, se mostrariam fraudulentas.<\/p>\n<p class=\"postParagraph_post-paragraph__juWZN postParagraph_post-paragraph-innerHtml__Q5vwc\">Em 21 de janeiro, o BC anunciou a liquida\u00e7\u00e3o do Will Bank, ligado ao Master. Somando os dois bancos, o Fundo Garantidor de Cr\u00e9ditos (FGC) arcar\u00e1 com um rombo de R$ 47,3 bilh\u00f5es.<\/p>\n<p class=\"postParagraph_post-paragraph__juWZN postParagraph_post-paragraph-innerHtml__Q5vwc\">As investiga\u00e7\u00f5es levaram ainda a descobertas sobre a rela\u00e7\u00e3o entre Vorcaro e o ministro do Supremo Tribunal Federal (STF) Dias Toffoli, relator do caso na Corte. Ap\u00f3s determinar sigilo nas investiga\u00e7\u00f5es, mandar que as provas fossem remetidas ao pr\u00e9dio do Supremo e buscar escolher peritos para apurar o material apreendido, Toffoli foi alvo de reportagens investigativas que revelaram o Resort Tayay\u00e1, conhecido em Ribeir\u00e3o Claro (PR) como &#8220;resort do Toffoli&#8221;.  Fundado pela fam\u00edlia do ministro, o local j\u00e1 passou por transa\u00e7\u00f5es ligadas a um cunhado de Vorcaro.<\/p>\n<\/div>\n<p><br \/>\n<br \/>Fonte: <a href=\"https:\/\/www.gazetadopovo.com.br\/republica\/pt-assinara-pedidos-de-cpi-do-banco-master-diz-lider-na-camara\/\">Revista Oeste<\/a><\/p>\n","protected":false},"excerpt":{"rendered":"<p>O l\u00edder do PT na C\u00e2mara dos Deputados, Lindbergh Farias (RJ) anunciou, nesta ter\u00e7a-feira (3), que a bancada do partido na C\u00e2mara dos Deputados ir\u00e1 assinar um pedido de instaura\u00e7\u00e3o de Comiss\u00e3o Parlamentar Mista de Inqu\u00e9rito (CPMI) e um pedido de instaura\u00e7\u00e3o de Comiss\u00e3o Parlamentar de Inqu\u00e9rito (CPI), ambos para apurar o caso do Banco [&hellip;]<\/p>\n","protected":false},"author":5,"featured_media":61116,"comment_status":"open","ping_status":"open","sticky":false,"template":"","format":"standard","meta":{"_seopress_robots_primary_cat":"","_seopress_titles_title":"","_seopress_titles_desc":"","_seopress_robots_index":"","footnotes":""},"categories":[1],"tags":[],"class_list":["post-61115","post","type-post","status-publish","format-standard","has-post-thumbnail","hentry","category-ultimas-noticias"],"_links":{"self":[{"href":"https:\/\/mussicom.com\/noticias\/wp-json\/wp\/v2\/posts\/61115","targetHints":{"allow":["GET"]}}],"collection":[{"href":"https:\/\/mussicom.com\/noticias\/wp-json\/wp\/v2\/posts"}],"about":[{"href":"https:\/\/mussicom.com\/noticias\/wp-json\/wp\/v2\/types\/post"}],"author":[{"embeddable":true,"href":"https:\/\/mussicom.com\/noticias\/wp-json\/wp\/v2\/users\/5"}],"replies":[{"embeddable":true,"href":"https:\/\/mussicom.com\/noticias\/wp-json\/wp\/v2\/comments?post=61115"}],"version-history":[{"count":0,"href":"https:\/\/mussicom.com\/noticias\/wp-json\/wp\/v2\/posts\/61115\/revisions"}],"wp:featuredmedia":[{"embeddable":true,"href":"https:\/\/mussicom.com\/noticias\/wp-json\/wp\/v2\/media\/61116"}],"wp:attachment":[{"href":"https:\/\/mussicom.com\/noticias\/wp-json\/wp\/v2\/media?parent=61115"}],"wp:term":[{"taxonomy":"category","embeddable":true,"href":"https:\/\/mussicom.com\/noticias\/wp-json\/wp\/v2\/categories?post=61115"},{"taxonomy":"post_tag","embeddable":true,"href":"https:\/\/mussicom.com\/noticias\/wp-json\/wp\/v2\/tags?post=61115"}],"curies":[{"name":"wp","href":"https:\/\/api.w.org\/{rel}","templated":true}]}}