{"id":61108,"date":"2026-02-03T13:49:43","date_gmt":"2026-02-03T16:49:43","guid":{"rendered":"https:\/\/mussicom.com\/encontro-anual-de-carros-antigos-de-pg-ja-tem-data-para-acontecer-dias-7-e-8-de-fevereiro\/"},"modified":"2026-02-03T13:49:43","modified_gmt":"2026-02-03T16:49:43","slug":"encontro-anual-de-carros-antigos-de-pg-ja-tem-data-para-acontecer-dias-7-e-8-de-fevereiro","status":"publish","type":"post","link":"https:\/\/mussicom.com\/noticias\/encontro-anual-de-carros-antigos-de-pg-ja-tem-data-para-acontecer-dias-7-e-8-de-fevereiro\/","title":{"rendered":"Encontro Anual de Carros Antigos de PG j\u00e1 tem data para acontecer: \u00a0dias 7 e 8 de fevereiro"},"content":{"rendered":"<p> <br \/>\n<\/p>\n<div id=\"texto\">\n<p>Muita nostalgia vem a\u00ed no primeiro final de semana de fevereiro em \u00a0Praia Grande! Acontece neste s\u00e1bado e domingo (7 e 8), das 08 \u00e0s 18 \u00a0horas, o Encontro Anual de Carros Antigos de Praia Grande, evento que \u00a0promete agitar o Pavilh\u00e3o de Eventos Jair Rodrigues.<\/p>\n<p>\u00a0<\/p>\n<p>Em sua oitava \u00a0edi\u00e7\u00e3o, a expectativa da organiza\u00e7\u00e3o, realizada pelo Clube Antigos do \u00a0Litoral e apoio da Administra\u00e7\u00e3o Municipal, \u00e9 receber mais de 1.500 \u00a0carros ao longo das 20 horas de atividades. Mais uma vez, a entrada \u00e9 \u00a0gratuita, por\u00e9m \u00e9 sugerida a doa\u00e7\u00e3o de 1 quilo de alimento n\u00e3o \u00a0perec\u00edvel, que ser\u00e1 destinada ao Fundo Social de Solidariedade do \u00a0Munic\u00edpio.<\/p>\n<p>\u00a0<\/p>\n<p>O presidente do Clube Antigos do Litoral, Roque Dirceu Vieira Junior, \u00a0explica que muitas atra\u00e7\u00f5es estar\u00e3o presentes em 2026, como a R\u00e1dio \u00a0Vitrola &#8211; conhecida por trazer m\u00fasicas e comerciais de \u00e9poca, pra\u00e7a de \u00a0alimenta\u00e7\u00e3o com diversas op\u00e7\u00f5es e barracas de \u2018pulga\u2019, venda de \u00a0camisetas, carrinhos em tamanho miniaturas e quadros decorativos. \u00a0\u201cEsse evento \u00e9 o maior e mais esperado do segmento da Baixada \u00a0Santista\u201d, afirmou.<\/p>\n<p>\u00a0<\/p>\n<p>Aos que queiram expor seu ve\u00edculo no evento, Junior diz que ter\u00e3o \u00a0dispon\u00edveis cerca de 100 a 120 vagas na parte interna (por ordem de \u00a0chegada), a partir da v\u00e9spera do evento (06), al\u00e9m das vagas \u00a0dispon\u00edveis no estacionamento externo (tamb\u00e9m ocupadas por ordem de \u00a0chegada), sendo necess\u00e1rio que os participantes realizem doa\u00e7\u00e3o de 2 \u00a0quilos de alimentos n\u00e3o perec\u00edveis.<\/p>\n<p>\u00a0<\/p>\n<p>O secret\u00e1rio de Cultura e Turismo de Praia Grande, Mauricio Petiz, \u00a0conta que o evento \u00e9 extremamente procurado pelas fam\u00edlias. \u201cPodemos \u00a0dizer que o Encontro j\u00e1 virou uma tradi\u00e7\u00e3o em nossa Cidade, com pais e \u00a0filhos, av\u00f3s e netos e amigos tendo este momento especial de relembrar \u00a0e conhecerem juntos essas rel\u00edquias do mundo automotivo. \u00c9 um evento \u00a0que faz parte do nosso calend\u00e1rio oficial e esperamos novamente \u00a0milhares de pessoas no Pavilh\u00e3o de Eventos Jair Rodrigues\u201d, completou.<\/p>\n<p>\u00a0<\/p>\n<p><strong>Endere\u00e7o \u2013 <\/strong>O Pavilh\u00e3o de Eventos Jair Rodrigues fica localizado na \u00a0Avenida Ministro Marcos Freire, altura do viaduto 08 da Via Expressa \u00a0Sul.<\/p>\n<\/p><\/div>\n<p><script async defer crossorigin=\"anonymous\" src=\"https:\/\/connect.facebook.net\/pt_BR\/sdk.js#xfbml=1&#038;version=v12.0&#038;appId=&#038;autoLogAppEvents=1\" nonce=\"ou0fI1lo\"><\/script><br \/>\n<br \/><br \/>\n<br \/>Fonte: <a href=\"https:\/\/www.bs9.com.br\/litoral\/encontro-anual-de-carros-antigos-de-pg-ja-tem-data-para-acontecer\/37462\/\">BS9<\/a><\/p>\n","protected":false},"excerpt":{"rendered":"<p>Muita nostalgia vem a\u00ed no primeiro final de semana de fevereiro em \u00a0Praia Grande! Acontece neste s\u00e1bado e domingo (7 e 8), das 08 \u00e0s 18 \u00a0horas, o Encontro Anual de Carros Antigos de Praia Grande, evento que \u00a0promete agitar o Pavilh\u00e3o de Eventos Jair Rodrigues. \u00a0 Em sua oitava \u00a0edi\u00e7\u00e3o, a expectativa da organiza\u00e7\u00e3o, [&hellip;]<\/p>\n","protected":false},"author":5,"featured_media":61109,"comment_status":"open","ping_status":"open","sticky":false,"template":"","format":"standard","meta":{"_seopress_robots_primary_cat":"","_seopress_titles_title":"","_seopress_titles_desc":"","_seopress_robots_index":"","footnotes":""},"categories":[52],"tags":[],"class_list":["post-61108","post","type-post","status-publish","format-standard","has-post-thumbnail","hentry","category-santoseregiao"],"_links":{"self":[{"href":"https:\/\/mussicom.com\/noticias\/wp-json\/wp\/v2\/posts\/61108","targetHints":{"allow":["GET"]}}],"collection":[{"href":"https:\/\/mussicom.com\/noticias\/wp-json\/wp\/v2\/posts"}],"about":[{"href":"https:\/\/mussicom.com\/noticias\/wp-json\/wp\/v2\/types\/post"}],"author":[{"embeddable":true,"href":"https:\/\/mussicom.com\/noticias\/wp-json\/wp\/v2\/users\/5"}],"replies":[{"embeddable":true,"href":"https:\/\/mussicom.com\/noticias\/wp-json\/wp\/v2\/comments?post=61108"}],"version-history":[{"count":0,"href":"https:\/\/mussicom.com\/noticias\/wp-json\/wp\/v2\/posts\/61108\/revisions"}],"wp:featuredmedia":[{"embeddable":true,"href":"https:\/\/mussicom.com\/noticias\/wp-json\/wp\/v2\/media\/61109"}],"wp:attachment":[{"href":"https:\/\/mussicom.com\/noticias\/wp-json\/wp\/v2\/media?parent=61108"}],"wp:term":[{"taxonomy":"category","embeddable":true,"href":"https:\/\/mussicom.com\/noticias\/wp-json\/wp\/v2\/categories?post=61108"},{"taxonomy":"post_tag","embeddable":true,"href":"https:\/\/mussicom.com\/noticias\/wp-json\/wp\/v2\/tags?post=61108"}],"curies":[{"name":"wp","href":"https:\/\/api.w.org\/{rel}","templated":true}]}}