{"id":61107,"date":"2026-02-03T13:46:23","date_gmt":"2026-02-03T16:46:23","guid":{"rendered":"https:\/\/mussicom.com\/quem-e-dario-durigan-o-mais-provavel-sucessor-de-haddad\/"},"modified":"2026-02-03T13:46:23","modified_gmt":"2026-02-03T16:46:23","slug":"quem-e-dario-durigan-o-mais-provavel-sucessor-de-haddad","status":"publish","type":"post","link":"https:\/\/mussicom.com\/noticias\/quem-e-dario-durigan-o-mais-provavel-sucessor-de-haddad\/","title":{"rendered":"Quem \u00e9 Dario Durigan, o mais prov\u00e1vel sucessor de Haddad"},"content":{"rendered":"<p> <br \/>\n<\/p>\n<div id=\"tp-post-content\">\n<p class=\"postParagraph_post-paragraph__juWZN postParagraph_post-paragraph-innerHtml__Q5vwc\">Reservado e de forma\u00e7\u00e3o t\u00e9cnica, o atual secret\u00e1rio-executivo da Fazenda, Dario Durigan, de 41 anos, desponta como o nome mais cotado para assumir o comando da pol\u00edtica econ\u00f4mica no governo Lula em um ano eleitoral.<\/p>\n<p class=\"postParagraph_post-paragraph__juWZN postParagraph_post-paragraph-innerHtml__Q5vwc\">A sinaliza\u00e7\u00e3o feita pelo pr\u00f3prio titular da pasta, Fernando Haddad, de que deve deixar o minist\u00e9rio em fevereiro \u2014 ainda com futuro pol\u00edtico indefinido \u2014 indica uma aposta na continuidade da estrat\u00e9gia fiscal adotada desde o in\u00edcio do governo. A linha mantida at\u00e9 aqui combina intensa articula\u00e7\u00e3o pol\u00edtica, foco na recomposi\u00e7\u00e3o de receitas e aus\u00eancia de enfrentamento direto do crescimento do gasto p\u00fablico.<\/p>\n<p class=\"postParagraph_post-paragraph__juWZN postParagraph_post-paragraph-innerHtml__Q5vwc\">A eventual nomea\u00e7\u00e3o \u00e9 interpretada como um movimento para evitar sobressaltos. O desgaste acumulado por Haddad, os ru\u00eddos recorrentes com o mercado e o aumento do custo pol\u00edtico de novas medidas ao longo da gest\u00e3o levaram o governo a buscar um perfil negociador, capaz de preservar o arcabou\u00e7o fiscal e recompor pontes com Parlamento e investidores sem turbul\u00eancia.<\/p>\n<p class=\"postParagraph_post-paragraph__juWZN postParagraph_post-paragraph-innerHtml__Q5vwc\">No Planalto, Durigan \u00e9 visto como um nome que \u201cn\u00e3o cria crises\u201d. Mant\u00e9m rela\u00e7\u00e3o respeitosa, ainda que n\u00e3o pr\u00f3xima, com o presidente Lula e bom tr\u00e2nsito com a Casa Civil. No Congresso, sua atua\u00e7\u00e3o \u00e9 pragm\u00e1tica. N\u00e3o integra o n\u00facleo hist\u00f3rico do PT nem possui trajet\u00f3ria partid\u00e1ria relevante \u2013 o que reduz resist\u00eancias ideol\u00f3gicas, mas exige habilidade. Sua estrat\u00e9gia \u00e9 evitar disputas p\u00fablicas.<\/p>\n<p class=\"postParagraph_post-paragraph__juWZN postParagraph_post-paragraph-innerHtml__Q5vwc\">Tamb\u00e9m na Faria Lima, a leitura sobre Durigan j\u00e1 est\u00e1 relativamente consolidada. Analistas e investidores esperam uma condu\u00e7\u00e3o t\u00e9cnica e previs\u00edvel, focada na execu\u00e7\u00e3o do que j\u00e1 est\u00e1 contratado, sem mudan\u00e7as bruscas na pol\u00edtica econ\u00f4mica.<\/p>\n<p class=\"postParagraph_post-paragraph__juWZN postParagraph_post-paragraph-innerHtml__Q5vwc\">\u201cDo ponto de vista econ\u00f4mico, n\u00e3o muda nada\u201d, afirma o economista-chefe da MB Associados, Sergio Vale. O novo ministro, diz, ter\u00e1 um \u201cprazo supercurto\u201d para apresentar qualquer iniciativa, j\u00e1 que o calend\u00e1rio eleitoral costuma paralisar a m\u00e1quina p\u00fablica. A tend\u00eancia \u00e9 de simples execu\u00e7\u00e3o do que j\u00e1 foi decidido.<\/p>\n<div class=\"postViewMore_post-view-more-container___5wai\" data-mrf-recirculation=\"Post - Veja tamb\u00e9m\">\n<p class=\"gp-styles-module-size-small-afeYRa gp-styles-module-font-family2-afeYRa gp-styles-module-color-secondary-afeYRa gp-styles-module-weight-bold-afeYRa\">VEJA TAMB\u00c9M:<\/p>\n<ul class=\"postViewMore_post-view-more-list__CU_CE\">\n<li class=\"postViewMore_post-view-more-item__2MzRb\"><span class=\"postViewMore_post-view-more-link-icon___stPC\"><svg xmlns=\"http:\/\/www.w3.org\/2000\/svg\" width=\"16\" height=\"16\" viewbox=\"0 0 16 16\"><rect width=\"16\" height=\"16\" fill=\"none\"\/><g transform=\"translate(3 3)\"><path d=\"M22.5,15l3.4,3.4-3.4,3.4\" transform=\"translate(-15.896 -11.793)\" fill=\"none\" stroke=\"#717171\" stroke-linecap=\"round\" stroke-width=\"1.4\"\/><path d=\"M6,6v4.2a2.452,2.452,0,0,0,2.5,2.4H16\" transform=\"translate(-6 -6)\" fill=\"none\" stroke=\"#717171\" stroke-linecap=\"round\" stroke-width=\"1.4\"\/><\/g><\/svg><\/span><span class=\"postViewMore_post-view-more-link-text__hO_kM\">Haddad deixar\u00e1 Fazenda ainda neste m\u00eas e tentar\u00e1 emplacar atual secret\u00e1rio-executivo<\/span><\/li>\n<li class=\"postViewMore_post-view-more-item__2MzRb\"><span class=\"postViewMore_post-view-more-link-icon___stPC\"><svg xmlns=\"http:\/\/www.w3.org\/2000\/svg\" width=\"16\" height=\"16\" viewbox=\"0 0 16 16\"><rect width=\"16\" height=\"16\" fill=\"none\"\/><g transform=\"translate(3 3)\"><path d=\"M22.5,15l3.4,3.4-3.4,3.4\" transform=\"translate(-15.896 -11.793)\" fill=\"none\" stroke=\"#717171\" stroke-linecap=\"round\" stroke-width=\"1.4\"\/><path d=\"M6,6v4.2a2.452,2.452,0,0,0,2.5,2.4H16\" transform=\"translate(-6 -6)\" fill=\"none\" stroke=\"#717171\" stroke-linecap=\"round\" stroke-width=\"1.4\"\/><\/g><\/svg><\/span><span class=\"postViewMore_post-view-more-link-text__hO_kM\">De sa\u00edda da Fazenda, Haddad abre disputa por sucess\u00e3o e pode voltar \u00e0s urnas \u2013 mas n\u00e3o quer<\/span><\/li>\n<\/ul>\n<\/div>\n<h2 class=\"postParagraph_post-paragraph__juWZN postParagraph_post-paragraph-innerHtml__Q5vwc postParagraph_type-tag-h2__TtFkT\">Sucess\u00e3o ocorre em meio a press\u00e3o sobre gastos p\u00fablicos<\/h2>\n<p class=\"postParagraph_post-paragraph__juWZN postParagraph_post-paragraph-innerHtml__Q5vwc\">Avalia\u00e7\u00e3o semelhante faz Thiago Sbardelotto, analista da XP Investimentos. Segundo ele, a pol\u00edtica econ\u00f4mica de 2026 j\u00e1 est\u00e1 praticamente fechada, com as principais diretrizes aprovadas pelo Congresso.<\/p>\n<p class=\"postParagraph_post-paragraph__juWZN postParagraph_post-paragraph-innerHtml__Q5vwc\">O ponto \u00e9 que a escolha tende a aprofundar a principal fragilidade da gest\u00e3o Haddad: a dificuldade de enfrentar o crescimento do gasto p\u00fablico. Embora aprovado com ampla maioria, o arcabou\u00e7o fiscal n\u00e3o conseguiu estabilizar a trajet\u00f3ria da d\u00edvida, que atingiu 78,7% do PIB em dezembro, segundo dados do Banco Central.<\/p>\n<p class=\"postParagraph_post-paragraph__juWZN postParagraph_post-paragraph-innerHtml__Q5vwc\">O arcabou\u00e7o s\u00f3 tem sido cumprido gra\u00e7as \u00e0 exclus\u00e3o de despesas da meta fiscal. At\u00e9 o ano passado, o governo j\u00e1 somava R$ 336,9 bilh\u00f5es em despesas retiradas das regras fiscais desde o in\u00edcio do mandato. Assim, o enfrentamento estrutural do desequil\u00edbrio fiscal e a credibilidade da pol\u00edtica econ\u00f4mica tendem a continuar sendo empurrados para depois de 2026.<\/p>\n<p class=\"postParagraph_post-paragraph__juWZN postParagraph_post-paragraph-innerHtml__Q5vwc\">&#8220;Mais do que continuidade administrativa, a sucess\u00e3o de Haddad escancara o limite da autonomia t\u00e9cnica no atual governo, em que a palavra final permanece concentrada nas m\u00e3os do presidente Lula, que n\u00e3o tem sabidamente convic\u00e7\u00e3o pelo ajuste&#8221;,  diz o economista Alexandre Manoel, s\u00f3cio da consultoria Global Intelligence and Analytics .<\/p>\n<h2 class=\"postParagraph_post-paragraph__juWZN postParagraph_post-paragraph-innerHtml__Q5vwc postParagraph_type-tag-h2__TtFkT\">Carreira de Durigan foi consolidada no servi\u00e7o p\u00fablico<\/h2>\n<p class=\"postParagraph_post-paragraph__juWZN postParagraph_post-paragraph-innerHtml__Q5vwc\">Advogado formado pela Universidade de S\u00e3o Paulo (USP), com mestrado em Direito e Pesquisa Jur\u00eddica pela Universidade de Bras\u00edlia (UnB), Durigan \u00e9 servidor de carreira da Advocacia-Geral da Uni\u00e3o (AGU) e homem de confian\u00e7a de Haddad.<\/p>\n<p class=\"postParagraph_post-paragraph__juWZN postParagraph_post-paragraph-innerHtml__Q5vwc\">Foram mais de 13 anos de carreira no setor p\u00fablico, onde Durigan construiu um perfil t\u00e9cnico com forte vi\u00e9s pol\u00edtico. Embora n\u00e3o seja reconhecido como quadro hist\u00f3rico do PT, sua trajet\u00f3ria se consolidou no partido.<\/p>\n<p class=\"postParagraph_post-paragraph__juWZN postParagraph_post-paragraph-innerHtml__Q5vwc\">Ap\u00f3s se formar, em 2010, atuou como coordenador de projetos na AGU, o que o credenciou para o cargo de assessor da subchefia para assuntos jur\u00eddicos da Casa Civil durante a presid\u00eancia de Dilma Rousseff (PT), entre 2011 e 2015.<\/p>\n<p class=\"postParagraph_post-paragraph__juWZN postParagraph_post-paragraph-innerHtml__Q5vwc\">A partir da\u00ed, estreitou sua rela\u00e7\u00e3o com Haddad ao atuar como assessor especial na prefeitura da capital paulista entre 2015 e 2016. Ap\u00f3s sua volta \u00e0 AGU, em 2017, deixou temporariamente o governo para atuar como diretor de Pol\u00edticas P\u00fablicas do WhatsApp no Brasil.<\/p>\n<p class=\"postParagraph_post-paragraph__juWZN postParagraph_post-paragraph-innerHtml__Q5vwc\">A passagem pelo setor privado ampliou seu tr\u00e2nsito institucional, mas n\u00e3o alterou seu papel central no grupo de confian\u00e7a de Haddad. De volta ao governo Lula, tornou-se pe\u00e7a-chave na articula\u00e7\u00e3o das principais medidas da agenda econ\u00f4mica.<\/p>\n<p class=\"postParagraph_post-paragraph__juWZN postParagraph_post-paragraph-innerHtml__Q5vwc\">Atuou nos bastidores da negocia\u00e7\u00e3o de medidas como a tributa\u00e7\u00e3o de fundos exclusivos e offshores, a revis\u00e3o parcial de benef\u00edcios fiscais e a costura pol\u00edtica para destravar vota\u00e7\u00f5es sens\u00edveis ao longo de 2023 e 2024.<\/p>\n<p class=\"postParagraph_post-paragraph__juWZN postParagraph_post-paragraph-innerHtml__Q5vwc\">At\u00e9 agora, Durigan n\u00e3o se manifestou publicamente sobre a possibilidade de assumir o Minist\u00e9rio da Fazenda. Haddad, por sua vez, tem feito elogios diretos, afirmando que o secret\u00e1rio-executivo possui \u201cconhecimento realmente abrangente\u201d e \u201cforma\u00e7\u00e3o muito s\u00f3lida\u201d, qualifica\u00e7\u00f5es que o credenciam no setor p\u00fablico.<\/p>\n<p class=\"postParagraph_post-paragraph__juWZN postParagraph_post-paragraph-innerHtml__Q5vwc\">O martelo, entretanto, ainda n\u00e3o est\u00e1 batido. Apesar das apura\u00e7\u00f5es de bastidores que apontam Durigan como o nome mais cotado para suceder Haddad, o atual ministro tem ressaltado que a escolha do sucessor caber\u00e1 exclusivamente a Lula.<\/p>\n<\/div>\n<p><br \/>\n<br \/>Fonte: <a href=\"https:\/\/www.gazetadopovo.com.br\/economia\/quem-e-dario-durigan-cotado-vaga-fernando-haddad-ministro-fazenda\/\">Gazeta do Povo<\/a><\/p>\n","protected":false},"excerpt":{"rendered":"<p>Reservado e de forma\u00e7\u00e3o t\u00e9cnica, o atual secret\u00e1rio-executivo da Fazenda, Dario Durigan, de 41 anos, desponta como o nome mais cotado para assumir o comando da pol\u00edtica econ\u00f4mica no governo Lula em um ano eleitoral. A sinaliza\u00e7\u00e3o feita pelo pr\u00f3prio titular da pasta, Fernando Haddad, de que deve deixar o minist\u00e9rio em fevereiro \u2014 ainda [&hellip;]<\/p>\n","protected":false},"author":5,"featured_media":56055,"comment_status":"open","ping_status":"open","sticky":false,"template":"","format":"standard","meta":{"_seopress_robots_primary_cat":"","_seopress_titles_title":"","_seopress_titles_desc":"","_seopress_robots_index":"","footnotes":""},"categories":[45],"tags":[],"class_list":["post-61107","post","type-post","status-publish","format-standard","has-post-thumbnail","hentry","category-economia"],"_links":{"self":[{"href":"https:\/\/mussicom.com\/noticias\/wp-json\/wp\/v2\/posts\/61107","targetHints":{"allow":["GET"]}}],"collection":[{"href":"https:\/\/mussicom.com\/noticias\/wp-json\/wp\/v2\/posts"}],"about":[{"href":"https:\/\/mussicom.com\/noticias\/wp-json\/wp\/v2\/types\/post"}],"author":[{"embeddable":true,"href":"https:\/\/mussicom.com\/noticias\/wp-json\/wp\/v2\/users\/5"}],"replies":[{"embeddable":true,"href":"https:\/\/mussicom.com\/noticias\/wp-json\/wp\/v2\/comments?post=61107"}],"version-history":[{"count":0,"href":"https:\/\/mussicom.com\/noticias\/wp-json\/wp\/v2\/posts\/61107\/revisions"}],"wp:featuredmedia":[{"embeddable":true,"href":"https:\/\/mussicom.com\/noticias\/wp-json\/wp\/v2\/media\/56055"}],"wp:attachment":[{"href":"https:\/\/mussicom.com\/noticias\/wp-json\/wp\/v2\/media?parent=61107"}],"wp:term":[{"taxonomy":"category","embeddable":true,"href":"https:\/\/mussicom.com\/noticias\/wp-json\/wp\/v2\/categories?post=61107"},{"taxonomy":"post_tag","embeddable":true,"href":"https:\/\/mussicom.com\/noticias\/wp-json\/wp\/v2\/tags?post=61107"}],"curies":[{"name":"wp","href":"https:\/\/api.w.org\/{rel}","templated":true}]}}