{"id":61100,"date":"2026-02-03T12:48:33","date_gmt":"2026-02-03T15:48:33","guid":{"rendered":"https:\/\/mussicom.com\/sao-vicente-inaugura-ciclovia-da-av-tupiniquins-nesta-sexta-6-com-reuniao-do-condesb\/"},"modified":"2026-02-03T12:48:33","modified_gmt":"2026-02-03T15:48:33","slug":"sao-vicente-inaugura-ciclovia-da-av-tupiniquins-nesta-sexta-6-com-reuniao-do-condesb","status":"publish","type":"post","link":"https:\/\/mussicom.com\/noticias\/sao-vicente-inaugura-ciclovia-da-av-tupiniquins-nesta-sexta-6-com-reuniao-do-condesb\/","title":{"rendered":"S\u00e3o Vicente inaugura ciclovia da Av. Tupiniquins nesta sexta (6) com reuni\u00e3o do Condesb"},"content":{"rendered":"<p> <br \/>\n<\/p>\n<div id=\"texto\">\n<p>S\u00e3o Vicente reinaugura nesta sexta-feira (6), a partir das 8h30, a ciclovia da Avenida Tupiniquins (Japu\u00ed). O evento inicia \u00e0s 8h30, em frente \u00e0 Rocket Sea Club (Avenida Tupiniquins, 590), com posterior reuni\u00e3o do Condesb (Conselho de Desenvolvimento da Regi\u00e3o Metropolitana da Baixada Santista).<\/p>\n<p>\u00a0<\/p>\n<p>A estrutura foi revitalizada em toda a sua extens\u00e3o (1,7 km), com troca de todo o piso do trecho ciclovi\u00e1rio, drenagem e nova sinaliza\u00e7\u00e3o de solo.\u00a0<\/p>\n<p>\u00a0<\/p>\n<p>Viabilizada por meio de articula\u00e7\u00f5es do prefeito Kayo Amado enquanto presidente do Condesb, a obra gera impacto metropolitano, conectando as cidades de S\u00e3o Vicente e Praia Grande. O investimento foi destinado pela Agem (Ag\u00eancia Metropolitana da Baixada Santista).\u00a0<\/p>\n<p>\u00a0<\/p>\n<p>Realizada na Rocket, a 262\u00aa Reuni\u00e3o Ordin\u00e1ria do Condesb \u2013 \u00faltima do prefeito Kayo Amado enquanto presidente do conselho \u2013 pautar\u00e1 a atualiza\u00e7\u00e3o do Plano Metropolitano de Macrodrenagem, a presta\u00e7\u00e3o de contas referentes a 2025 do Fundo Metropolitano da Baixada Santista, a elei\u00e7\u00e3o dos novos presidente e vice-presidente e demais assuntos regionais. Est\u00e1 prevista a participa\u00e7\u00e3o da secret\u00e1ria de Meio Ambiente, Infraestrutura e Log\u00edstica do Estado, Nat\u00e1lia Resende.\u00a0<\/p>\n<p>\u00a0<\/p>\n<p><strong>Servi\u00e7o:<\/strong><br \/>&#13;<br \/>\nPauta: Inaugura\u00e7\u00e3o ciclovia da Av. Tupiniquins e 262\u00aa Reuni\u00e3o Ordin\u00e1ria do Condesb;<br \/>&#13;<br \/>\nData: Sexta-feira (6), a partir das 8h30;<br \/>&#13;<br \/>\nLocal: Avenida Tupiniquins, altura da Rocket Sea Club (n\u00ba 590).<\/p>\n<\/p><\/div>\n<p><script async defer crossorigin=\"anonymous\" src=\"https:\/\/connect.facebook.net\/pt_BR\/sdk.js#xfbml=1&#038;version=v12.0&#038;appId=&#038;autoLogAppEvents=1\" nonce=\"ou0fI1lo\"><\/script><br \/>\n<br \/><br \/>\n<br \/>Fonte: <a href=\"https:\/\/www.bs9.com.br\/litoral\/sao-vicente-inaugura-ciclovia-da-av-tupiniquins-nesta-sexta-6-com\/37463\/\">BS9<\/a><\/p>\n","protected":false},"excerpt":{"rendered":"<p>S\u00e3o Vicente reinaugura nesta sexta-feira (6), a partir das 8h30, a ciclovia da Avenida Tupiniquins (Japu\u00ed). O evento inicia \u00e0s 8h30, em frente \u00e0 Rocket Sea Club (Avenida Tupiniquins, 590), com posterior reuni\u00e3o do Condesb (Conselho de Desenvolvimento da Regi\u00e3o Metropolitana da Baixada Santista). \u00a0 A estrutura foi revitalizada em toda a sua extens\u00e3o (1,7 [&hellip;]<\/p>\n","protected":false},"author":5,"featured_media":61101,"comment_status":"open","ping_status":"open","sticky":false,"template":"","format":"standard","meta":{"_seopress_robots_primary_cat":"","_seopress_titles_title":"","_seopress_titles_desc":"","_seopress_robots_index":"","footnotes":""},"categories":[52],"tags":[],"class_list":["post-61100","post","type-post","status-publish","format-standard","has-post-thumbnail","hentry","category-santoseregiao"],"_links":{"self":[{"href":"https:\/\/mussicom.com\/noticias\/wp-json\/wp\/v2\/posts\/61100","targetHints":{"allow":["GET"]}}],"collection":[{"href":"https:\/\/mussicom.com\/noticias\/wp-json\/wp\/v2\/posts"}],"about":[{"href":"https:\/\/mussicom.com\/noticias\/wp-json\/wp\/v2\/types\/post"}],"author":[{"embeddable":true,"href":"https:\/\/mussicom.com\/noticias\/wp-json\/wp\/v2\/users\/5"}],"replies":[{"embeddable":true,"href":"https:\/\/mussicom.com\/noticias\/wp-json\/wp\/v2\/comments?post=61100"}],"version-history":[{"count":0,"href":"https:\/\/mussicom.com\/noticias\/wp-json\/wp\/v2\/posts\/61100\/revisions"}],"wp:featuredmedia":[{"embeddable":true,"href":"https:\/\/mussicom.com\/noticias\/wp-json\/wp\/v2\/media\/61101"}],"wp:attachment":[{"href":"https:\/\/mussicom.com\/noticias\/wp-json\/wp\/v2\/media?parent=61100"}],"wp:term":[{"taxonomy":"category","embeddable":true,"href":"https:\/\/mussicom.com\/noticias\/wp-json\/wp\/v2\/categories?post=61100"},{"taxonomy":"post_tag","embeddable":true,"href":"https:\/\/mussicom.com\/noticias\/wp-json\/wp\/v2\/tags?post=61100"}],"curies":[{"name":"wp","href":"https:\/\/api.w.org\/{rel}","templated":true}]}}