{"id":61046,"date":"2026-02-03T02:08:15","date_gmt":"2026-02-03T05:08:15","guid":{"rendered":"https:\/\/mussicom.com\/calderano-e-campeao-da-copa-america-e-garante-vaga-no-mundial-de-macau\/"},"modified":"2026-02-03T02:08:15","modified_gmt":"2026-02-03T05:08:15","slug":"calderano-e-campeao-da-copa-america-e-garante-vaga-no-mundial-de-macau","status":"publish","type":"post","link":"https:\/\/mussicom.com\/noticias\/calderano-e-campeao-da-copa-america-e-garante-vaga-no-mundial-de-macau\/","title":{"rendered":"Calderano \u00e9 campe\u00e3o da Copa Am\u00e9rica e garante vaga no Mundial de Macau"},"content":{"rendered":"<p> <br \/>\n<\/p>\n<div>\n<p>O mesatenista carioca Hugo Calderano, n\u00famero 3 do mundo, fez valer o favoritismo e conquistou neste domingo (1\u00ba) o t\u00edtulo da Copa Am\u00e9rica, disputada em S\u00e3o Francisco, na Calif\u00f3rnia (Estados Unidos). Al\u00e9m do trof\u00e9u continental, ele assegurou presen\u00e7a na <strong>Copa do Mundo em Macau (China) \u00a0onde foi campe\u00e3o no ano passado.<\/strong> Invicto na Copa Am\u00e9rica, Calderano derrotou na final, no domingo (1\u00ba), o anfitri\u00e3o Kanak Jha (21\u00ba no ranking), por 4 sets a 1 11\/8, 6\/11, 12\/10, 11\/9 e 11\/9. \u00a0<img decoding=\"async\" src=\"https:\/\/agenciabrasil.ebc.com.br\/ebc.gif?id=1676813&amp;o=node\" style=\"width:1px; height:1px; display:inline;\"\/><\/p>\n<p>&#8220;Foi uma boa partida. Kanak teve um \u00f3timo ano no ano passado, \u00e9 um dos melhores jogadores do mundo. Eu sabia que seria um jogo dif\u00edcil, ainda mais jogando em casa, onde ele conhece o local melhor do que eu. Estou feliz por conquistar esse t\u00edtulo, vencer a Copa Pan-Americana e ir para casa com o trof\u00e9u&#8221;, comemorou o carioca, ap\u00f3s erguer seu primeiro trof\u00e9u na temporada 2026.<\/p>\n<p>Al\u00e9m da decis\u00e3o do t\u00edtulo, Calderano abriu o domingo (1\u00ba) com a disputa da semifinal. Sem dificuldades, ele bateu o argentino Horacio Cifuentes (79\u00ba), por 4 sets a 0 (1\/5, 11\/6, 11\/8 e 11\/40).<\/p>\n<p>Na competi\u00e7\u00e3o\u00a0feminina, a paulista Bruna Takahashi \u00a0(20\u00aa no ranking)\u00a0caiu na semi para a dona da casa Amy Wang,(39\u00aa), ao perder o jogo por 4 sets a 1 (13\/11, 11\/3, 3\/11, 15\/13 e 12\/10).\u00a0Apesar da elimina\u00e7\u00e3o, Takahashi confirmou vaga na Copa do Mundo de Macau por ter se classificados \u00e0s semifinais da Copa Am\u00e9rica. O Mundial de Macau ocorrer\u00e1 no per\u00edodo de 30 de mar\u00e7o a 5 de abril.\u00a0<\/p>\n<blockquote class=\"instagram-media\" data-instgrm-captioned=\"\" data-instgrm-permalink=\"https:\/\/www.instagram.com\/reel\/DUPTBaPkQpd\/?utm_source=ig_embed&amp;utm_campaign=loading\" data-instgrm-version=\"14\" style=\" background:#FFF; border:0; border-radius:3px; box-shadow:0 0 1px 0 rgba(0,0,0,0.5),0 1px 10px 0 rgba(0,0,0,0.15); margin: 1px; max-width:540px; min-width:326px; padding:0; width:99.375%; width:-webkit-calc(100% - 2px); width:calc(100% - 2px);\">\n<\/blockquote>\n<p>&gt;&gt; Siga o canal da <strong>Ag\u00eancia Brasil <\/strong>no WhatsApp<\/p>\n<h2>Outros resultados<\/h2>\n<p>Irm\u00e3 mais nova de Bruna, Giulia Takarashi se despediu da Copa Am\u00e9rica nas quartas de final, com derrota no s\u00e1bado (31) para a canadense Mo Zhang\u00a0por 4 sets a 0 (13\/11, 11\/5, 11\/8 e 11\/5).<\/p>\n<p>No mesmo dia, a paulista Karina Shiray foi eliminada nas oitavas de final ap\u00f3s rev\u00e9s para a dona da casa Amy Wang por 4 sets a 0. No masculino, o paulista Guilherme Teodoro tamb\u00e9m caiu nas oitavas, diante do anfitri\u00e3o Kanak Jha, que ganhou por 4 sets a 1.<\/p>\n<p>      <!-- Relacionada --><\/p>\n<p>            <!-- Relacionada -->\n    <\/div>\n<p><script async src=\"\/\/www.instagram.com\/embed.js\"><\/script><br \/>\n<br \/><br \/>\n<br \/>Fonte: <a href=\"https:\/\/agenciabrasil.ebc.com.br\/esportes\/noticia\/2026-02\/calderano-e-campeao-da-copa-america-e-garante-vaga-no-mundial-de-macau\">Ag\u00eancia Brasil<\/a><\/p>\n","protected":false},"excerpt":{"rendered":"<p>O mesatenista carioca Hugo Calderano, n\u00famero 3 do mundo, fez valer o favoritismo e conquistou neste domingo (1\u00ba) o t\u00edtulo da Copa Am\u00e9rica, disputada em S\u00e3o Francisco, na Calif\u00f3rnia (Estados Unidos). Al\u00e9m do trof\u00e9u continental, ele assegurou presen\u00e7a na Copa do Mundo em Macau (China) \u00a0onde foi campe\u00e3o no ano passado. Invicto na Copa Am\u00e9rica, [&hellip;]<\/p>\n","protected":false},"author":5,"featured_media":61047,"comment_status":"open","ping_status":"open","sticky":false,"template":"","format":"standard","meta":{"_seopress_robots_primary_cat":"","_seopress_titles_title":"","_seopress_titles_desc":"","_seopress_robots_index":"","footnotes":""},"categories":[40],"tags":[],"class_list":["post-61046","post","type-post","status-publish","format-standard","has-post-thumbnail","hentry","category-esportes"],"_links":{"self":[{"href":"https:\/\/mussicom.com\/noticias\/wp-json\/wp\/v2\/posts\/61046","targetHints":{"allow":["GET"]}}],"collection":[{"href":"https:\/\/mussicom.com\/noticias\/wp-json\/wp\/v2\/posts"}],"about":[{"href":"https:\/\/mussicom.com\/noticias\/wp-json\/wp\/v2\/types\/post"}],"author":[{"embeddable":true,"href":"https:\/\/mussicom.com\/noticias\/wp-json\/wp\/v2\/users\/5"}],"replies":[{"embeddable":true,"href":"https:\/\/mussicom.com\/noticias\/wp-json\/wp\/v2\/comments?post=61046"}],"version-history":[{"count":0,"href":"https:\/\/mussicom.com\/noticias\/wp-json\/wp\/v2\/posts\/61046\/revisions"}],"wp:featuredmedia":[{"embeddable":true,"href":"https:\/\/mussicom.com\/noticias\/wp-json\/wp\/v2\/media\/61047"}],"wp:attachment":[{"href":"https:\/\/mussicom.com\/noticias\/wp-json\/wp\/v2\/media?parent=61046"}],"wp:term":[{"taxonomy":"category","embeddable":true,"href":"https:\/\/mussicom.com\/noticias\/wp-json\/wp\/v2\/categories?post=61046"},{"taxonomy":"post_tag","embeddable":true,"href":"https:\/\/mussicom.com\/noticias\/wp-json\/wp\/v2\/tags?post=61046"}],"curies":[{"name":"wp","href":"https:\/\/api.w.org\/{rel}","templated":true}]}}