{"id":61017,"date":"2026-02-02T21:15:25","date_gmt":"2026-02-03T00:15:25","guid":{"rendered":"https:\/\/mussicom.com\/servicos-da-sabesp-vao-bloquear-trecho-de-avenida-em-santos\/"},"modified":"2026-02-02T21:15:25","modified_gmt":"2026-02-03T00:15:25","slug":"servicos-da-sabesp-vao-bloquear-trecho-de-avenida-em-santos","status":"publish","type":"post","link":"https:\/\/mussicom.com\/noticias\/servicos-da-sabesp-vao-bloquear-trecho-de-avenida-em-santos\/","title":{"rendered":"Servi\u00e7os da Sabesp v\u00e3o bloquear trecho de avenida em Santos"},"content":{"rendered":"<p> <br \/>\n<\/p>\n<div id=\"texto\">\n<p>A descarga de materiais (tubula\u00e7\u00e3o) a serem utilizados em obra da Sabesp v\u00e3o exigir a interdi\u00e7\u00e3o de trecho da Avenida Bernardino de Campos (sentido praia\/Centro), entre a Avenida Francisco Glyc\u00e9rio e a Rua Duque de Caxias, no Campo Grande. O bloqueio ocorrer\u00e1, a partir desta ter\u00e7a-feira (3) at\u00e9 sexta (6), por um intervalo de cerca de duas horas, sempre entre 9h e 15h.<\/p>\n<p>\u00a0<\/p>\n<p>Durante a interdi\u00e7\u00e3o, a Companhia de Engenharia de Tr\u00e1fego (CET-Santos) sinalizar\u00e1 rota alternativa para os motoristas, que dever\u00e3o seguir pela Avenida Marechal Deodoro e, depois, pelas ruas Sergipe, Almirante Barroso e Carlos Gomes, para retornar o trajeto pela Bernardino de Campos.\u00a0<\/p>\n<p>\u00a0<\/p>\n<p>As linhas de transporte coletivo que circulam pelo trecho tamb\u00e9m seguir\u00e3o o mesmo desvio.<\/p>\n<p>\u00a0<\/p>\n<p>Agentes de tr\u00e2nsito v\u00e3o monitorar o tr\u00e1fego na \u00e1rea, com apoio da equipe do Centro de Controle Operacional (CCO).\u00a0<\/p>\n<p>\u00a0<\/p>\n<p>A CET-Santos atualiza, em tempo real, o aplicativo Waze com as informa\u00e7\u00f5es sobre as condi\u00e7\u00f5es do tr\u00e2nsito na Cidade.<\/p>\n<p>\u00a0<\/p>\n<p>As obras da Sabesp na Bernardino de Campos est\u00e3o sendo realizadas com ocupa\u00e7\u00e3o parcial da avenida, no trecho.\u00a0 Os trabalhos se desenvolvem em meia-pista, enquanto a metade restante fica destinada \u00e0 circula\u00e7\u00e3o de ve\u00edculos.<\/p>\n<\/p><\/div>\n<p><script async defer crossorigin=\"anonymous\" src=\"https:\/\/connect.facebook.net\/pt_BR\/sdk.js#xfbml=1&#038;version=v12.0&#038;appId=&#038;autoLogAppEvents=1\" nonce=\"ou0fI1lo\"><\/script><br \/>\n<br \/><br \/>\n<br \/>Fonte: <a href=\"https:\/\/www.bs9.com.br\/litoral\/servicos-da-sabesp-vao-bloquear-trecho-de-avenida-em-santos\/37448\/\">BS9<\/a><\/p>\n","protected":false},"excerpt":{"rendered":"<p>A descarga de materiais (tubula\u00e7\u00e3o) a serem utilizados em obra da Sabesp v\u00e3o exigir a interdi\u00e7\u00e3o de trecho da Avenida Bernardino de Campos (sentido praia\/Centro), entre a Avenida Francisco Glyc\u00e9rio e a Rua Duque de Caxias, no Campo Grande. O bloqueio ocorrer\u00e1, a partir desta ter\u00e7a-feira (3) at\u00e9 sexta (6), por um intervalo de cerca [&hellip;]<\/p>\n","protected":false},"author":5,"featured_media":61018,"comment_status":"open","ping_status":"open","sticky":false,"template":"","format":"standard","meta":{"_seopress_robots_primary_cat":"","_seopress_titles_title":"","_seopress_titles_desc":"","_seopress_robots_index":"","footnotes":""},"categories":[52],"tags":[],"class_list":["post-61017","post","type-post","status-publish","format-standard","has-post-thumbnail","hentry","category-santoseregiao"],"_links":{"self":[{"href":"https:\/\/mussicom.com\/noticias\/wp-json\/wp\/v2\/posts\/61017","targetHints":{"allow":["GET"]}}],"collection":[{"href":"https:\/\/mussicom.com\/noticias\/wp-json\/wp\/v2\/posts"}],"about":[{"href":"https:\/\/mussicom.com\/noticias\/wp-json\/wp\/v2\/types\/post"}],"author":[{"embeddable":true,"href":"https:\/\/mussicom.com\/noticias\/wp-json\/wp\/v2\/users\/5"}],"replies":[{"embeddable":true,"href":"https:\/\/mussicom.com\/noticias\/wp-json\/wp\/v2\/comments?post=61017"}],"version-history":[{"count":0,"href":"https:\/\/mussicom.com\/noticias\/wp-json\/wp\/v2\/posts\/61017\/revisions"}],"wp:featuredmedia":[{"embeddable":true,"href":"https:\/\/mussicom.com\/noticias\/wp-json\/wp\/v2\/media\/61018"}],"wp:attachment":[{"href":"https:\/\/mussicom.com\/noticias\/wp-json\/wp\/v2\/media?parent=61017"}],"wp:term":[{"taxonomy":"category","embeddable":true,"href":"https:\/\/mussicom.com\/noticias\/wp-json\/wp\/v2\/categories?post=61017"},{"taxonomy":"post_tag","embeddable":true,"href":"https:\/\/mussicom.com\/noticias\/wp-json\/wp\/v2\/tags?post=61017"}],"curies":[{"name":"wp","href":"https:\/\/api.w.org\/{rel}","templated":true}]}}