{"id":60977,"date":"2026-02-02T17:15:22","date_gmt":"2026-02-02T20:15:22","guid":{"rendered":"https:\/\/mussicom.com\/sp-comeca-projeto-piloto-de-vacinacao-contra-chikungunya-em-mirassol\/"},"modified":"2026-02-02T17:15:22","modified_gmt":"2026-02-02T20:15:22","slug":"sp-comeca-projeto-piloto-de-vacinacao-contra-chikungunya-em-mirassol","status":"publish","type":"post","link":"https:\/\/mussicom.com\/noticias\/sp-comeca-projeto-piloto-de-vacinacao-contra-chikungunya-em-mirassol\/","title":{"rendered":"SP come\u00e7a projeto-piloto de vacina\u00e7\u00e3o contra chikungunya em Mirassol"},"content":{"rendered":"<p> <br \/>\n<\/p>\n<div>\n<p><strong>Teve in\u00edcio nesta segunda-feira (2) na cidade de\u00a0Mirassol, interior de S\u00e3o Paulo, a aplica\u00e7\u00e3o da vacina contra a chikungunya, desenvolvida pelo Instituto Butantan. O projeto-piloto marca o in\u00edcio de uma estrat\u00e9gia nacional do Minist\u00e9rio da Sa\u00fade para combater a doen\u00e7a viral que \u00e9 transmitida pelo mosquito Aedes aegypti.<\/strong><img decoding=\"async\" src=\"https:\/\/agenciabrasil.ebc.com.br\/ebc.gif?id=1676806&amp;o=node\" style=\"width:1px; height:1px; display:inline;\"\/><\/p>\n<p>Os moradores da cidade que t\u00eam entre 18 e 59 anos poder\u00e3o receber o imunizante de forma gratuita nas unidades de sa\u00fade. Segundo o governo de S\u00e3o Paulo, Mirassol foi escolhida devido ao aumento expressivo de casos da doen\u00e7a na regi\u00e3o. De acordo com o Painel de Monitoramento de Arboviroses do Minist\u00e9rio da Sa\u00fade, em 2024, o local registrou 833 casos prov\u00e1veis de chikungunya.<\/p>\n<blockquote>\n<p>\u201cEstamos diante de um marco hist\u00f3rico para a sa\u00fade p\u00fablica. Com 10 munic\u00edpios em quatro estados, Mirassol est\u00e1 entre os primeiros selecionados e, agora, cerca de 37, 5 mil habitantes poder\u00e3o receber a vacina\u00e7\u00e3o nos postos de sa\u00fade. Isso coloca a regi\u00e3o na linha de frente de uma prote\u00e7\u00e3o in\u00e9dita contra a chikungunya\u201d, explicou o secret\u00e1rio de Estado da Sa\u00fade, Eleuses Paiva.<\/p>\n<\/blockquote>\n<p>O Minist\u00e9rio da Sa\u00fade prosseguir\u00e1 com a vacina\u00e7\u00e3o em formato piloto em 10 munic\u00edpios de quatro estados. Os locais ser\u00e3o selecionados com base em crit\u00e9rios epidemiol\u00f3gicos, tamanho populacional e viabilidade operacional para a introdu\u00e7\u00e3o do imunizante em curto prazo.<\/p>\n<h2>Ensaios cl\u00ednicos<\/h2>\n<p>Em abril do ano passado, a vacina foi aprovada pela Ag\u00eancia Nacional de Vigil\u00e2ncia Sanit\u00e1ria (Anvisa). O imunizante tamb\u00e9m recebeu autoriza\u00e7\u00e3o para uso no Canad\u00e1, no Reino Unido e na Uni\u00e3o Europeia.<\/p>\n<p>Os estudos cl\u00ednicos da vacina foram realizados no Brasil e nos Estados Unidos. Os testes buscaram comprovar a seguran\u00e7a e capacidade da vacina de induzir a produ\u00e7\u00e3o de anticorpos. Os resultados mostraram que o imunizante \u00e9 bem tolerado e capaz de induzir resposta imunol\u00f3gica ap\u00f3s uma \u00fanica dose.<\/p>\n<p>A vacina \u00e9 contraindicada para pessoas imunodeficientes, imunossuprimidas, gestantes e indiv\u00edduos com hipersensibilidade a componentes do imunizante. As contraindica\u00e7\u00f5es seguem as orienta\u00e7\u00f5es da bula aprovada pela Anvisa.<\/p>\n<h2>Sobre a\u00a0chikungunya<\/h2>\n<p>A chikungunya \u00e9 uma doen\u00e7a viral transmitida pela picada do mosquito Aedes aegypti, o mesmo transmissor da dengue e do\u00a0zika. Ela pode provocar dor cr\u00f4nica nas articula\u00e7\u00f5es. Os sintomas mais comuns s\u00e3o febre alta, dores nas articula\u00e7\u00f5es, dor de cabe\u00e7a, dor muscular, calafrios, dor atr\u00e1s dos olhos e manchas vermelhas no corpo. Em casos graves, os pacientes podem desenvolver dor cr\u00f4nica nas articula\u00e7\u00f5es que podem durar anos.<\/p>\n<p>*Estagi\u00e1rio da Ag\u00eancia Brasil sob supervis\u00e3o de Odair Braz Junior<\/p>\n<p>      <!-- Relacionada --><\/p>\n<p>            <!-- Relacionada -->\n    <\/div>\n<p><br \/>\n<br \/>Fonte: <a href=\"https:\/\/agenciabrasil.ebc.com.br\/saude\/noticia\/2026-02\/sp-comeca-projeto-piloto-de-vacinacao-contra-chikungunya-em-mirassol\">Ag\u00eancia Brasil<\/a><\/p>\n","protected":false},"excerpt":{"rendered":"<p>Teve in\u00edcio nesta segunda-feira (2) na cidade de\u00a0Mirassol, interior de S\u00e3o Paulo, a aplica\u00e7\u00e3o da vacina contra a chikungunya, desenvolvida pelo Instituto Butantan. O projeto-piloto marca o in\u00edcio de uma estrat\u00e9gia nacional do Minist\u00e9rio da Sa\u00fade para combater a doen\u00e7a viral que \u00e9 transmitida pelo mosquito Aedes aegypti. Os moradores da cidade que t\u00eam entre [&hellip;]<\/p>\n","protected":false},"author":5,"featured_media":56963,"comment_status":"open","ping_status":"open","sticky":false,"template":"","format":"standard","meta":{"_seopress_robots_primary_cat":"","_seopress_titles_title":"","_seopress_titles_desc":"","_seopress_robots_index":"","footnotes":""},"categories":[46],"tags":[],"class_list":["post-60977","post","type-post","status-publish","format-standard","has-post-thumbnail","hentry","category-saude"],"_links":{"self":[{"href":"https:\/\/mussicom.com\/noticias\/wp-json\/wp\/v2\/posts\/60977","targetHints":{"allow":["GET"]}}],"collection":[{"href":"https:\/\/mussicom.com\/noticias\/wp-json\/wp\/v2\/posts"}],"about":[{"href":"https:\/\/mussicom.com\/noticias\/wp-json\/wp\/v2\/types\/post"}],"author":[{"embeddable":true,"href":"https:\/\/mussicom.com\/noticias\/wp-json\/wp\/v2\/users\/5"}],"replies":[{"embeddable":true,"href":"https:\/\/mussicom.com\/noticias\/wp-json\/wp\/v2\/comments?post=60977"}],"version-history":[{"count":0,"href":"https:\/\/mussicom.com\/noticias\/wp-json\/wp\/v2\/posts\/60977\/revisions"}],"wp:featuredmedia":[{"embeddable":true,"href":"https:\/\/mussicom.com\/noticias\/wp-json\/wp\/v2\/media\/56963"}],"wp:attachment":[{"href":"https:\/\/mussicom.com\/noticias\/wp-json\/wp\/v2\/media?parent=60977"}],"wp:term":[{"taxonomy":"category","embeddable":true,"href":"https:\/\/mussicom.com\/noticias\/wp-json\/wp\/v2\/categories?post=60977"},{"taxonomy":"post_tag","embeddable":true,"href":"https:\/\/mussicom.com\/noticias\/wp-json\/wp\/v2\/tags?post=60977"}],"curies":[{"name":"wp","href":"https:\/\/api.w.org\/{rel}","templated":true}]}}