{"id":60890,"date":"2026-02-02T09:53:15","date_gmt":"2026-02-02T12:53:15","guid":{"rendered":"https:\/\/mussicom.com\/deputado-aciona-mp-contra-escola-de-samba-alegando-ataques-a-bolsonaro\/"},"modified":"2026-02-02T09:53:15","modified_gmt":"2026-02-02T12:53:15","slug":"deputado-aciona-mp-contra-escola-de-samba-alegando-ataques-a-bolsonaro","status":"publish","type":"post","link":"https:\/\/mussicom.com\/noticias\/deputado-aciona-mp-contra-escola-de-samba-alegando-ataques-a-bolsonaro\/","title":{"rendered":"Deputado aciona MP contra escola de samba alegando ataques a Bolsonaro"},"content":{"rendered":"<p> <br \/>\n<\/p>\n<div id=\"tp-post-content\">\n<p class=\"postParagraph_post-paragraph__juWZN postParagraph_post-paragraph-innerHtml__Q5vwc\">O deputado estadual Gil Diniz (PL-SP) anunciou, em seu perfil no X, neste domingo (1\u00ba) que denunciou a escola de samba Acad\u00eamicos de Niter\u00f3i ao Minist\u00e9rio P\u00fablico do Rio de Janeiro (MPRJ). O parlamentar argumenta que a escola de samba pratica &#8220;ataque pol\u00edtico com uso de dinheiro p\u00fablico&#8221; ao planejar sua apresenta\u00e7\u00e3o no grupo especial, no dia 15 de fevereiro, com o enredo\u00a0&#8220;Do alto do mulungu surge a esperan\u00e7a: Lula, o oper\u00e1rio do Brasil.&#8221; A <strong>Gazeta do Povo<\/strong> entrou em contato com a escola de samba e aguarda retorno.<\/p>\n<p class=\"postParagraph_post-paragraph__juWZN postParagraph_post-paragraph-innerHtml__Q5vwc\">Uma das imagens a serem levadas \u00e0 Sapuca\u00ed mostra o ex-presidente Jair Bolsonaro (PL) com o rosto vermelho e a frase &#8220;rindo igual a um condenado&#8221;. Bolsonaro foi condenado a 27 anos e tr\u00eas meses pelo Supremo Tribunal Federal (STF), e cumpre pena no 19\u00ba Batalh\u00e3o de Pol\u00edcia Militar do Distrito Federal, no Complexo Penitenci\u00e1rio da Papuda.<\/p>\n<div class=\"postViewMore_post-view-more-container___5wai\" data-mrf-recirculation=\"Post - Veja tamb\u00e9m\">\n<p class=\"gp-styles-module-size-small-afeYRa gp-styles-module-font-family2-afeYRa gp-styles-module-color-secondary-afeYRa gp-styles-module-weight-bold-afeYRa\">VEJA TAMB\u00c9M:<\/p>\n<ul class=\"postViewMore_post-view-more-list__CU_CE\">\n<li class=\"postViewMore_post-view-more-item__2MzRb\">\n<div class=\"postViewMore_post-view-more-image__5gUSe\"><picture class=\"imageDefault_image-container__XGd8_\"><\/picture><\/div>\n<p>Deputado denuncia samba-enredo por poss\u00edvel propaganda antecipada de Lula na Sapuca\u00ed<\/li>\n<\/ul>\n<\/div>\n<p class=\"postParagraph_post-paragraph__juWZN postParagraph_post-paragraph-innerHtml__Q5vwc\">Outra montagem mostra Bolsonaro em preto e branco, com as m\u00e3os manchadas de sangue, com a mensagem: &#8220;sem mitos falsos&#8221;. A esquerda acusa o ex-presidente de omiss\u00e3o durante a pandemia de Covid-19, que terminou com cerca de 716 mil mortes.<\/p>\n<p class=\"postParagraph_post-paragraph__juWZN postParagraph_post-paragraph-innerHtml__Q5vwc\">Al\u00e9m de Bolsonaro, a escola de samba faz refer\u00eancia \u00e0 ex-deputada federal Carla Zambelli (PL-SP), que est\u00e1 presa na It\u00e1lia e aguarda a conclus\u00e3o de seu processo de extradi\u00e7\u00e3o. Zambelli foi condenada sob a acusa\u00e7\u00e3o de pagar o hacker Walter Delgatti Neto para invadir os sistemas do Conselho Nacional de Justi\u00e7a (CNJ).  Ela teve a cassa\u00e7\u00e3o de seu mandato decretada pelo ministro do Supremo Tribunal Federal (STF) Alexandre de Moraes, mesmo ap\u00f3s a C\u00e2mara decidir por mant\u00ea-la no exerc\u00edcio do cargo.<\/p>\n<p class=\"postParagraph_post-paragraph__juWZN postParagraph_post-paragraph-innerHtml__Q5vwc\">A primeira-dama, Janja da Silva, confirmou que desfilar\u00e1 pela agremia\u00e7\u00e3o. Outra participa\u00e7\u00e3o ligada ao presidente Lula (PT) \u00e9 a de sua neta, Bia Lula. A participa\u00e7\u00e3o do presidente ainda \u00e9 incerta. A proposta da escola de samba \u00e9 narrar a biografia do petista, em tom elogioso.<\/p>\n<div class=\"postHtml_post-html__FVUuX\">\n<blockquote class=\"twitter-tweet\">\n<p lang=\"pt\" dir=\"ltr\">Informo que DENUNCIEI ao MPRJ a escola de Samba Acad\u00eamicos de Niter\u00f3i!<\/p>\n<p>N\u00e3o foi arte nem cultura, foi ataque pol\u00edtico com uso de dinheiro p\u00fablico!!<\/p>\n<p>Diante dos ataques ao Presidente Bolsonaro exibidos em tel\u00f5es da Marqu\u00eas de Sapuca\u00ed, com imagens ofensivas, humilhantes e apologia\u2026 <a href=\"https:\/\/t.co\/LmMox6ucL0\">pic.twitter.com\/LmMox6ucL0<\/a><\/p>\n<p>\u2014 Gil Diniz (@carteiroreaca) <a href=\"https:\/\/twitter.com\/carteiroreaca\/status\/2018002309679055321?ref_src=twsrc%5Etfw\">February 1, 2026<\/a><\/p><\/blockquote><\/div>\n<\/div>\n<p><script async src=\"\/\/platform.twitter.com\/widgets.js\" charset=\"utf-8\"><\/script><br \/>\n<br \/><br \/>\n<br \/>Fonte: <a href=\"https:\/\/www.gazetadopovo.com.br\/republica\/deputado-aciona-mp-contra-escola-de-samba-que-usara-imagens-contra-bolsonaro\/\">Revista Oeste<\/a><\/p>\n","protected":false},"excerpt":{"rendered":"<p>O deputado estadual Gil Diniz (PL-SP) anunciou, em seu perfil no X, neste domingo (1\u00ba) que denunciou a escola de samba Acad\u00eamicos de Niter\u00f3i ao Minist\u00e9rio P\u00fablico do Rio de Janeiro (MPRJ). O parlamentar argumenta que a escola de samba pratica &#8220;ataque pol\u00edtico com uso de dinheiro p\u00fablico&#8221; ao planejar sua apresenta\u00e7\u00e3o no grupo especial, [&hellip;]<\/p>\n","protected":false},"author":5,"featured_media":60891,"comment_status":"open","ping_status":"open","sticky":false,"template":"","format":"standard","meta":{"_seopress_robots_primary_cat":"","_seopress_titles_title":"","_seopress_titles_desc":"","_seopress_robots_index":"","footnotes":""},"categories":[1],"tags":[],"class_list":["post-60890","post","type-post","status-publish","format-standard","has-post-thumbnail","hentry","category-ultimas-noticias"],"_links":{"self":[{"href":"https:\/\/mussicom.com\/noticias\/wp-json\/wp\/v2\/posts\/60890","targetHints":{"allow":["GET"]}}],"collection":[{"href":"https:\/\/mussicom.com\/noticias\/wp-json\/wp\/v2\/posts"}],"about":[{"href":"https:\/\/mussicom.com\/noticias\/wp-json\/wp\/v2\/types\/post"}],"author":[{"embeddable":true,"href":"https:\/\/mussicom.com\/noticias\/wp-json\/wp\/v2\/users\/5"}],"replies":[{"embeddable":true,"href":"https:\/\/mussicom.com\/noticias\/wp-json\/wp\/v2\/comments?post=60890"}],"version-history":[{"count":0,"href":"https:\/\/mussicom.com\/noticias\/wp-json\/wp\/v2\/posts\/60890\/revisions"}],"wp:featuredmedia":[{"embeddable":true,"href":"https:\/\/mussicom.com\/noticias\/wp-json\/wp\/v2\/media\/60891"}],"wp:attachment":[{"href":"https:\/\/mussicom.com\/noticias\/wp-json\/wp\/v2\/media?parent=60890"}],"wp:term":[{"taxonomy":"category","embeddable":true,"href":"https:\/\/mussicom.com\/noticias\/wp-json\/wp\/v2\/categories?post=60890"},{"taxonomy":"post_tag","embeddable":true,"href":"https:\/\/mussicom.com\/noticias\/wp-json\/wp\/v2\/tags?post=60890"}],"curies":[{"name":"wp","href":"https:\/\/api.w.org\/{rel}","templated":true}]}}