{"id":60887,"date":"2026-02-02T09:03:25","date_gmt":"2026-02-02T12:03:25","guid":{"rendered":"https:\/\/mussicom.com\/mercado-da-soja-tende-a-ficar-travado\/"},"modified":"2026-02-02T09:03:25","modified_gmt":"2026-02-02T12:03:25","slug":"mercado-da-soja-tende-a-ficar-travado","status":"publish","type":"post","link":"https:\/\/mussicom.com\/noticias\/mercado-da-soja-tende-a-ficar-travado\/","title":{"rendered":"Mercado da soja tende a ficar travado"},"content":{"rendered":"<p> <br \/>\n<\/p>\n<div>\n<div class=\"row\">\n<div class=\"col-lg col-infos mt-0 mt-lg-0\">\n<div class=\"section-sub-title\">\n<p itemprop=\"description\">&#13;<br \/>\n                                No m\u00e9dio prazo, o mercado permanece sens\u00edvel ao clima&#13;\n                            <\/p>\n<\/p><\/div>\n<div class=\"container\">\n<div class=\"row\">\n<div class=\"col-lg p-0\">\n<div>\n<div class=\"block-news-main-infos mt-3 text-start\">\n<p>                                            <strong class=\"fn\" itemprop=\"author\" style=\"color: rgb(112, 112, 112); \">&#13;<br \/>\n                                                Agrolink&#13;<br \/>\n&#13;<br \/>\n                                                    &#8211; Leonardo Gottems&#13;<br \/>\n&#13;<br \/>\n                                            <\/strong><br \/>\n                                        <\/p>\n<p>                                            <abbr><time datetime=\"2026 - 02 - 02T07:31\" itemprop=\"datePublished dateModified\"> Publicado em 02\/02\/2026 \u00e0s 07:31h.<\/time><\/abbr>\n                                    <\/div>\n<\/p><\/div>\n<\/p><\/div>\n<div class=\"col-lg p-0 text-lg-end\">\n<div>\n<div id=\"mdEnviarPagina\" class=\"modal fade\" role=\"dialog\">\n<div class=\"modal-dialog\">\n<div class=\"modal-content\">\n<div class=\"modal-body\">\n<p><strong>Estimado usu\u00e1rio.<\/strong><br \/>Preencha o formul\u00e1rio abaixo para remeter a p\u00e1gina.<\/p>\n<\/p><\/div>\n<\/p><\/div>\n<\/p><\/div>\n<\/div><\/div>\n<\/p><\/div>\n<\/p><\/div>\n<\/p><\/div>\n<\/p><\/div>\n<\/p><\/div>\n<div class=\"row justify-content-md-center mt-3\">\n<div class=\"col-lg-auto col-image block-news-main-image\">\n<p>                                <br \/>\n                                                <span class=\"d-block mt-1\">No m\u00e9dio prazo, o mercado permanece sens\u00edvel ao clima &#8211; Foto: Nadia Borges<\/span><\/p><\/div>\n<\/p><\/div>\n<div class=\"section-description section-description-noticias mt-3\">\n<p>O mercado da soja atravessa um per\u00edodo de ajustes marcado por for\u00e7as opostas entre oferta abundante, comportamento cauteloso dos agentes e sinais externos que ainda sustentam parte dos pre\u00e7os. Segundo a TF Agroecon\u00f4mica, o curto prazo segue pressionado pela sazonalidade da colheita no Brasil, embora esse efeito venha sendo amortecido por pr\u00eamios firmes e pelo c\u00e2mbio.&#13;\n<\/p>\n<p>A leitura predominante indica que, no interior do pa\u00eds, a ind\u00fastria tem pago melhor que a exporta\u00e7\u00e3o, impulsionada pelo bom desempenho do farelo, pela necessidade de manter as plantas em opera\u00e7\u00e3o e pela demanda dom\u00e9stica por \u00f3leo e biodiesel. Ao mesmo tempo, a exporta\u00e7\u00e3o mant\u00e9m competitividade, mas depende fortemente da combina\u00e7\u00e3o entre pr\u00eamios e taxa de c\u00e2mbio, ficando mais vulner\u00e1vel em cen\u00e1rios de valoriza\u00e7\u00e3o do real. Esse contexto contribui para um mercado f\u00edsico mais travado, com produtores capitalizados, ind\u00fastrias defendendo margens e tradings seletivas nos embarques.<\/p>\n<p>No m\u00e9dio prazo, o mercado permanece sens\u00edvel ao clima na Argentina e \u00e0 possibilidade de uma retomada mais firme da demanda chinesa, especialmente por farelo. Nos Estados Unidos, os dados recentes mostram desempenho positivo das exporta\u00e7\u00f5es de farelo de soja, com volumes semanais elevados e crescimento expressivo em rela\u00e7\u00e3o \u00e0 m\u00e9dia recente, al\u00e9m de avan\u00e7o no acumulado do ano. Esse movimento refor\u00e7a o papel dos subprodutos em um cen\u00e1rio de maior moagem para atender \u00e0 demanda interna por \u00f3leo.&#13;\n<\/p>\n<p>Na Argentina, apesar do plantio praticamente conclu\u00eddo, a deteriora\u00e7\u00e3o das condi\u00e7\u00f5es das lavouras come\u00e7a a ganhar peso, com queda no \u00edndice de \u00e1reas em bom ou excelente estado e umidade do solo abaixo do ideal em regi\u00f5es-chave. Esse quadro leva o mercado a precificar riscos produtivos, sustentando pr\u00eamios FOB e uma postura mais cautelosa dos exportadores.<\/p>\n<p>No Brasil, mesmo com colheita avan\u00e7ando rapidamente e perspectiva de safra recorde, fatores como a corre\u00e7\u00e3o recente do c\u00e2mbio, a resili\u00eancia dos pr\u00eamios e uma paridade de exporta\u00e7\u00e3o ainda equilibrada limitam quedas mais profundas. Entre os pontos de aten\u00e7\u00e3o seguem os pr\u00eamios nos portos, a margem de esmagamento em Chicago, o comportamento do c\u00e2mbio abaixo de determinados n\u00edveis e a evolu\u00e7\u00e3o da demanda por farelo na \u00c1sia.<br \/>&#13;<br \/>\n\u00a0&#13;\n<\/p>\n<\/p><\/div>\n<\/p><\/div>\n<p><script data-cfasync=\"false\">\n    !function (f, b, e, v, n, t, s) {\n        if (f.fbq) return; n = f.fbq = function () {\n            n.callMethod ?\n                n.callMethod.apply(n, arguments) : n.queue.push(arguments)\n        };\n        if (!f._fbq) f._fbq = n; n.push = n; n.loaded = !0; n.version = '2.0';\n        n.queue = []; t = b.createElement(e); t.async = !0;\n        t.src = v; s = b.getElementsByTagName(e)[0];\n        s.parentNode.insertBefore(t, s)\n    }(window, document, 'script',\n        'https:\/\/connect.facebook.net\/en_US\/fbevents.js');\n    fbq('init', '522546078623747');\n    fbq('track', 'PageView');\n<\/script><br \/>\n<br \/><br \/>\n<br \/>Fonte: <a href=\"https:\/\/www.agrolink.com.br\/noticias\/consultoria--mercado-da-soja-tende-a-ficar-travado_510445.html\">AGROLINK<\/a><\/p>\n","protected":false},"excerpt":{"rendered":"<p>&#13; No m\u00e9dio prazo, o mercado permanece sens\u00edvel ao clima&#13; &#13; Agrolink&#13; &#13; &#8211; Leonardo Gottems&#13; &#13; Publicado em 02\/02\/2026 \u00e0s 07:31h. Estimado usu\u00e1rio.Preencha o formul\u00e1rio abaixo para remeter a p\u00e1gina. No m\u00e9dio prazo, o mercado permanece sens\u00edvel ao clima &#8211; Foto: Nadia Borges O mercado da soja atravessa um per\u00edodo de ajustes marcado por [&hellip;]<\/p>\n","protected":false},"author":5,"featured_media":46408,"comment_status":"open","ping_status":"open","sticky":false,"template":"","format":"standard","meta":{"_seopress_robots_primary_cat":"","_seopress_titles_title":"","_seopress_titles_desc":"","_seopress_robots_index":"","footnotes":""},"categories":[53],"tags":[],"class_list":["post-60887","post","type-post","status-publish","format-standard","has-post-thumbnail","hentry","category-agronegocio"],"_links":{"self":[{"href":"https:\/\/mussicom.com\/noticias\/wp-json\/wp\/v2\/posts\/60887","targetHints":{"allow":["GET"]}}],"collection":[{"href":"https:\/\/mussicom.com\/noticias\/wp-json\/wp\/v2\/posts"}],"about":[{"href":"https:\/\/mussicom.com\/noticias\/wp-json\/wp\/v2\/types\/post"}],"author":[{"embeddable":true,"href":"https:\/\/mussicom.com\/noticias\/wp-json\/wp\/v2\/users\/5"}],"replies":[{"embeddable":true,"href":"https:\/\/mussicom.com\/noticias\/wp-json\/wp\/v2\/comments?post=60887"}],"version-history":[{"count":0,"href":"https:\/\/mussicom.com\/noticias\/wp-json\/wp\/v2\/posts\/60887\/revisions"}],"wp:featuredmedia":[{"embeddable":true,"href":"https:\/\/mussicom.com\/noticias\/wp-json\/wp\/v2\/media\/46408"}],"wp:attachment":[{"href":"https:\/\/mussicom.com\/noticias\/wp-json\/wp\/v2\/media?parent=60887"}],"wp:term":[{"taxonomy":"category","embeddable":true,"href":"https:\/\/mussicom.com\/noticias\/wp-json\/wp\/v2\/categories?post=60887"},{"taxonomy":"post_tag","embeddable":true,"href":"https:\/\/mussicom.com\/noticias\/wp-json\/wp\/v2\/tags?post=60887"}],"curies":[{"name":"wp","href":"https:\/\/api.w.org\/{rel}","templated":true}]}}