{"id":60885,"date":"2026-02-02T09:02:31","date_gmt":"2026-02-02T12:02:31","guid":{"rendered":"https:\/\/mussicom.com\/prefeitura-exibe-documentario-sobre-iemanja\/"},"modified":"2026-02-02T09:02:31","modified_gmt":"2026-02-02T12:02:31","slug":"prefeitura-exibe-documentario-sobre-iemanja","status":"publish","type":"post","link":"https:\/\/mussicom.com\/noticias\/prefeitura-exibe-documentario-sobre-iemanja\/","title":{"rendered":"Prefeitura exibe document\u00e1rio sobre Iemanj\u00e1"},"content":{"rendered":"<p> <br \/>\n<\/p>\n<div id=\"texto\">\n<p>No dia 4 de fevereiro, a Prefeitura de Guaruj\u00e1, por meio\u00a0da Secretaria de Cultura (Secult), exibir\u00e1 o document\u00e1rio Dois Fevereiros, que faz parte do projeto<strong>\u00a0<\/strong>Vozes do Guaruj\u00e1, no canal no\u00a0<em>YouTube<\/em>\u00a0da secretaria (@culturaguaruja179).<\/p>\n<p>\u00a0<\/p>\n<p>Esse \u00e9 o quinto projeto realizado pela Secult, integrado ao &#8220;Vozes do Guaruj\u00e1&#8221;, sobre o patrim\u00f4nio imaterial e a hist\u00f3ria oral da Cidade. Tamb\u00e9m \u00e9 o segundo a abordar os povos de ax\u00e9, sendo o primeiro &#8220;<em>It\u00e3 do Mar: Vozes do Ay\u00ea&#8221;<\/em>, lan\u00e7ado em 20 de novembro de 2025, com o prop\u00f3sito de revelar e contar nossa hist\u00f3ria por meio de nossa gente.<\/p>\n<p>\u00a0<\/p>\n<p>O objetivo principal deste document\u00e1rio \u00e9 compreender e observar a rela\u00e7\u00e3o de duas filhas de Iemanj\u00e1 antes e durante as festividades da divindade. Assim, apresentam-se duas vis\u00f5es de um mesmo dia, por isso o nome Dois Fevereiros. &#8220;O registro em audiovisual d\u00e1 corpo e voz \u00e0 hist\u00f3ria do povo do ax\u00e9 e refor\u00e7a a import\u00e2ncia da preserva\u00e7\u00e3o do patrim\u00f4nio imaterial de nossa Cidade&#8221;, ressalta o secret\u00e1rio de Cultura, Marcelo Wallez.<\/p>\n<p>\u00a0<\/p>\n<p><strong>Enredo<\/strong><\/p>\n<p>No v\u00eddeo, Klaudia Leite e Marcela Oliveira, duas filhas da Grande M\u00e3e do Mar, compartilham hist\u00f3rias, emo\u00e7\u00f5es e preparativos para a Festa de Iemanj\u00e1, al\u00e9m de podermos acompanhar suas atua\u00e7\u00f5es no dia da celebra\u00e7\u00e3o. Dessa forma, evidencia-se a festa a partir do olhar de quem a produz a festa e a mant\u00e9m viva, das gera\u00e7\u00f5es que se foram e das que permanecem preservando o legado.<\/p>\n<p>\u00a0<\/p>\n<p>Desde 2006, as areias da encosta do Morro da Campina, na Praia da Enseada, s\u00e3o ponto de encontro de filhos de ax\u00e9 para a consagra\u00e7\u00e3o de Iemanj\u00e1. Antes mesmo da oficializa\u00e7\u00e3o da celebra\u00e7\u00e3o em fevereiro, m\u00e3es de santo, como M\u00e3e Jovem, M\u00e3e Catita e M\u00e3e Terezinha j\u00e1 professavam a f\u00e9 na orix\u00e1 das \u00e1guas salgadas.<\/p>\n<p>\u00a0<\/p>\n<p>O idealizador do projeto,\u00a0historiador e artista local Prof. Emerson Porto Ferreira, destaca que a import\u00e2ncia do document\u00e1rio \u00e9 dar relev\u00e2ncia \u00e0 umbanda e ao candombl\u00e9 como produtores de cultura, para al\u00e9m da festa. &#8220;Al\u00e9m disso, \u00e9 uma maneira de refletir como nesses 20 anos constru\u00edmos uma rela\u00e7\u00e3o de apego e prote\u00e7\u00e3o \u00e0 &#8216;Rainha do Mar&#8217;. Como se fosse um &#8216;passe&#8217; para podermos come\u00e7ar nosso ano. Outro ponto importante \u00e9 a humaniza\u00e7\u00e3o da festa, com duas filhas de Iemanj\u00e1 no foco e protagonismo do projeto&#8221;, ressalta.<\/p>\n<p><strong>\u00a0<\/strong><\/p>\n<p><strong>Significado<\/strong><\/p>\n<p>No idioma iorub\u00e1, Iemanj\u00e1 significa &#8220;a m\u00e3e cujos filhos s\u00e3o peixes&#8221;, express\u00e3o que estabelece sua liga\u00e7\u00e3o direta com a maternidade, o zelo e o cuidado. Esses atributos se manifestam tanto nos filhos de ax\u00e9 quanto nos filhos de cabe\u00e7a. Ao longo dos anos, Iemanj\u00e1 tornou-se a orix\u00e1 regente simb\u00f3lica de Guaruj\u00e1, representando, h\u00e1 duas d\u00e9cadas, um importante marco cultural e de visibilidade para as casas de ax\u00e9 do munic\u00edpio.<\/p>\n<p>\u00a0<\/p>\n<\/p><\/div>\n<p><script async defer crossorigin=\"anonymous\" src=\"https:\/\/connect.facebook.net\/pt_BR\/sdk.js#xfbml=1&#038;version=v12.0&#038;appId=&#038;autoLogAppEvents=1\" nonce=\"ou0fI1lo\"><\/script><br \/>\n<br \/><br \/>\n<br \/>Fonte: <a href=\"https:\/\/www.bs9.com.br\/variedades\/prefeitura-exibe-documentario-sobre-iemanja\/37427\/\">BS9<\/a><\/p>\n","protected":false},"excerpt":{"rendered":"<p>No dia 4 de fevereiro, a Prefeitura de Guaruj\u00e1, por meio\u00a0da Secretaria de Cultura (Secult), exibir\u00e1 o document\u00e1rio Dois Fevereiros, que faz parte do projeto\u00a0Vozes do Guaruj\u00e1, no canal no\u00a0YouTube\u00a0da secretaria (@culturaguaruja179). \u00a0 Esse \u00e9 o quinto projeto realizado pela Secult, integrado ao &#8220;Vozes do Guaruj\u00e1&#8221;, sobre o patrim\u00f4nio imaterial e a hist\u00f3ria oral da [&hellip;]<\/p>\n","protected":false},"author":5,"featured_media":60886,"comment_status":"open","ping_status":"open","sticky":false,"template":"","format":"standard","meta":{"_seopress_robots_primary_cat":"","_seopress_titles_title":"","_seopress_titles_desc":"","_seopress_robots_index":"","footnotes":""},"categories":[52],"tags":[],"class_list":["post-60885","post","type-post","status-publish","format-standard","has-post-thumbnail","hentry","category-santoseregiao"],"_links":{"self":[{"href":"https:\/\/mussicom.com\/noticias\/wp-json\/wp\/v2\/posts\/60885","targetHints":{"allow":["GET"]}}],"collection":[{"href":"https:\/\/mussicom.com\/noticias\/wp-json\/wp\/v2\/posts"}],"about":[{"href":"https:\/\/mussicom.com\/noticias\/wp-json\/wp\/v2\/types\/post"}],"author":[{"embeddable":true,"href":"https:\/\/mussicom.com\/noticias\/wp-json\/wp\/v2\/users\/5"}],"replies":[{"embeddable":true,"href":"https:\/\/mussicom.com\/noticias\/wp-json\/wp\/v2\/comments?post=60885"}],"version-history":[{"count":0,"href":"https:\/\/mussicom.com\/noticias\/wp-json\/wp\/v2\/posts\/60885\/revisions"}],"wp:featuredmedia":[{"embeddable":true,"href":"https:\/\/mussicom.com\/noticias\/wp-json\/wp\/v2\/media\/60886"}],"wp:attachment":[{"href":"https:\/\/mussicom.com\/noticias\/wp-json\/wp\/v2\/media?parent=60885"}],"wp:term":[{"taxonomy":"category","embeddable":true,"href":"https:\/\/mussicom.com\/noticias\/wp-json\/wp\/v2\/categories?post=60885"},{"taxonomy":"post_tag","embeddable":true,"href":"https:\/\/mussicom.com\/noticias\/wp-json\/wp\/v2\/tags?post=60885"}],"curies":[{"name":"wp","href":"https:\/\/api.w.org\/{rel}","templated":true}]}}