{"id":60871,"date":"2026-02-02T04:58:26","date_gmt":"2026-02-02T07:58:26","guid":{"rendered":"https:\/\/mussicom.com\/agenda-de-fevereiro-de-2026-santos-tem-paulista-e-brasileiro-sereias-estreiam-no-a-1\/"},"modified":"2026-02-02T04:58:26","modified_gmt":"2026-02-02T07:58:26","slug":"agenda-de-fevereiro-de-2026-santos-tem-paulista-e-brasileiro-sereias-estreiam-no-a-1","status":"publish","type":"post","link":"https:\/\/mussicom.com\/noticias\/agenda-de-fevereiro-de-2026-santos-tem-paulista-e-brasileiro-sereias-estreiam-no-a-1\/","title":{"rendered":"Agenda de fevereiro de 2026: Santos tem Paulista e Brasileiro; Sereias estreiam no A-1"},"content":{"rendered":"<p> <br \/>\n<\/p>\n<div id=\"post-178258\">\n<div class=\"post-content\">\n<div id=\"attachment_178415\" style=\"width: 1261px\" class=\"wp-caption alignnone\"><img alt=\"\" fetchpriority=\"high\" fetchpriority=\"high\" decoding=\"async\" aria-describedby=\"caption-attachment-178415\" class=\" wp-image-178415\" src=\"https:\/\/www.diariodopeixe.com.br\/wp-content\/uploads\/2026\/02\/agenda-300x300.jpeg\" alt=\"\" width=\"1251\" height=\"1251\" srcset=\"https:\/\/www.diariodopeixe.com.br\/wp-content\/uploads\/2026\/02\/agenda-66x66.jpeg 66w, https:\/\/www.diariodopeixe.com.br\/wp-content\/uploads\/2026\/02\/agenda-150x150.jpeg 150w, https:\/\/www.diariodopeixe.com.br\/wp-content\/uploads\/2026\/02\/agenda-200x200.jpeg 200w, https:\/\/www.diariodopeixe.com.br\/wp-content\/uploads\/2026\/02\/agenda-300x300.jpeg 300w, https:\/\/www.diariodopeixe.com.br\/wp-content\/uploads\/2026\/02\/agenda-400x400.jpeg 400w, https:\/\/www.diariodopeixe.com.br\/wp-content\/uploads\/2026\/02\/agenda-600x600.jpeg 600w, https:\/\/www.diariodopeixe.com.br\/wp-content\/uploads\/2026\/02\/agenda-768x768.jpeg 768w, https:\/\/www.diariodopeixe.com.br\/wp-content\/uploads\/2026\/02\/agenda-800x800.jpeg 800w, https:\/\/www.diariodopeixe.com.br\/wp-content\/uploads\/2026\/02\/agenda-1024x1024.jpeg 1024w, https:\/\/www.diariodopeixe.com.br\/wp-content\/uploads\/2026\/02\/agenda.jpeg 1080w\" sizes=\"(max-width: 1251px) 100vw, 1251px\"\/><\/p>\n<p id=\"caption-attachment-178415\" class=\"wp-caption-text\">Agenda do Santos em fevereiro come\u00e7a com cl\u00e1ssico (Arte\/Di\u00e1rio do Peixe0<\/p>\n<\/div>\n<p>O\u00a0Santos ter\u00e1 um fevereiro bastante agitado. O Peixe inicia o segundo m\u00eas do ano com duas rodadas pelo Paulist\u00e3o e tr\u00eas pelo Brasileiro. J\u00e1 as Sereias estreiam no Brasileir\u00e3o A-1 e aguardam os detalhes do torneio.<\/p>\n<p><strong>Veja os jogos do Santos:<\/strong><\/p>\n<ul>\n<li>04\/02 (qua): Santos x S\u00e3o Paulo, \u00e0s 20h, na Vila Belmiro \u2013 2\u00aa rodada do Brasileiro (Premiere)<\/li>\n<li>08\/02 (dom): Noroeste x Santos, \u00e0s 16h, no Alfredo de Castilho \u2013 7\u00aa rodada do Paulist\u00e3o (HBO Max e TNT)<\/li>\n<li>12\/02 (qui): Athletico-PR x Santos, \u00e0s 19h, na Arena da Baixada \u2013 3\u00aa rodada do Brasileiro (Premiere)<\/li>\n<li>15\/02 (dom): Santos x Velo Clube, \u00e0s 20h30min, na Vila Belmiro \u2013 8\u00aa rodada do Paulist\u00e3o (HBO Max e TNT)<\/li>\n<li>26\/02 (qui): Santos x Vasco, \u00e0s 19h, na Vila Belmiro \u2013 4\u00aa rodada do Brasileiro (SporTV e Premiere)<\/li>\n<\/ul>\n<p><strong>Veja os jogos das Sereias:<\/strong><\/p>\n<ul>\n<li>15\/02 (dom): Sereias x Gr\u00eamio \u2013 a definir \u2013 1\u00aa rodada do Brasileiro A-1<\/li>\n<li>22\/02 (dom): Cruzeiro x Sereias \u2013 a definir \u2013 2\u00aa rodada do Brasileiro A-1<\/li>\n<\/ul><\/div>\n<div class=\"fusion-sharing-box fusion-theme-sharing-box fusion-single-sharing-box\">\n<h4>Compartilhe essa not\u00edcia, escolha a sua rede!<\/h4>\n<\/p><\/div>\n<p>\t\t<!-- #respond -->\n\t\t\t\t\t\t\t\t\t\t\t\t\t\t<\/div>\n<p><br \/>\n<br \/>Fonte: <a href=\"https:\/\/www.diariodopeixe.com.br\/noticias\/agenda-de-fevereiro-de-2026-santos-tem-paulista-e-brasileiro-e-sereias-estreiam-no-a-1\/\">Di\u00e1rio do Peixe<\/a><\/p>\n","protected":false},"excerpt":{"rendered":"<p>Agenda do Santos em fevereiro come\u00e7a com cl\u00e1ssico (Arte\/Di\u00e1rio do Peixe0 O\u00a0Santos ter\u00e1 um fevereiro bastante agitado. O Peixe inicia o segundo m\u00eas do ano com duas rodadas pelo Paulist\u00e3o e tr\u00eas pelo Brasileiro. J\u00e1 as Sereias estreiam no Brasileir\u00e3o A-1 e aguardam os detalhes do torneio. Veja os jogos do Santos: 04\/02 (qua): Santos [&hellip;]<\/p>\n","protected":false},"author":5,"featured_media":60872,"comment_status":"open","ping_status":"open","sticky":false,"template":"","format":"standard","meta":{"_seopress_robots_primary_cat":"","_seopress_titles_title":"","_seopress_titles_desc":"","_seopress_robots_index":"","footnotes":""},"categories":[55],"tags":[],"class_list":["post-60871","post","type-post","status-publish","format-standard","has-post-thumbnail","hentry","category-santos-fc"],"_links":{"self":[{"href":"https:\/\/mussicom.com\/noticias\/wp-json\/wp\/v2\/posts\/60871","targetHints":{"allow":["GET"]}}],"collection":[{"href":"https:\/\/mussicom.com\/noticias\/wp-json\/wp\/v2\/posts"}],"about":[{"href":"https:\/\/mussicom.com\/noticias\/wp-json\/wp\/v2\/types\/post"}],"author":[{"embeddable":true,"href":"https:\/\/mussicom.com\/noticias\/wp-json\/wp\/v2\/users\/5"}],"replies":[{"embeddable":true,"href":"https:\/\/mussicom.com\/noticias\/wp-json\/wp\/v2\/comments?post=60871"}],"version-history":[{"count":0,"href":"https:\/\/mussicom.com\/noticias\/wp-json\/wp\/v2\/posts\/60871\/revisions"}],"wp:featuredmedia":[{"embeddable":true,"href":"https:\/\/mussicom.com\/noticias\/wp-json\/wp\/v2\/media\/60872"}],"wp:attachment":[{"href":"https:\/\/mussicom.com\/noticias\/wp-json\/wp\/v2\/media?parent=60871"}],"wp:term":[{"taxonomy":"category","embeddable":true,"href":"https:\/\/mussicom.com\/noticias\/wp-json\/wp\/v2\/categories?post=60871"},{"taxonomy":"post_tag","embeddable":true,"href":"https:\/\/mussicom.com\/noticias\/wp-json\/wp\/v2\/tags?post=60871"}],"curies":[{"name":"wp","href":"https:\/\/api.w.org\/{rel}","templated":true}]}}