{"id":60849,"date":"2026-02-01T22:57:23","date_gmt":"2026-02-02T01:57:23","guid":{"rendered":"https:\/\/mussicom.com\/conexoes-com-lula-e-aliados-ligam-master-ao-executivo\/"},"modified":"2026-02-01T22:57:23","modified_gmt":"2026-02-02T01:57:23","slug":"conexoes-com-lula-e-aliados-ligam-master-ao-executivo","status":"publish","type":"post","link":"https:\/\/mussicom.com\/noticias\/conexoes-com-lula-e-aliados-ligam-master-ao-executivo\/","title":{"rendered":"Conex\u00f5es com Lula e aliados ligam Master ao Executivo"},"content":{"rendered":"<p> <br \/>\n<\/p>\n<div id=\"tp-post-content\">\n<p class=\"postParagraph_post-paragraph__juWZN postParagraph_post-paragraph-innerHtml__Q5vwc\">A investiga\u00e7\u00e3o sobre o Banco Master deixou de ser apenas um esc\u00e2ndalo financeiro e passou a representar um problema pol\u00edtico direto para o governo Luiz In\u00e1cio Lula da Silva. As poss\u00edveis conex\u00f5es do empres\u00e1rio Daniel Vorcaro com integrantes do Executivo, contratos p\u00fablicos firmados com empresa da qual ele \u00e9 s\u00f3cio e a atua\u00e7\u00e3o de figuras pr\u00f3ximas ao governo colocaram o Planalto no centro do debate sobre conflitos de interesse e transpar\u00eancia institucional.<\/p>\n<p class=\"postParagraph_post-paragraph__juWZN postParagraph_post-paragraph-innerHtml__Q5vwc\">O caso ganhou dimens\u00e3o pol\u00edtica com as suspeitas de conflito de interesses do ministro Dias Toffoli, que conduz o caso no Supremo Tribunal Federal, e do ministro Alexandre de Moraes, pois sua mulher fechou um contrato milion\u00e1rio para defender o Master como advogada.<\/p>\n<p class=\"postParagraph_post-paragraph__juWZN postParagraph_post-paragraph-innerHtml__Q5vwc\">O esc\u00e2ndalo se espalhou e atingiu o Poder Executivo quando vieram \u00e0 tona neste m\u00eas com as revela\u00e7\u00f5es de: um encontro de Lula com Vorcaro fora da agenda oficial, a atua\u00e7\u00e3o do ex-ministro Guido Mantega como interlocutor do banqueiro, a consultoria jur\u00eddica prestada ao Banco Master pelo ex-ministro Ricardo Lewandowski e a proximidade do senador Jaques Wagner, do PT, com personagens ligados ao grupo. Embora n\u00e3o haja acusa\u00e7\u00f5es formais contra esses nomes, as rela\u00e7\u00f5es expostas elevaram a press\u00e3o pol\u00edtica sobre o governo.<\/p>\n<p class=\"postParagraph_post-paragraph__juWZN postParagraph_post-paragraph-innerHtml__Q5vwc\">Nos bastidores do Congresso, parlamentares da oposi\u00e7\u00e3o articulam pedidos para criar uma Comiss\u00e3o Parlamentar de Inqu\u00e9rito (CPI), enquanto aliados tentam conter o desgaste e refor\u00e7ar o discurso de que as investiga\u00e7\u00f5es seguem de forma t\u00e9cnica e independente.<\/p>\n<p class=\"postParagraph_post-paragraph__juWZN postParagraph_post-paragraph-innerHtml__Q5vwc\">Para o jurista Fabr\u00edcio Rebelo, o fato de o caso tramitar sob sigilo e em um formato considerado por ele at\u00edpico abre espa\u00e7o para explora\u00e7\u00e3o pol\u00edtica. Segundo ele, esse cen\u00e1rio pode reacender o discurso de combate \u00e0 corrup\u00e7\u00e3o e mobilizar setores da oposi\u00e7\u00e3o.<\/p>\n<p class=\"postParagraph_post-paragraph__juWZN postParagraph_post-paragraph-innerHtml__Q5vwc\">\u201cPor se tratar de mais um procedimento at\u00edpico e coberto por sigilo, se torna natural a explora\u00e7\u00e3o pol\u00edtica do caso com o fundamento de estar havendo algum tipo de prote\u00e7\u00e3o aos envolvidos. Essa leitura tem potencial para retomar a pauta de combate \u00e0 corrup\u00e7\u00e3o no pa\u00eds e mobilizar novamente a oposi\u00e7\u00e3o, inclusive com manifesta\u00e7\u00f5es populares, at\u00e9 ent\u00e3o adormecidas. Caso o epis\u00f3dio ainda se estenda, ele tamb\u00e9m dever\u00e1 ser recorrente na campanha eleitoral deste ano\u201d, afirma.<\/p>\n<p class=\"postParagraph_post-paragraph__juWZN postParagraph_post-paragraph-innerHtml__Q5vwc\">As suspeitas sobre o Banco Master come\u00e7aram a ganhar dimens\u00e3o p\u00fablica no segundo semestre de 2025, quando \u00f3rg\u00e3os de controle e o Banco Central identificaram inconsist\u00eancias cont\u00e1beis relevantes na carteira de ativos da institui\u00e7\u00e3o. As apura\u00e7\u00f5es apontaram ind\u00edcios de opera\u00e7\u00f5es lastreadas em cr\u00e9ditos considerados inexistentes ou com valor inflado, negociados com outras institui\u00e7\u00f5es financeiras.<\/p>\n<p class=\"postParagraph_post-paragraph__juWZN postParagraph_post-paragraph-innerHtml__Q5vwc\">O Banco Master virou alvo de uma investiga\u00e7\u00e3o de grande porte a partir de novembro de 2025, quando autoridades federais passaram a apurar um rombo estimado em at\u00e9 R$ 50 bilh\u00f5es envolvendo a venda de cr\u00e9ditos inexistentes ao Banco de Bras\u00edlia (BRB) e o uso irregular do Fundo Garantidor de Cr\u00e9ditos (FGC). A ofensiva resultou na deflagra\u00e7\u00e3o da Opera\u00e7\u00e3o Compliance Zero. O empres\u00e1rio Daniel Vorcaro chegou a ser preso, mas foi posteriormente solto mediante medidas cautelares e est\u00e1 em pris\u00e3o domiciliar.<\/p>\n<p class=\"postParagraph_post-paragraph__juWZN postParagraph_post-paragraph-innerHtml__Q5vwc\">Com a men\u00e7\u00e3o a autoridades com foro, parte das investiga\u00e7\u00f5es foi remetida ao STF. A partir desse momento, registros de reuni\u00f5es, contratos e rela\u00e7\u00f5es profissionais passaram a ser analisados tamb\u00e9m sob o prisma pol\u00edtico.<\/p>\n<h2 class=\"postParagraph_post-paragraph__juWZN postParagraph_post-paragraph-innerHtml__Q5vwc postParagraph_type-tag-h2__TtFkT\">Vorcaro teve encontro fora da agenda e rela\u00e7\u00f5es com Lula<\/h2>\n<p class=\"postParagraph_post-paragraph__juWZN postParagraph_post-paragraph-innerHtml__Q5vwc\">Revela\u00e7\u00f5es recentes divulgadas pela <em>CNN Brasil<\/em> apontaram que, em dezembro de 2024, o presidente Lula recebeu Daniel Vorcaro em uma reuni\u00e3o que n\u00e3o constava da agenda oficial do Pal\u00e1cio do Planalto, com a presen\u00e7a de ministros e interlocutores pol\u00edticos. A participa\u00e7\u00e3o de Vorcaro em um encontro reservado com integrantes do Executivo voltou ao centro do debate quando a ministra da Secretaria de Rela\u00e7\u00f5es Institucionais, Gleisi Hoffmann, confirmou que a reuni\u00e3o ocorreu e defendeu que \u201c\u00e9 inerente ao cargo\u201d receber presidentes de bancos.<\/p>\n<p class=\"postParagraph_post-paragraph__juWZN postParagraph_post-paragraph-innerHtml__Q5vwc\">O encontro de 2024, que n\u00e3o constava na agenda oficial do presidente, teve ainda a participa\u00e7\u00e3o de Guido Mantega, ex-ministro da Fazenda e do Planejamento de governos petistas, do empres\u00e1rio Augusto Lima, ex-s\u00f3cio do Master, e de Gabriel Gal\u00edpolo, que \u00e0 \u00e9poca havia sido indicado por Lula para assumir a presid\u00eancia do Banco Central.<\/p>\n<p class=\"postParagraph_post-paragraph__juWZN postParagraph_post-paragraph-innerHtml__Q5vwc\">Os temas discutidos no encontro n\u00e3o vieram a p\u00fablico. O banqueiro Vorcaro ainda esteve outras tr\u00eas vezes no Pal\u00e1cio do Planalto, mas os detalhes dessas visitas n\u00e3o foram divulgados.<\/p>\n<p class=\"postParagraph_post-paragraph__juWZN postParagraph_post-paragraph-innerHtml__Q5vwc\">Lula tamb\u00e9m participou da inaugura\u00e7\u00e3o da f\u00e1brica da Biomm em Nova Lima (MG), empresa de biotecnologia da qual Vorcaro \u00e9 acionista, em abril de 2024. A Biomm firmou com o governo contratos para o fornecimento de insulina ao SUS que somam R$303,65 milh\u00f5es. A celebra\u00e7\u00e3o da obra \u2014 e os contratos assinados \u2014 voltaram ao centro do debate pol\u00edtico quando, em janeiro de 2026, o presidente passou a criticar publicamente Vorcaro, rotulando-o de \u201cgolpista\u201d.<\/p>\n<p class=\"postParagraph_post-paragraph__juWZN postParagraph_post-paragraph-innerHtml__Q5vwc\">\u00c0 <strong>Gazeta do Povo<\/strong>, na \u00faltima quinta-feira (29), o Minist\u00e9rio da Sa\u00fade afirmou que a parceria para produ\u00e7\u00e3o de insulina no Brasil envolvendo a Biomm come\u00e7ou em 2013, \u201cmais de uma d\u00e9cada e sete anos antes da participa\u00e7\u00e3o do Fundo de Investimento Cartago na empresa\u201d. A pasta ressaltou ainda que cumpriu estritamente as regras da Lei de Licita\u00e7\u00f5es, \u201cvencendo a empresa que ofertou o menor pre\u00e7o\u201d. \u201cOs medicamentos foram entregues pela Biomm, primeira colocada no preg\u00e3o, no prazo e qualidade estabelecidos pelo contrato\u201d, completou.<\/p>\n<p class=\"postParagraph_post-paragraph__juWZN postParagraph_post-paragraph-innerHtml__Q5vwc\">J\u00e1 a Biomm respondeu que \u201cn\u00e3o permite interfer\u00eancia direta por parte de acionistas individuais\u201d.<\/p>\n<p class=\"postParagraph_post-paragraph__juWZN postParagraph_post-paragraph-innerHtml__Q5vwc\">Uma reportagem publicada pela <em>CNN Brasil<\/em> informou que o presidente Lula tamb\u00e9m teria se reunido com Dias Toffoli, relator da investiga\u00e7\u00e3o no STF, em dezembro do ano passado, em um encontro que n\u00e3o constou da agenda oficial do Planalto e contou com a presen\u00e7a do ministro da Fazenda, Fernando Haddad. A conversa reservada teria ocorrido em Bras\u00edlia em meio \u00e0s primeiras fases de sigilo decretado no inqu\u00e9rito. Auxiliares do presidente e aliados avaliam que um novo encontro entre Lula e Toffoli pode ocorrer em meio \u00e0s cr\u00edticas sobre a condu\u00e7\u00e3o do caso.<\/p>\n<p class=\"postParagraph_post-paragraph__juWZN postParagraph_post-paragraph-innerHtml__Q5vwc\">Para o jurista Miguel Vidigal, a situa\u00e7\u00e3o \u00e9 delicada para o governo. Ele afirma que a simples possibilidade de um encontro entre o presidente da Rep\u00fablica e o relator do caso no STF para tratar do tema seria algo in\u00e9dito e sens\u00edvel do ponto de vista da separa\u00e7\u00e3o entre os Poderes.<\/p>\n<p class=\"postParagraph_post-paragraph__juWZN postParagraph_post-paragraph-innerHtml__Q5vwc\">Vidigal tamb\u00e9m aponta que a investiga\u00e7\u00e3o pode levantar questionamentos sobre falhas de regula\u00e7\u00e3o financeira e diz que o ritmo acelerado das dilig\u00eancias determinadas por Toffoli pode gerar questionamentos futuros sobre a validade processual.<\/p>\n<p class=\"postParagraph_post-paragraph__juWZN postParagraph_post-paragraph-innerHtml__Q5vwc\">\u201cCeleridade pode evitar destrui\u00e7\u00e3o de provas, mas tamb\u00e9m pode criar a percep\u00e7\u00e3o de condu\u00e7\u00e3o excessiva, o que afeta a credibilidade\u201d, afirma. Ele lembra que decis\u00f5es do STF de concentrar investiga\u00e7\u00f5es na Corte t\u00eam precedentes recentes, mas ressalta que a medida \u00e9 excepcional e sempre gera debate sobre o princ\u00edpio do juiz natural e o duplo grau de jurisdi\u00e7\u00e3o.<\/p>\n<div class=\"postViewMore_post-view-more-container___5wai\" data-mrf-recirculation=\"Post - Veja tamb\u00e9m\">\n<p class=\"gp-styles-module-size-small-afeYRa gp-styles-module-font-family2-afeYRa gp-styles-module-color-secondary-afeYRa gp-styles-module-weight-bold-afeYRa\">VEJA TAMB\u00c9M:<\/p>\n<ul class=\"postViewMore_post-view-more-list__CU_CE\">\n<li class=\"postViewMore_post-view-more-item__2MzRb\">\n<div class=\"postViewMore_post-view-more-image__5gUSe\"><picture class=\"imageDefault_image-container__XGd8_\"><\/picture><\/div>\n<p>Toffoli pede para PGR orientar se inqu\u00e9rito de influenciadores do Master deve seguir no STF<\/li>\n<li class=\"postViewMore_post-view-more-item__2MzRb\">\n<div class=\"postViewMore_post-view-more-image__5gUSe\"><picture class=\"imageDefault_image-container__XGd8_\"><img decoding=\"async\" class=\"imageDefault_image-item__lU2Dk\" src=\"https:\/\/media.gazetadopovo.com.br\/2025\/11\/11205536\/toffoli-mendonca-stf-380x214.jpg.webp\" alt=\"Toffoli determinou selecionou juiz para participar de trabalhos da Pol\u00edcia Federal\" width=\"72\" height=\"72\"\/><\/picture><\/div>\n<p>Reorganiza\u00e7\u00e3o de depoimentos no caso Master d\u00e1 f\u00f4lego \u00e0 PF em meio a restri\u00e7\u00f5es de Toffoli<\/li>\n<\/ul>\n<\/div>\n<h2 class=\"postParagraph_post-paragraph__juWZN postParagraph_post-paragraph-innerHtml__Q5vwc postParagraph_type-tag-h2__TtFkT\">Guido Mantega e Jaques Wagner: consultoria e encontros pol\u00edticos<\/h2>\n<p class=\"postParagraph_post-paragraph__juWZN postParagraph_post-paragraph-innerHtml__Q5vwc\">Outro nome que passou a circular no contexto das apura\u00e7\u00f5es \u00e9 o do ex-ministro da Fazenda Guido Mantega. Ele foi mencionado em relatos atribu\u00eddos ao empres\u00e1rio Daniel Vorcaro, no \u00e2mbito das investiga\u00e7\u00f5es que analisam a rede de rela\u00e7\u00f5es pol\u00edticas e institucionais mantidas pelo banco.<\/p>\n<p class=\"postParagraph_post-paragraph__juWZN postParagraph_post-paragraph-innerHtml__Q5vwc\">Segundo den\u00fancia publicada pelo site <em>Metr\u00f3poles<\/em>, Mantega teria atuado como consultor da institui\u00e7\u00e3o com remunera\u00e7\u00e3o mensal de cerca de R$ 1 milh\u00e3o, em articula\u00e7\u00e3o que teria contado com a indica\u00e7\u00e3o do l\u00edder do governo no Senado, Jaques Wagner (PT).<\/p>\n<p class=\"postParagraph_post-paragraph__juWZN postParagraph_post-paragraph-innerHtml__Q5vwc\">De acordo com a publica\u00e7\u00e3o, o ex-ministro teria participado de tratativas relacionadas \u00e0 tentativa de venda do banco ao Banco de Bras\u00edlia (BRB) e permanecido na fun\u00e7\u00e3o at\u00e9 semanas antes de o Banco Central decretar a liquida\u00e7\u00e3o da institui\u00e7\u00e3o, em novembro. Os pagamentos, ainda segundo a den\u00fancia, teriam somado ao menos R$ 11 milh\u00f5es.<\/p>\n<p class=\"postParagraph_post-paragraph__juWZN postParagraph_post-paragraph-innerHtml__Q5vwc\">A informa\u00e7\u00e3o ganhou peso pol\u00edtico por envolver um ex-integrante de destaque dos governos do PT e por contrastar com declara\u00e7\u00f5es recentes do presidente Lula, que classificou como \u201cgolpe\u201d a atua\u00e7\u00e3o do Daniel Vorcaro. O epis\u00f3dio tamb\u00e9m \u00e9 relacionado ao per\u00edodo posterior \u00e0 desist\u00eancia do governo em indicar Mantega para o conselho de administra\u00e7\u00e3o da Vale, movimento que havia gerado rea\u00e7\u00e3o no mercado \u00e0 \u00e9poca.<\/p>\n<p class=\"postParagraph_post-paragraph__juWZN postParagraph_post-paragraph-innerHtml__Q5vwc\">Ao <em>Metr\u00f3poles<\/em>, Mantega negou irregularidades e afirmou que sua atua\u00e7\u00e3o foi t\u00e9cnica e dentro da legalidade. A defesa dele alegou que todas as consultorias foram t\u00e9cnicas e regulares, e que n\u00e3o h\u00e1 provas at\u00e9 agora de que sua participa\u00e7\u00e3o esteja ligada a favorecimentos ilegais.<\/p>\n<p class=\"postParagraph_post-paragraph__juWZN postParagraph_post-paragraph-innerHtml__Q5vwc\">No mesmo contexto, o nome de Jaques Wagner tamb\u00e9m passou a ser associado \u00e0s articula\u00e7\u00f5es em torno do banco. Segundo relato do pr\u00f3prio senador, um executivo ligado \u00e0 institui\u00e7\u00e3o, Augusto Lima, o teria procurado em busca de uma indica\u00e7\u00e3o profissional, ocasi\u00e3o em que Wagner afirmou ter sugerido o nome do ex-ministro do STF Ricardo Lewandowski, que \u00e0 \u00e9poca deixava a Corte. Wagner declarou estar \u201ctranquilo\u201d em rela\u00e7\u00e3o \u00e0 sua liga\u00e7\u00e3o com Lima.<\/p>\n<p class=\"postParagraph_post-paragraph__juWZN postParagraph_post-paragraph-innerHtml__Q5vwc\">O senador tamb\u00e9m confirmou conhecer Daniel Vorcaro, mas minimizou a rela\u00e7\u00e3o, afirmando que o contato n\u00e3o teria maiores implica\u00e7\u00f5es. Em declara\u00e7\u00f5es recentes, Wagner defendeu que uma eventual dela\u00e7\u00e3o de Vorcaro \u2014 ainda n\u00e3o confirmada \u2014 poderia contribuir para esclarecer os fatos e poss\u00edveis conex\u00f5es pol\u00edticas relacionadas ao caso. At\u00e9 o momento, ele sustenta que n\u00e3o teve participa\u00e7\u00e3o em decis\u00f5es financeiras ou operacionais ligadas \u00e0 institui\u00e7\u00e3o.<\/p>\n<h2 class=\"postParagraph_post-paragraph__juWZN postParagraph_post-paragraph-innerHtml__Q5vwc postParagraph_type-tag-h2__TtFkT\">Ricardo Lewandowski: consultoria e poss\u00edvel conflito de interesse<\/h2>\n<p class=\"postParagraph_post-paragraph__juWZN postParagraph_post-paragraph-innerHtml__Q5vwc\">Outro fator que ampliou a sensibilidade pol\u00edtica do caso surgiu a partir de revela\u00e7\u00f5es de liga\u00e7\u00f5es entre Vorcaro e advogados ligados ao ex-membro do STF e ex-ministro da Justi\u00e7a, Ricardo Lewandowski. Uma dessas den\u00fancias foi feita pela <strong>Gazeta do Povo<\/strong> envolvendo o advogado Enrique de Abreu Lewandowski, filho do ex-ministro. <\/p>\n<p class=\"postParagraph_post-paragraph__juWZN postParagraph_post-paragraph-innerHtml__Q5vwc\">Segundo a reportagem, Enrique atuou no Superior Tribunal de Justi\u00e7a (STJ), em dezembro de 2025, em favor de uma empresa investigada por fraudes em empr\u00e9stimos consignados a servidores p\u00fablicos de Mato Grosso e apontada como fornecedora de cr\u00e9ditos que foram revendidos e posteriormente integraram carteiras do Banco Master.<\/p>\n<p class=\"postParagraph_post-paragraph__juWZN postParagraph_post-paragraph-innerHtml__Q5vwc\">\u00c0 \u00e9poca, Ricardo Lewandowski ainda ocupava o cargo de ministro da Justi\u00e7a e Seguran\u00e7a P\u00fablica no governo do presidente Luiz In\u00e1cio Lula da Silva, fun\u00e7\u00e3o da qual se desligou em 8 de janeiro deste ano.<\/p>\n<p class=\"postParagraph_post-paragraph__juWZN postParagraph_post-paragraph-innerHtml__Q5vwc\">Procurado pela <strong>Gazeta do Povo,<\/strong> Ricardo Lewandowski afirmou n\u00e3o ter \u201cqualquer conhecimento sobre eventual recurso no STJ\u201d e declarou que se afastou do exerc\u00edcio da advocacia e suspendeu seu registro na Ordem dos Advogados do Brasil (OAB), conforme determina a legisla\u00e7\u00e3o. A assessoria de Enrique Lewandowski tamb\u00e9m foi procurada, mas n\u00e3o houve retorno at\u00e9 a publica\u00e7\u00e3o. O espa\u00e7o segue aberto para manifesta\u00e7\u00e3o.<\/p>\n<p class=\"postParagraph_post-paragraph__juWZN postParagraph_post-paragraph-innerHtml__Q5vwc\">A coincid\u00eancia temporal n\u00e3o configura ilegalidade, mas ganhou relev\u00e2ncia diante das apura\u00e7\u00f5es sobre o Banco Master. Uma reportagem do Metr\u00f3poles mostrou que o grupo de Daniel Vorcaro teria pago cerca de R$ 5 milh\u00f5es ao escrit\u00f3rio ligado \u00e0 fam\u00edlia do ex-ministro entre 2023 e 2025 &#8211; per\u00edodo que abrangeu o per\u00edodo em que Lewandowski foi ministro de Lula..<\/p>\n<p class=\"postParagraph_post-paragraph__juWZN postParagraph_post-paragraph-innerHtml__Q5vwc\">A ministra das Rela\u00e7\u00f5es Institucionais, Gleisi Hoffmann, disse na quarta-feira (28) que o governo estava ciente da consultoria prestada por Lewandowski, argumentando que n\u00e3o havia ilegalidade em sua exist\u00eancia. Segundo ela, o ministro teria informado ao presidente sobre seus contratos privados ao ser convidado e seguido a legisla\u00e7\u00e3o ao se afastar.<\/p>\n<p class=\"postParagraph_post-paragraph__juWZN postParagraph_post-paragraph-innerHtml__Q5vwc\">Cr\u00edticos do governo levantaram a possibilidade de Lewandowski ter deixado o Minist\u00e9rio da Justi\u00e7a para evitar que Lula fosse afetado pelo esc\u00e2ndalo do Master, mas a possibilidade foi negada por governistas.<\/p>\n<h2 class=\"postParagraph_post-paragraph__juWZN postParagraph_post-paragraph-innerHtml__Q5vwc postParagraph_type-tag-h2__TtFkT\">Juristas veem risco de desgaste institucional<\/h2>\n<p class=\"postParagraph_post-paragraph__juWZN postParagraph_post-paragraph-innerHtml__Q5vwc\">As investiga\u00e7\u00f5es sobre o Master seguem em curso, com compartilhamento de dados entre PF, Minist\u00e9rio P\u00fablico e inst\u00e2ncias judiciais. A expectativa, nos bastidores, \u00e9 que novas fases da apura\u00e7\u00e3o tragam ainda mais elementos que clarifiquem ou aprofundem o grau de envolvimento das figuras citadas em epis\u00f3dios anteriores e em desdobramentos mais recentes do Caso Master.<\/p>\n<p class=\"postParagraph_post-paragraph__juWZN postParagraph_post-paragraph-innerHtml__Q5vwc\">Fabr\u00edcio Rebelo questiona o ritmo das dilig\u00eancias determinado no inqu\u00e9rito. Ele avalia que a combina\u00e7\u00e3o entre prazos curtos impostos \u00e0 Pol\u00edcia Federal e a aus\u00eancia, at\u00e9 o momento, de conclus\u00e3o de per\u00edcias t\u00e9cnicas pode afetar a percep\u00e7\u00e3o p\u00fablica sobre a investiga\u00e7\u00e3o.<\/p>\n<p class=\"postParagraph_post-paragraph__juWZN postParagraph_post-paragraph-innerHtml__Q5vwc\">\u201cSem nenhuma d\u00favida. \u00c9 um procedimento que vem subvertendo toda a l\u00f3gica da investiga\u00e7\u00e3o penal, notadamente a partir da lacra\u00e7\u00e3o das provas, algo que n\u00e3o faz absolutamente nenhum sentido jur\u00eddico. Quando a isso se soma uma s\u00e9rie de determina\u00e7\u00f5es heterodoxas, o questionamento quanto \u00e0 isen\u00e7\u00e3o e aos objetivos da investiga\u00e7\u00e3o se torna mais do que natural, mas verdadeiramente estimulado\u201d, diz.<\/p>\n<p class=\"postParagraph_post-paragraph__juWZN postParagraph_post-paragraph-innerHtml__Q5vwc\">As cr\u00edticas se somam a outras avalia\u00e7\u00f5es que apontam para o risco de desgaste institucional caso o processo seja visto como excessivamente acelerado ou conduzido fora dos padr\u00f5es tradicionais da investiga\u00e7\u00e3o criminal.<\/p>\n<p class=\"postParagraph_post-paragraph__juWZN postParagraph_post-paragraph-innerHtml__Q5vwc\">J\u00e1 Juan Arruda destaca que a aus\u00eancia, at\u00e9 o momento, de laudos periciais conclusivos e a imposi\u00e7\u00e3o de prazos curtos \u00e0 Pol\u00edcia Federal podem afetar a percep\u00e7\u00e3o p\u00fablica sobre a solidez da apura\u00e7\u00e3o. \u201cEm um Estado de Direito, n\u00e3o basta investigar r\u00e1pido; \u00e9 preciso investigar bem\u201d, diz. Segundo ele, quando a exce\u00e7\u00e3o come\u00e7a a se repetir, cresce a preocupa\u00e7\u00e3o com a previsibilidade do sistema de Justi\u00e7a e com a confian\u00e7a nas institui\u00e7\u00f5es.<\/p>\n<p class=\"postParagraph_post-paragraph__juWZN postParagraph_post-paragraph-innerHtml__Q5vwc\">A reportagem procurou a Presid\u00eancia da Rep\u00fablica para se manifestar sobre as reuni\u00f5es mencionadas e sobre a rela\u00e7\u00e3o de integrantes do governo com personagens ligados ao Banco Master, mas n\u00e3o houve resposta at\u00e9 a conclus\u00e3o desta reportagem. O espa\u00e7o segue aberto para atualiza\u00e7\u00e3o.<\/p>\n<\/div>\n<p><br \/>\n<br \/>Fonte: <a href=\"https:\/\/www.gazetadopovo.com.br\/republica\/conexoes-com-lula-mantega-lewandowski-e-jaques-wagner-ligam-escandalo-do-master-ao-executivo\/\">Revista Oeste<\/a><\/p>\n","protected":false},"excerpt":{"rendered":"<p>A investiga\u00e7\u00e3o sobre o Banco Master deixou de ser apenas um esc\u00e2ndalo financeiro e passou a representar um problema pol\u00edtico direto para o governo Luiz In\u00e1cio Lula da Silva. As poss\u00edveis conex\u00f5es do empres\u00e1rio Daniel Vorcaro com integrantes do Executivo, contratos p\u00fablicos firmados com empresa da qual ele \u00e9 s\u00f3cio e a atua\u00e7\u00e3o de figuras [&hellip;]<\/p>\n","protected":false},"author":5,"featured_media":60850,"comment_status":"open","ping_status":"open","sticky":false,"template":"","format":"standard","meta":{"_seopress_robots_primary_cat":"","_seopress_titles_title":"","_seopress_titles_desc":"","_seopress_robots_index":"","footnotes":""},"categories":[1],"tags":[],"class_list":["post-60849","post","type-post","status-publish","format-standard","has-post-thumbnail","hentry","category-ultimas-noticias"],"_links":{"self":[{"href":"https:\/\/mussicom.com\/noticias\/wp-json\/wp\/v2\/posts\/60849","targetHints":{"allow":["GET"]}}],"collection":[{"href":"https:\/\/mussicom.com\/noticias\/wp-json\/wp\/v2\/posts"}],"about":[{"href":"https:\/\/mussicom.com\/noticias\/wp-json\/wp\/v2\/types\/post"}],"author":[{"embeddable":true,"href":"https:\/\/mussicom.com\/noticias\/wp-json\/wp\/v2\/users\/5"}],"replies":[{"embeddable":true,"href":"https:\/\/mussicom.com\/noticias\/wp-json\/wp\/v2\/comments?post=60849"}],"version-history":[{"count":0,"href":"https:\/\/mussicom.com\/noticias\/wp-json\/wp\/v2\/posts\/60849\/revisions"}],"wp:featuredmedia":[{"embeddable":true,"href":"https:\/\/mussicom.com\/noticias\/wp-json\/wp\/v2\/media\/60850"}],"wp:attachment":[{"href":"https:\/\/mussicom.com\/noticias\/wp-json\/wp\/v2\/media?parent=60849"}],"wp:term":[{"taxonomy":"category","embeddable":true,"href":"https:\/\/mussicom.com\/noticias\/wp-json\/wp\/v2\/categories?post=60849"},{"taxonomy":"post_tag","embeddable":true,"href":"https:\/\/mussicom.com\/noticias\/wp-json\/wp\/v2\/tags?post=60849"}],"curies":[{"name":"wp","href":"https:\/\/api.w.org\/{rel}","templated":true}]}}