{"id":60848,"date":"2026-02-01T22:51:31","date_gmt":"2026-02-02T01:51:31","guid":{"rendered":"https:\/\/mussicom.com\/calor-de-quase-40-c-afeta-desenvolvimento-das-lavouras-gauchas\/"},"modified":"2026-02-01T22:51:31","modified_gmt":"2026-02-02T01:51:31","slug":"calor-de-quase-40-c-afeta-desenvolvimento-das-lavouras-gauchas","status":"publish","type":"post","link":"https:\/\/mussicom.com\/noticias\/calor-de-quase-40-c-afeta-desenvolvimento-das-lavouras-gauchas\/","title":{"rendered":"Calor de quase 40\u00a0\u00b0C afeta desenvolvimento das lavouras ga\u00fachas"},"content":{"rendered":"<p> <br \/>\n<\/p>\n<div>\n<p style=\"text-align:justify\">Entre os dias 22 e 28 de janeiro, o Rio Grande do Sul enfrentou uma intensa onda de calor, com temperaturas pr\u00f3ximas dos 40\u00a0\u00b0C em diversas regi\u00f5es. A situa\u00e7\u00e3o preocupa produtores e t\u00e9cnicos, com reflexos diretos sobre lavouras, pastagens e bem-estar animal.&#13;\n<\/p>\n<p style=\"text-align:justify\">Segundo dados da Secretaria da Agricultura, Pecu\u00e1ria, Produ\u00e7\u00e3o Sustent\u00e1vel e Irriga\u00e7\u00e3o do Rio Grande do Sul, a\u00a0atua\u00e7\u00e3o de um sistema de alta press\u00e3o garantiu tempo est\u00e1vel durante toda a \u00faltima semana de janeiro no Rio Grande do Sul. Sem nuvens e com escassez de chuvas, as temperaturas m\u00e1ximas aumentaram progressivamente. Nos dias 27 e 28, o calor intenso tomou conta do territ\u00f3rio ga\u00facho, com m\u00e1ximas chegando a 39,2\u00a0\u00b0C em Santo Ant\u00f4nio das Miss\u00f5es.<\/p>\n<p style=\"text-align:justify\">O interior do estado foi o mais impactado, com registros generalizados acima dos 38\u00a0\u00b0C. Por outro lado, a precipita\u00e7\u00e3o ficou muito abaixo do necess\u00e1rio: apenas pontos isolados receberam volumes entre 5 e 20 mm, sendo o maior acumulado em Santa Vit\u00f3ria do Palmar (19,9 mm).&#13;\n<\/p>\n<p style=\"text-align:justify\">A combina\u00e7\u00e3o de calor elevado, alta radia\u00e7\u00e3o solar e ventos frequentes intensificou a perda de umidade nos solos, principalmente nas regi\u00f5es de solo mais raso ou arenoso. Nas lavouras de soja, em especial as em flora\u00e7\u00e3o e enchimento de gr\u00e3os \u2014 fases mais sens\u00edveis \u00e0 falta de \u00e1gua \u2014 j\u00e1 s\u00e3o observados sinais fisiol\u00f3gicos de estresse h\u00eddrico. Caso o quadro persista, h\u00e1 risco de perda no pegamento de vagens.<\/p>\n<p style=\"text-align:justify\">Mesmo com o potencial produtivo ainda considerado elevado, a manuten\u00e7\u00e3o depende da regulariza\u00e7\u00e3o das chuvas nas pr\u00f3ximas semanas. No milho, lavouras de sequeiro est\u00e3o adiantando o fim do ciclo por conta da escassez h\u00eddrica, o que pode impactar no peso dos gr\u00e3os. J\u00e1 nos cultivos irrigados, o rendimento se mant\u00e9m est\u00e1vel.&#13;\n<\/p>\n<p style=\"text-align:justify\">Na bovinocultura de corte e leite, o calor excessivo provocou estresse t\u00e9rmico nos rebanhos. O desempenho animal, especialmente na produ\u00e7\u00e3o leiteira, pode ser comprometido se medidas de manejo n\u00e3o forem adotadas rapidamente.<\/p>\n<p style=\"text-align:justify\">As pastagens, embora ainda apresentem boa disponibilidade de forragem, j\u00e1 sofrem com redu\u00e7\u00e3o na qualidade, exigindo maior aten\u00e7\u00e3o na gest\u00e3o das lota\u00e7\u00f5es.<\/p>\n<p style=\"text-align:justify\">Segundo o boletim, o padr\u00e3o atmosf\u00e9rico de alta press\u00e3o deve continuar nos pr\u00f3ximos dias. Entre 29 de janeiro e 4 de fevereiro, a previs\u00e3o \u00e9 de tempo est\u00e1vel e chuvas escassas. A temperatura, que ter\u00e1 leve decl\u00ednio no in\u00edcio do per\u00edodo, volta a subir a partir de 1\u00ba de fevereiro, refor\u00e7ando o cen\u00e1rio de estresse t\u00e9rmico e h\u00eddrico.<\/p>\n<\/p><\/div>\n<p><script data-cfasync=\"false\">\n    !function (f, b, e, v, n, t, s) {\n        if (f.fbq) return; n = f.fbq = function () {\n            n.callMethod ?\n                n.callMethod.apply(n, arguments) : n.queue.push(arguments)\n        };\n        if (!f._fbq) f._fbq = n; n.push = n; n.loaded = !0; n.version = '2.0';\n        n.queue = []; t = b.createElement(e); t.async = !0;\n        t.src = v; s = b.getElementsByTagName(e)[0];\n        s.parentNode.insertBefore(t, s)\n    }(window, document, 'script',\n        'https:\/\/connect.facebook.net\/en_US\/fbevents.js');\n    fbq('init', '522546078623747');\n    fbq('track', 'PageView');\n<\/script><br \/>\n<br \/><br \/>\n<br \/>Fonte: <a href=\"https:\/\/www.agrolink.com.br\/noticias\/calor-de-quase-40--c-afeta-desenvolvimento-das-lavouras-gauchas_510442.html\">AGROLINK<\/a><\/p>\n","protected":false},"excerpt":{"rendered":"<p>Entre os dias 22 e 28 de janeiro, o Rio Grande do Sul enfrentou uma intensa onda de calor, com temperaturas pr\u00f3ximas dos 40\u00a0\u00b0C em diversas regi\u00f5es. A situa\u00e7\u00e3o preocupa produtores e t\u00e9cnicos, com reflexos diretos sobre lavouras, pastagens e bem-estar animal.&#13; Segundo dados da Secretaria da Agricultura, Pecu\u00e1ria, Produ\u00e7\u00e3o Sustent\u00e1vel e Irriga\u00e7\u00e3o do Rio [&hellip;]<\/p>\n","protected":false},"author":5,"featured_media":40122,"comment_status":"open","ping_status":"open","sticky":false,"template":"","format":"standard","meta":{"_seopress_robots_primary_cat":"","_seopress_titles_title":"","_seopress_titles_desc":"","_seopress_robots_index":"","footnotes":""},"categories":[53],"tags":[],"class_list":["post-60848","post","type-post","status-publish","format-standard","has-post-thumbnail","hentry","category-agronegocio"],"_links":{"self":[{"href":"https:\/\/mussicom.com\/noticias\/wp-json\/wp\/v2\/posts\/60848","targetHints":{"allow":["GET"]}}],"collection":[{"href":"https:\/\/mussicom.com\/noticias\/wp-json\/wp\/v2\/posts"}],"about":[{"href":"https:\/\/mussicom.com\/noticias\/wp-json\/wp\/v2\/types\/post"}],"author":[{"embeddable":true,"href":"https:\/\/mussicom.com\/noticias\/wp-json\/wp\/v2\/users\/5"}],"replies":[{"embeddable":true,"href":"https:\/\/mussicom.com\/noticias\/wp-json\/wp\/v2\/comments?post=60848"}],"version-history":[{"count":0,"href":"https:\/\/mussicom.com\/noticias\/wp-json\/wp\/v2\/posts\/60848\/revisions"}],"wp:featuredmedia":[{"embeddable":true,"href":"https:\/\/mussicom.com\/noticias\/wp-json\/wp\/v2\/media\/40122"}],"wp:attachment":[{"href":"https:\/\/mussicom.com\/noticias\/wp-json\/wp\/v2\/media?parent=60848"}],"wp:term":[{"taxonomy":"category","embeddable":true,"href":"https:\/\/mussicom.com\/noticias\/wp-json\/wp\/v2\/categories?post=60848"},{"taxonomy":"post_tag","embeddable":true,"href":"https:\/\/mussicom.com\/noticias\/wp-json\/wp\/v2\/tags?post=60848"}],"curies":[{"name":"wp","href":"https:\/\/api.w.org\/{rel}","templated":true}]}}