{"id":60846,"date":"2026-02-01T22:42:17","date_gmt":"2026-02-02T01:42:17","guid":{"rendered":"https:\/\/mussicom.com\/master-juntou-do-pcc-ao-stf-diz-vereador-rony-gabriel\/"},"modified":"2026-02-01T22:42:17","modified_gmt":"2026-02-02T01:42:17","slug":"master-juntou-do-pcc-ao-stf-diz-vereador-rony-gabriel","status":"publish","type":"post","link":"https:\/\/mussicom.com\/noticias\/master-juntou-do-pcc-ao-stf-diz-vereador-rony-gabriel\/","title":{"rendered":"\u201cMaster juntou do PCC ao STF\u201d, diz vereador Rony Gabriel"},"content":{"rendered":"<p> <br \/>\n<\/p>\n<div id=\"tp-post-content\">\n<p class=\"postParagraph_post-paragraph__juWZN postParagraph_post-paragraph-innerHtml__Q5vwc\">A decis\u00e3o do vereador Rony Gabriel (PL), de Erechim (RS), de expor publicamente o esquema de contrata\u00e7\u00e3o de influenciadores e p\u00e1ginas de redes sociais para atacar o Banco Central (BC) ap\u00f3s a liquida\u00e7\u00e3o do Banco Master deu proje\u00e7\u00e3o nacional ao pol\u00edtico e aprofundou a crise institucional em torno do caso.<\/p>\n<p class=\"postParagraph_post-paragraph__juWZN postParagraph_post-paragraph-innerHtml__Q5vwc\">Com quase dois milh\u00f5es de seguidores no Instagram, o pr\u00e9-candidato a deputado federal revelou ter recusado, em dezembro, convite para integrar o chamado \u201cProjeto DV\u201d \u2014 refer\u00eancia ao banqueiro Daniel Vorcaro \u2014 articulado por ag\u00eancias de marketing digital. No in\u00edcio de janeiro, ele passou a denunciar os bastidores da opera\u00e7\u00e3o, que j\u00e1 vinha sendo monitorada pela Pol\u00edcia Federal (PF).<\/p>\n<p class=\"postParagraph_post-paragraph__juWZN postParagraph_post-paragraph-innerHtml__Q5vwc\">Na quarta-feira (28), a PF abriu inqu\u00e9rito para apurar a atua\u00e7\u00e3o coordenada de ao menos 46 perfis suspeitos usados para deslegitimar a decis\u00e3o do BC de liquidar o banco.<\/p>\n<p class=\"postParagraph_post-paragraph__juWZN postParagraph_post-paragraph-innerHtml__Q5vwc\">Segundo Rony, os influenciadores eram orientados a sustentar a tese de que a liquida\u00e7\u00e3o do banco teria sido precipitada. Os contratos poderiam chegar a R$ 2 milh\u00f5es com o objetivo de alcan\u00e7ar 36 milh\u00f5es de seguidores. A orienta\u00e7\u00e3o era que os influenciadores divulgassem uma reportagem do portal Metr\u00f3poles que afirmava que o Tribunal de Contas da Uni\u00e3o havia visto precipita\u00e7\u00e3o na decis\u00e3o de liquidar o Banco Master.<\/p>\n<p class=\"postParagraph_post-paragraph__juWZN postParagraph_post-paragraph-innerHtml__Q5vwc\">O vereador, que saltou da 25\u00aa para a 9\u00aa posi\u00e7\u00e3o no ranking de engajamento pol\u00edtico nas redes em 2026, afirma que o esc\u00e2ndalo exp\u00f5e uma rede que vai do crime organizado \u00e0s altas esferas do poder. \u201cO Master juntou do PCC ao STF\u201d, disse \u00e0<strong> Gazeta do Povo<\/strong>.<\/p>\n<p class=\"postParagraph_post-paragraph__juWZN postParagraph_post-paragraph-innerHtml__Q5vwc\">Ele defende o avan\u00e7o das investiga\u00e7\u00f5es e a queda dos sigilos para alcan\u00e7ar todos os envolvidos. Veja os principais trechos da entrevista.<\/p>\n<div class=\"postViewMore_post-view-more-container___5wai\" data-mrf-recirculation=\"Post - Veja tamb\u00e9m\">\n<p class=\"gp-styles-module-size-small-afeYRa gp-styles-module-font-family2-afeYRa gp-styles-module-color-secondary-afeYRa gp-styles-module-weight-bold-afeYRa\">VEJA TAMB\u00c9M:<\/p>\n<ul class=\"postViewMore_post-view-more-list__CU_CE\">\n<li class=\"postViewMore_post-view-more-item__2MzRb\">\n<div class=\"postViewMore_post-view-more-image__5gUSe\"><picture class=\"imageDefault_image-container__XGd8_\"><\/picture><\/div>\n<p>PF e MP v\u00e3o apurar se fundo com irm\u00e3o e aliado de Alcolumbre ignorou alerta sobre o Master<\/li>\n<li class=\"postViewMore_post-view-more-item__2MzRb\">\n<div class=\"postViewMore_post-view-more-image__5gUSe\"><picture class=\"imageDefault_image-container__XGd8_\"><img decoding=\"async\" class=\"imageDefault_image-item__lU2Dk\" src=\"https:\/\/media.gazetadopovo.com.br\/2025\/11\/29020219\/lewandowski-mj-pl-antifaccao-1-380x214.jpg.webp\" alt=\"Empresa defendida pelo filho de Ricardo Lewandowski tinha rela\u00e7\u00f5es com o Banco Master\" width=\"72\" height=\"72\"\/><\/picture><\/div>\n<p>Filho de Lewandowski atuou no STJ para liberar consignados de financeira ligada ao Master<\/li>\n<\/ul>\n<\/div>\n<p class=\"postParagraph_post-paragraph__juWZN postParagraph_post-paragraph-innerHtml__Q5vwc\"><strong>A Pol\u00edcia Federal abriu inqu\u00e9rito para apurar o ataque orquestrado de influenciadores contra o Banco Central e favor\u00e1vel ao Banco Master, denunciado pelo senhor. Qual \u00e9 a sua expectativa?<\/strong><\/p>\n<p class=\"postParagraph_post-paragraph__juWZN postParagraph_post-paragraph-innerHtml__Q5vwc\"><strong>Rony Gabriel:<\/strong> Ainda n\u00e3o fui procurado pela PF para depor, mas estou \u00e0 disposi\u00e7\u00e3o da corpora\u00e7\u00e3o para colaborar com as investiga\u00e7\u00f5es. O ministro Dias Toffoli, do Supremo Tribunal Federal (STF), autorizou o trabalho da PF, mas manteve o sigilo de elementos de provas do inqu\u00e9rito principal do caso Master. Espero que os advogados possam ter depois acesso a tudo.<\/p>\n<p class=\"postParagraph_post-paragraph__juWZN postParagraph_post-paragraph-innerHtml__Q5vwc\"><strong>Ao denunciar a arregimenta\u00e7\u00e3o de influenciadores por ag\u00eancias, o senhor disse que estava sujeito \u00e0 san\u00e7\u00e3o de R$ 800 mil por quebra de contrato de confidencialidade. Essa multa chegou a ser executada?<\/strong><\/p>\n<p class=\"postParagraph_post-paragraph__juWZN postParagraph_post-paragraph-innerHtml__Q5vwc\"><strong>Rony Gabriel:<\/strong> Apesar de eu ter feito a den\u00fancia e revelar nomes e termos envolvidos no neg\u00f3cio proposto, a retalia\u00e7\u00e3o prevista em contrato n\u00e3o ocorreu at\u00e9 agora. Contudo, aqueles que aderiram \u00e0 negocia\u00e7\u00e3o e foram mostrados a mim como modelo de conte\u00fado de mensagem a ser seguido seguem me criticando duramente nos seus respectivos canais.<\/p>\n<p class=\"postParagraph_post-paragraph__juWZN postParagraph_post-paragraph-innerHtml__Q5vwc\">Eles alegam que n\u00e3o apresentei o contrato assinado por eles, o mesmo que tamb\u00e9m me foi oferecido. O fato \u00e9 que tenho provas do que foi proposto e dos links dos v\u00eddeos postados por eles, enviados como amostras do trabalho.<\/p>\n<p class=\"postParagraph_post-paragraph__juWZN postParagraph_post-paragraph-innerHtml__Q5vwc\"><strong>Mesmo ap\u00f3s terem os nomes expostos na den\u00fancia, influenciadores de direita n\u00e3o tiveram abandono significativo de seguidores. A que se deve isso na sua opini\u00e3o e o que deve ocorrer com eles ap\u00f3s investiga\u00e7\u00f5es?<\/strong><\/p>\n<p class=\"postParagraph_post-paragraph__juWZN postParagraph_post-paragraph-innerHtml__Q5vwc\"><strong>Rony Gabriel:<\/strong> Ap\u00f3s a lista formal desse pessoal todo aparecer para a imprensa, ap\u00f3s o avan\u00e7o das investiga\u00e7\u00f5es da PF, eles v\u00e3o sentir o efetivo impacto de suas decis\u00f5es em participar daquela orquestra\u00e7\u00e3o. Nomes cujos posts me chegaram por e-mail como modelos j\u00e1 est\u00e3o sob investiga\u00e7\u00e3o e foram revelados pela colunista Malu Gaspar, de <em>O Globo<\/em>. Todas as negativas deles cair\u00e3o de vez por terra em breve.<\/p>\n<p class=\"postParagraph_post-paragraph__juWZN postParagraph_post-paragraph-innerHtml__Q5vwc\"><strong>Qual foi o efeito imediato da divulga\u00e7\u00e3o que o senhor e Juliana Moreira Leite fizeram sobre suas recusas em participar do ataque digital coordenado ao BC, mediante a contrata\u00e7\u00e3o de influenciadores?<\/strong><\/p>\n<p class=\"postParagraph_post-paragraph__juWZN postParagraph_post-paragraph-innerHtml__Q5vwc\"><strong>Rony Gabriel:<\/strong> A nossa den\u00fancia no come\u00e7o de janeiro sobre termos sido procurados para atuar como influenciadores digitais em favor do banqueiro Daniel Vorcaro veio num momento decisivo. Ela possibilitou que o grav\u00edssimo esc\u00e2ndalo do Banco Master n\u00e3o perdesse destaque no notici\u00e1rio, dando impulso ao tema quando ele come\u00e7ava a sumir, dando espa\u00e7o a outros, como a situa\u00e7\u00e3o de Nicol\u00e1s Maduro, ex-ditador da Venezuela.<\/p>\n<p class=\"postParagraph_post-paragraph__juWZN postParagraph_post-paragraph-innerHtml__Q5vwc\">Fatos relacionados a conflitos de interesse do ministro Dias Toffoli e decis\u00f5es at\u00edpicas dele como relator do caso vieram \u00e0 tona e absurdos acabaram n\u00e3o sendo normalizados. Ficou claro tamb\u00e9m o vi\u00e9s nada t\u00e9cnico e totalmente planejado da busca por um parecer do Tribunal de Contas da Uni\u00e3o (TCU) para fortalecer a narrativa de falha do BC.<\/p>\n<p class=\"postParagraph_post-paragraph__juWZN postParagraph_post-paragraph-innerHtml__Q5vwc\">\u00c9 dif\u00edcil dizer o que os inqu\u00e9ritos ainda revelar\u00e3o sobre o esc\u00e2ndalo do Master, mas espero que a PF tenha plena autonomia para investigar. Nesse sentido, tor\u00e7o para que o STF remeta o inqu\u00e9rito principal para a primeira inst\u00e2ncia, o que elevaria o n\u00edvel de transpar\u00eancia.<\/p>\n<p class=\"postParagraph_post-paragraph__juWZN postParagraph_post-paragraph-innerHtml__Q5vwc\"><strong>Qual \u00e9, na sua vis\u00e3o, o papel da PF nessa crise do Master, considerando que a corpora\u00e7\u00e3o tem sido alvo tanto de cr\u00edticas quanto de elogios de grupos conservadores nos \u00faltimos anos, a depender de seus alvos?<\/strong><\/p>\n<p class=\"postParagraph_post-paragraph__juWZN postParagraph_post-paragraph-innerHtml__Q5vwc\"><strong>Rony Gabriel:<\/strong> A Pol\u00edcia Federal do Brasil \u00e9 formada por profissionais qualificados e de perfis distintos. A maioria dessas pessoas trabalha muito bem, com total compromisso com sua miss\u00e3o perante a sociedade. Mas h\u00e1 uma parte delas que cumpre ordens capazes de minar a confian\u00e7a da institui\u00e7\u00e3o. Apesar disso, na minha opini\u00e3o, a PF faz historicamente um excelente trabalho em favor do Brasil e dos brasileiros.<\/p>\n<p class=\"postParagraph_post-paragraph__juWZN postParagraph_post-paragraph-innerHtml__Q5vwc\"><strong>Como o senhor v\u00ea o fato de parte da imprensa tradicional ter deixado de ignorar fatos que indicam abusos de decis\u00f5es do Judici\u00e1rio somente ap\u00f3s a revela\u00e7\u00e3o de conflitos de interesse no esc\u00e2ndalo do Master?<\/strong><\/p>\n<p class=\"postParagraph_post-paragraph__juWZN postParagraph_post-paragraph-innerHtml__Q5vwc\"><strong>Rony Gabriel:<\/strong> Ficou claro que a crise gerada pelo caso Master acabou interferindo em interesses maiores, como grandes grupos financeiros, amea\u00e7ados pela perda de credibilidade das autoridades respons\u00e1veis pela regula\u00e7\u00e3o do setor. A percep\u00e7\u00e3o de grave risco a partir do que pode acontecer no pa\u00eds ap\u00f3s determinadas decis\u00f5es do Judici\u00e1rio mobilizou atores de peso, criando uma divis\u00e3o dentro de um arranjo entre poderes e parte da imprensa para n\u00e3o questionar fatos de flagrante ativismo judicial.<\/p>\n<p class=\"postParagraph_post-paragraph__juWZN postParagraph_post-paragraph-innerHtml__Q5vwc\">De certa forma, o esc\u00e2ndalo financeiro mudou a percep\u00e7\u00e3o geral da corrup\u00e7\u00e3o. Se antes parecia haver um esquecimento ou al\u00edvio da puni\u00e7\u00e3o para grandes crimes dos governos petistas e casos rid\u00edculos, como o da suposta importuna\u00e7\u00e3o de baleia pelo ex-presidente Jair Bolsonaro (PL), eram considerados graves, o notici\u00e1rio se rendeu a situa\u00e7\u00f5es realmente cr\u00edticas, como os desvios do INSS e agora as opera\u00e7\u00f5es de Vorcaro.<\/p>\n<p class=\"postParagraph_post-paragraph__juWZN postParagraph_post-paragraph-innerHtml__Q5vwc\">A impress\u00e3o que me d\u00e1 \u00e9 de que outros v\u00e1rios esquemas corruptos est\u00e3o ocorrendo simultaneamente e que est\u00e3o sendo descobertos aos poucos. Uma hora tudo vai desmoronar.<\/p>\n<p class=\"postParagraph_post-paragraph__juWZN postParagraph_post-paragraph-innerHtml__Q5vwc\"><strong>Na sua avalia\u00e7\u00e3o, como funcionava o esquema de influ\u00eancia, corrup\u00e7\u00e3o e fraudes envolvendo o Banco Master, com ramifica\u00e7\u00f5es nos tr\u00eas poderes da Rep\u00fablica?<\/strong><\/p>\n<p class=\"postParagraph_post-paragraph__juWZN postParagraph_post-paragraph-innerHtml__Q5vwc\"><strong>Rony Gabriel:<\/strong> O que chama aten\u00e7\u00e3o \u00e9 a lista de personagens com tr\u00e2nsito privilegiado em Bras\u00edlia contratados por Daniel Vorcaro, que acabaram formando uma esp\u00e9cie de conselho informal do Master voltado a abrir portas no poder. N\u00e3o se tratava apenas de lobby tradicional, mas de remunera\u00e7\u00e3o direta por meio de contratos de consultoria, pareceres supostamente t\u00e9cnicos e at\u00e9 inclus\u00e3o de pessoas na folha de pagamento do banco como forma de garantir acesso institucional.<\/p>\n<p class=\"postParagraph_post-paragraph__juWZN postParagraph_post-paragraph-innerHtml__Q5vwc\">S\u00e3o mecanismos que operam nos bastidores e s\u00f3 v\u00eam \u00e0 tona quando o esc\u00e2ndalo explode. Enquanto no mensal\u00e3o se pagavam propinas para assegurar apoio no Congresso, o caso Master estruturou uma rede permanente de influ\u00eancia sustentada por v\u00ednculos formais \u2014 sal\u00e1rios, honor\u00e1rios e contratos terceirizados \u2014 que funcionavam como canais privilegiados junto ao Estado.<\/p>\n<p class=\"postParagraph_post-paragraph__juWZN postParagraph_post-paragraph-innerHtml__Q5vwc\">Quando Lula tenta reduzir o epis\u00f3dio a um banqueiro isolado, ele ignora deliberadamente o c\u00edrculo de poder constru\u00eddo ao redor do banco, que alcan\u00e7a Executivo, Legislativo e at\u00e9 o Judici\u00e1rio. O esquema atravessa desde organiza\u00e7\u00f5es criminosas at\u00e9 autoridades p\u00fablicas, passando por pol\u00edticos, institui\u00e7\u00f5es financeiras e lideran\u00e7as religiosas. A pergunta central \u00e9: Vorcaro comprou todos ou foi apenas o rosto vis\u00edvel de um grande neg\u00f3cio? Quem \u00e9, de fato, o verdadeiro controlador do Banco Master?<\/p>\n<p class=\"postParagraph_post-paragraph__juWZN postParagraph_post-paragraph-innerHtml__Q5vwc\">N\u00e3o fa\u00e7o acusa\u00e7\u00f5es nem suposi\u00e7\u00f5es, mas \u00e9 imposs\u00edvel ignorar que a dimens\u00e3o do esc\u00e2ndalo sugere algo maior do que um \u00fanico empres\u00e1rio. Talvez ele seja apenas a face mais exposta de uma engrenagem muito mais ampla \u2014 e sacrific\u00e1-lo para preservar o restante do sistema n\u00e3o ser\u00e1 simples.<\/p>\n<p class=\"postParagraph_post-paragraph__juWZN postParagraph_post-paragraph-innerHtml__Q5vwc\"><strong>Como o senhor avalia a compara\u00e7\u00e3o que tem sido feita entre o senhor e o deputado Nikolas Ferreira, considerando que ambos s\u00e3o pol\u00edticos jovens e conservadores, com influ\u00eancia nas redes sociais?<\/strong><\/p>\n<p class=\"postParagraph_post-paragraph__juWZN postParagraph_post-paragraph-innerHtml__Q5vwc\"><strong>Rony Gabriel:<\/strong> \u00c9 verdade que eu e o Nikolas, a quem admiro, temos muito em comum na trajet\u00f3ria e nas posturas. A compara\u00e7\u00e3o entre n\u00f3s \u00e9, portanto, inevit\u00e1vel. Inclusive por sermos filhos de pastores evang\u00e9licos, termos estudado Direito, sermos pais de duas filhas e termos forte visibilidade nas redes sociais. Mas temos diferen\u00e7as, como a de eu vir de uma cidade do interior, com menos de 100 mil habitantes e ser um pouco mais velho \u2013 31 ante os 29 de Nikolas. O deputado, que \u00e9 hoje uma refer\u00eancia mundial de jovem pol\u00edtico, tamb\u00e9m tem discurso combativo e estrat\u00e9gico. E eu? Eu sou eu mesmo.<\/p>\n<p class=\"postParagraph_post-paragraph__juWZN postParagraph_post-paragraph-innerHtml__Q5vwc\"><strong>Com tantos pol\u00edticos de direita ganhando exposi\u00e7\u00e3o na internet por meio de edi\u00e7\u00f5es e cortes de v\u00eddeos curtos, sua ascens\u00e3o digital vem de an\u00e1lises longas sobre assuntos nacionais. \u00c9 outro modelo?<\/strong><\/p>\n<p class=\"postParagraph_post-paragraph__juWZN postParagraph_post-paragraph-innerHtml__Q5vwc\"><strong>Rony Gabriel<\/strong>: N\u00e3o \u00e9 um modelo meu, mas uma das formas de angariar seguidores fi\u00e9is e uma grande rede. Minha op\u00e7\u00e3o \u00e9 ir na contram\u00e3o do algoritmo, que facilita as visualiza\u00e7\u00f5es e a exposi\u00e7\u00e3o. Minhas an\u00e1lises longas despertam o interesse de quem quer mesmo saber do que estou falando. As pessoas assistem, se inscrevem no canal e compartilham a publica\u00e7\u00e3o. Assim, trata-se de crescimento org\u00e2nico e espont\u00e2neo.<\/p>\n<div class=\"postViewMore_post-view-more-container___5wai\" data-mrf-recirculation=\"Post - Veja tamb\u00e9m\">\n<p class=\"gp-styles-module-size-small-afeYRa gp-styles-module-font-family2-afeYRa gp-styles-module-color-secondary-afeYRa gp-styles-module-weight-bold-afeYRa\">VEJA TAMB\u00c9M:<\/p>\n<ul class=\"postViewMore_post-view-more-list__CU_CE\">\n<li class=\"postViewMore_post-view-more-item__2MzRb\">\n<div class=\"postViewMore_post-view-more-image__5gUSe\"><picture class=\"imageDefault_image-container__XGd8_\"><img decoding=\"async\" class=\"imageDefault_image-item__lU2Dk\" src=\"https:\/\/media.gazetadopovo.com.br\/2026\/01\/28092524\/Bolsa-Master-Economist-380x214.jpg.webp\" alt=\"alta Ibovespa Banco Master\" width=\"72\" height=\"72\"\/><\/picture><\/div>\n<p>Caso Master: risco de fuga de capital acende alerta no mercado financeiro<\/li>\n<li class=\"postViewMore_post-view-more-item__2MzRb\">\n<div class=\"postViewMore_post-view-more-image__5gUSe\"><picture class=\"imageDefault_image-container__XGd8_\"><img decoding=\"async\" class=\"imageDefault_image-item__lU2Dk\" src=\"https:\/\/media.gazetadopovo.com.br\/2026\/01\/30101053\/Captura-de-tela-2026-01-30-101022-380x214.jpg.webp\" alt=\"Toffoli decidiu, a pedido do BC, retirar o sigilo dos v\u00eddeos das oitivas no caso Master.\" width=\"72\" height=\"72\"\/><\/picture><\/div>\n<p>Vorcaro fala em \u201cexposi\u00e7\u00e3o\u201d e BC explica fraude: os principais momentos das oitivas do caso Master<\/li>\n<\/ul>\n<\/div>\n<\/div>\n<p><br \/>\n<br \/>Fonte: <a href=\"https:\/\/www.gazetadopovo.com.br\/republica\/master-juntou-do-pcc-ao-stf-diz-denunciante-da-campanha-digital-contra-o-bc\/\">Revista Oeste<\/a><\/p>\n","protected":false},"excerpt":{"rendered":"<p>A decis\u00e3o do vereador Rony Gabriel (PL), de Erechim (RS), de expor publicamente o esquema de contrata\u00e7\u00e3o de influenciadores e p\u00e1ginas de redes sociais para atacar o Banco Central (BC) ap\u00f3s a liquida\u00e7\u00e3o do Banco Master deu proje\u00e7\u00e3o nacional ao pol\u00edtico e aprofundou a crise institucional em torno do caso. Com quase dois milh\u00f5es de [&hellip;]<\/p>\n","protected":false},"author":5,"featured_media":60847,"comment_status":"open","ping_status":"open","sticky":false,"template":"","format":"standard","meta":{"_seopress_robots_primary_cat":"","_seopress_titles_title":"","_seopress_titles_desc":"","_seopress_robots_index":"","footnotes":""},"categories":[1],"tags":[],"class_list":["post-60846","post","type-post","status-publish","format-standard","has-post-thumbnail","hentry","category-ultimas-noticias"],"_links":{"self":[{"href":"https:\/\/mussicom.com\/noticias\/wp-json\/wp\/v2\/posts\/60846","targetHints":{"allow":["GET"]}}],"collection":[{"href":"https:\/\/mussicom.com\/noticias\/wp-json\/wp\/v2\/posts"}],"about":[{"href":"https:\/\/mussicom.com\/noticias\/wp-json\/wp\/v2\/types\/post"}],"author":[{"embeddable":true,"href":"https:\/\/mussicom.com\/noticias\/wp-json\/wp\/v2\/users\/5"}],"replies":[{"embeddable":true,"href":"https:\/\/mussicom.com\/noticias\/wp-json\/wp\/v2\/comments?post=60846"}],"version-history":[{"count":0,"href":"https:\/\/mussicom.com\/noticias\/wp-json\/wp\/v2\/posts\/60846\/revisions"}],"wp:featuredmedia":[{"embeddable":true,"href":"https:\/\/mussicom.com\/noticias\/wp-json\/wp\/v2\/media\/60847"}],"wp:attachment":[{"href":"https:\/\/mussicom.com\/noticias\/wp-json\/wp\/v2\/media?parent=60846"}],"wp:term":[{"taxonomy":"category","embeddable":true,"href":"https:\/\/mussicom.com\/noticias\/wp-json\/wp\/v2\/categories?post=60846"},{"taxonomy":"post_tag","embeddable":true,"href":"https:\/\/mussicom.com\/noticias\/wp-json\/wp\/v2\/tags?post=60846"}],"curies":[{"name":"wp","href":"https:\/\/api.w.org\/{rel}","templated":true}]}}