{"id":60809,"date":"2026-02-01T12:39:14","date_gmt":"2026-02-01T15:39:14","guid":{"rendered":"https:\/\/mussicom.com\/santos-convoca-30-professores-aprovados-em-concurso-para-posse\/"},"modified":"2026-02-01T12:39:14","modified_gmt":"2026-02-01T15:39:14","slug":"santos-convoca-30-professores-aprovados-em-concurso-para-posse","status":"publish","type":"post","link":"https:\/\/mussicom.com\/noticias\/santos-convoca-30-professores-aprovados-em-concurso-para-posse\/","title":{"rendered":"Santos convoca 30 professores aprovados em concurso para posse"},"content":{"rendered":"<p> <br \/>\n<\/p>\n<div>\n<p>Mais 30 candidatos aprovados para o cargo de professor adjunto I foram convocados para tomar posse pela Prefeitura de Santos. A lista com os nomes, hor\u00e1rios de apresenta\u00e7\u00e3o e documenta\u00e7\u00e3o pode ser conferida no Di\u00e1rio Oficial publicado na \u00faltima sexta-feira (30).<\/p>\n<p>A apresenta\u00e7\u00e3o dos convocados est\u00e1 agendada para os dias 2, 3 e 4 de fevereiro, entre 9h e 16h, na Se\u00e7\u00e3o de Ingresso, Acesso e Movimenta\u00e7\u00e3o de Pessoal (Siam), \u00e0 Rua XV de Novembro, 108 (Centro Hist\u00f3rico).<\/p>\n<p>O candidato deve levar o original e c\u00f3pia leg\u00edveis de toda documenta\u00e7\u00e3o exigida pois o setor n\u00e3o emite c\u00f3pias nem realiza impress\u00f5es.<\/p>\n<p>Caso n\u00e3o seja poss\u00edvel apresentar-se na data informada, o interessado deve entrar em contato pelo e-mail [email\u00a0protected] para agendamento de uma nova data, dentro do prazo estipulado em lei. Caso contr\u00e1rio, perder\u00e1 automaticamente o direito a vaga.<\/p>\n<p>\u00a0<\/p>\n<\/div>\n<p><br \/>\n<br \/>Fonte: <a href=\"https:\/\/jornaldaorla.com.br\/noticias\/santos-convoca-30-professores-aprovados-em-concurso-para-posse\/\">Jornal Da Orla<\/a><\/p>\n","protected":false},"excerpt":{"rendered":"<p>Mais 30 candidatos aprovados para o cargo de professor adjunto I foram convocados para tomar posse pela Prefeitura de Santos. A lista com os nomes, hor\u00e1rios de apresenta\u00e7\u00e3o e documenta\u00e7\u00e3o pode ser conferida no Di\u00e1rio Oficial publicado na \u00faltima sexta-feira (30). A apresenta\u00e7\u00e3o dos convocados est\u00e1 agendada para os dias 2, 3 e 4 de [&hellip;]<\/p>\n","protected":false},"author":5,"featured_media":60810,"comment_status":"open","ping_status":"open","sticky":false,"template":"","format":"standard","meta":{"_seopress_robots_primary_cat":"","_seopress_titles_title":"","_seopress_titles_desc":"","_seopress_robots_index":"","footnotes":""},"categories":[52],"tags":[],"class_list":["post-60809","post","type-post","status-publish","format-standard","has-post-thumbnail","hentry","category-santoseregiao"],"_links":{"self":[{"href":"https:\/\/mussicom.com\/noticias\/wp-json\/wp\/v2\/posts\/60809","targetHints":{"allow":["GET"]}}],"collection":[{"href":"https:\/\/mussicom.com\/noticias\/wp-json\/wp\/v2\/posts"}],"about":[{"href":"https:\/\/mussicom.com\/noticias\/wp-json\/wp\/v2\/types\/post"}],"author":[{"embeddable":true,"href":"https:\/\/mussicom.com\/noticias\/wp-json\/wp\/v2\/users\/5"}],"replies":[{"embeddable":true,"href":"https:\/\/mussicom.com\/noticias\/wp-json\/wp\/v2\/comments?post=60809"}],"version-history":[{"count":0,"href":"https:\/\/mussicom.com\/noticias\/wp-json\/wp\/v2\/posts\/60809\/revisions"}],"wp:featuredmedia":[{"embeddable":true,"href":"https:\/\/mussicom.com\/noticias\/wp-json\/wp\/v2\/media\/60810"}],"wp:attachment":[{"href":"https:\/\/mussicom.com\/noticias\/wp-json\/wp\/v2\/media?parent=60809"}],"wp:term":[{"taxonomy":"category","embeddable":true,"href":"https:\/\/mussicom.com\/noticias\/wp-json\/wp\/v2\/categories?post=60809"},{"taxonomy":"post_tag","embeddable":true,"href":"https:\/\/mussicom.com\/noticias\/wp-json\/wp\/v2\/tags?post=60809"}],"curies":[{"name":"wp","href":"https:\/\/api.w.org\/{rel}","templated":true}]}}