{"id":60765,"date":"2026-01-31T22:27:40","date_gmt":"2026-02-01T01:27:40","guid":{"rendered":"https:\/\/mussicom.com\/mercados-agricolas-operam-com-ajustes-e-cautela\/"},"modified":"2026-01-31T22:27:40","modified_gmt":"2026-02-01T01:27:40","slug":"mercados-agricolas-operam-com-ajustes-e-cautela","status":"publish","type":"post","link":"https:\/\/mussicom.com\/noticias\/mercados-agricolas-operam-com-ajustes-e-cautela\/","title":{"rendered":"Mercados agr\u00edcolas operam com ajustes e cautela"},"content":{"rendered":"<p> <br \/>\n<\/p>\n<div>\n<div class=\"row\">\n<div class=\"col-lg col-infos mt-0 mt-lg-0\">\n<div class=\"section-sub-title\">\n<p itemprop=\"description\">&#13;<br \/>\n                                A soja apresenta recuo nos contratos futuros em Chicago&#13;\n                            <\/p>\n<\/p><\/div>\n<div class=\"container\">\n<div class=\"row\">\n<div class=\"col-lg p-0\">\n<div>\n<div class=\"block-news-main-infos mt-3 text-start\">\n<p>                                            <strong class=\"fn\" itemprop=\"author\" style=\"color: rgb(112, 112, 112); \">&#13;<br \/>\n                                                Agrolink&#13;<br \/>\n&#13;<br \/>\n                                                    &#8211; Leonardo Gottems&#13;<br \/>\n&#13;<br \/>\n                                            <\/strong><br \/>\n                                        <\/p>\n<p>                                            <abbr><time datetime=\"2026 - 01 - 30T09:28\" itemprop=\"datePublished dateModified\"> Publicado em 30\/01\/2026 \u00e0s 09:28h.<\/time><\/abbr>\n                                    <\/div>\n<\/p><\/div>\n<\/p><\/div>\n<div class=\"col-lg p-0 text-lg-end\">\n<div>\n<div id=\"mdEnviarPagina\" class=\"modal fade\" role=\"dialog\">\n<div class=\"modal-dialog\">\n<div class=\"modal-content\">\n<div class=\"modal-body\">\n<p><strong>Estimado usu\u00e1rio.<\/strong><br \/>Preencha o formul\u00e1rio abaixo para remeter a p\u00e1gina.<\/p>\n<\/p><\/div>\n<\/p><\/div>\n<\/p><\/div>\n<\/div><\/div>\n<\/p><\/div>\n<\/p><\/div>\n<\/p><\/div>\n<\/p><\/div>\n<\/p><\/div>\n<div class=\"row justify-content-md-center mt-3\">\n<div class=\"col-lg-auto col-image block-news-main-image\">\n<p>                                <br \/>\n                                                <span class=\"d-block mt-1\">A soja apresenta recuo nos contratos futuros em Chicago &#8211; Foto: United Soybean Board<\/span><\/p><\/div>\n<\/p><\/div>\n<div class=\"section-description section-description-noticias mt-3\">\n<p>Os mercados agr\u00edcolas iniciam a sexta-feira com movimentos moderados, refletindo ajustes t\u00e9cnicos, fatores cambiais e incertezas geopol\u00edticas que influenciam as principais commodities negociadas internacionalmente. De acordo com a TF Agroecon\u00f4mica, o cen\u00e1rio combina realiza\u00e7\u00e3o de lucros, varia\u00e7\u00f5es no d\u00f3lar e aten\u00e7\u00e3o aos fluxos de exporta\u00e7\u00e3o e \u00e0 evolu\u00e7\u00e3o das safras nos principais pa\u00edses produtores.&#13;\n<\/p>\n<p>No mercado de trigo, os contratos em Chicago operam com leves oscila\u00e7\u00f5es, diante da possibilidade de realiza\u00e7\u00e3o de ganhos ap\u00f3s as recentes altas. A valoriza\u00e7\u00e3o do d\u00f3lar frente ao euro nos \u00faltimos dois preg\u00f5es exerce press\u00e3o adicional sobre as cota\u00e7\u00f5es, embora fatores de sustenta\u00e7\u00e3o sigam presentes. Entre eles est\u00e3o o avan\u00e7o anual de 18,38% nas exporta\u00e7\u00f5es dos Estados Unidos e a aus\u00eancia de defini\u00e7\u00f5es sobre um acordo de paz na regi\u00e3o do Mar Negro. Al\u00e9m disso, proje\u00e7\u00f5es do USDA indicam aumento das importa\u00e7\u00f5es chinesas de trigo nesta temporada, passando de 4,2 milh\u00f5es para 6,0 milh\u00f5es de toneladas, em fun\u00e7\u00e3o da qualidade insuficiente da produ\u00e7\u00e3o dom\u00e9stica. No mercado f\u00edsico brasileiro, os pre\u00e7os mostram estabilidade no Rio Grande do Sul e leve recuo no Paran\u00e1.<\/p>\n<p>A soja apresenta recuo nos contratos futuros em Chicago, influenciada pela realiza\u00e7\u00e3o de lucros no mercado de petr\u00f3leo e pelo andamento da safra brasileira, que mant\u00e9m expectativa de produ\u00e7\u00e3o recorde pr\u00f3xima de 180 milh\u00f5es de toneladas. O atraso de 20,47% nas exporta\u00e7\u00f5es americanas em rela\u00e7\u00e3o ao ano anterior, a aus\u00eancia de novas compras chinesas nos Estados Unidos e o ambiente de instabilidade pol\u00edtica internacional contribuem para a press\u00e3o negativa. Soma-se a esse quadro a paralisa\u00e7\u00e3o das importa\u00e7\u00f5es de soja pela Tail\u00e2ndia, causada por incertezas pol\u00edticas internas, enquanto o mercado acompanha a alta do \u00f3leo de girassol no Mar Negro, que atingiu US$ 1.300 FOB.&#13;\n<\/p>\n<p>No milho, as cota\u00e7\u00f5es recuam em Chicago ap\u00f3s duas sess\u00f5es de ganhos. O mercado segue impactado por incertezas pol\u00edticas nos Estados Unidos, incluindo d\u00favidas sobre o uso cont\u00ednuo do E-15, n\u00e3o contemplado no atual pacote de financiamento em an\u00e1lise no Congresso. Apesar disso, os pre\u00e7os encontram suporte nas fortes exporta\u00e7\u00f5es americanas e na escassez h\u00eddrica em regi\u00f5es da Argentina, que limita o potencial de queda.<br \/>&#13;<br \/>\n\u00a0<\/p>\n<\/p><\/div>\n<\/p><\/div>\n<p><script data-cfasync=\"false\">\n    !function (f, b, e, v, n, t, s) {\n        if (f.fbq) return; n = f.fbq = function () {\n            n.callMethod ?\n                n.callMethod.apply(n, arguments) : n.queue.push(arguments)\n        };\n        if (!f._fbq) f._fbq = n; n.push = n; n.loaded = !0; n.version = '2.0';\n        n.queue = []; t = b.createElement(e); t.async = !0;\n        t.src = v; s = b.getElementsByTagName(e)[0];\n        s.parentNode.insertBefore(t, s)\n    }(window, document, 'script',\n        'https:\/\/connect.facebook.net\/en_US\/fbevents.js');\n    fbq('init', '522546078623747');\n    fbq('track', 'PageView');\n<\/script><br \/>\n<br \/><br \/>\n<br \/>Fonte: <a href=\"https:\/\/www.agrolink.com.br\/noticias\/mercados-agricolas-operam-com-ajustes-e-cautela_510393.html\">AGROLINK<\/a><\/p>\n","protected":false},"excerpt":{"rendered":"<p>&#13; A soja apresenta recuo nos contratos futuros em Chicago&#13; &#13; Agrolink&#13; &#13; &#8211; Leonardo Gottems&#13; &#13; Publicado em 30\/01\/2026 \u00e0s 09:28h. Estimado usu\u00e1rio.Preencha o formul\u00e1rio abaixo para remeter a p\u00e1gina. A soja apresenta recuo nos contratos futuros em Chicago &#8211; Foto: United Soybean Board Os mercados agr\u00edcolas iniciam a sexta-feira com movimentos moderados, refletindo [&hellip;]<\/p>\n","protected":false},"author":5,"featured_media":33177,"comment_status":"open","ping_status":"open","sticky":false,"template":"","format":"standard","meta":{"_seopress_robots_primary_cat":"","_seopress_titles_title":"","_seopress_titles_desc":"","_seopress_robots_index":"","footnotes":""},"categories":[53],"tags":[],"class_list":["post-60765","post","type-post","status-publish","format-standard","has-post-thumbnail","hentry","category-agronegocio"],"_links":{"self":[{"href":"https:\/\/mussicom.com\/noticias\/wp-json\/wp\/v2\/posts\/60765","targetHints":{"allow":["GET"]}}],"collection":[{"href":"https:\/\/mussicom.com\/noticias\/wp-json\/wp\/v2\/posts"}],"about":[{"href":"https:\/\/mussicom.com\/noticias\/wp-json\/wp\/v2\/types\/post"}],"author":[{"embeddable":true,"href":"https:\/\/mussicom.com\/noticias\/wp-json\/wp\/v2\/users\/5"}],"replies":[{"embeddable":true,"href":"https:\/\/mussicom.com\/noticias\/wp-json\/wp\/v2\/comments?post=60765"}],"version-history":[{"count":0,"href":"https:\/\/mussicom.com\/noticias\/wp-json\/wp\/v2\/posts\/60765\/revisions"}],"wp:featuredmedia":[{"embeddable":true,"href":"https:\/\/mussicom.com\/noticias\/wp-json\/wp\/v2\/media\/33177"}],"wp:attachment":[{"href":"https:\/\/mussicom.com\/noticias\/wp-json\/wp\/v2\/media?parent=60765"}],"wp:term":[{"taxonomy":"category","embeddable":true,"href":"https:\/\/mussicom.com\/noticias\/wp-json\/wp\/v2\/categories?post=60765"},{"taxonomy":"post_tag","embeddable":true,"href":"https:\/\/mussicom.com\/noticias\/wp-json\/wp\/v2\/tags?post=60765"}],"curies":[{"name":"wp","href":"https:\/\/api.w.org\/{rel}","templated":true}]}}