{"id":60744,"date":"2026-01-31T18:23:25","date_gmt":"2026-01-31T21:23:25","guid":{"rendered":"https:\/\/mussicom.com\/fevereiro-comeca-chuvoso-e-clima-muda-no-carnaval\/"},"modified":"2026-01-31T18:23:25","modified_gmt":"2026-01-31T21:23:25","slug":"fevereiro-comeca-chuvoso-e-clima-muda-no-carnaval","status":"publish","type":"post","link":"https:\/\/mussicom.com\/noticias\/fevereiro-comeca-chuvoso-e-clima-muda-no-carnaval\/","title":{"rendered":"Fevereiro come\u00e7a chuvoso e clima muda no Carnaval"},"content":{"rendered":"<p> <br \/>\n<\/p>\n<div>\n<p style=\"text-align:justify\">Previs\u00f5es meteorol\u00f3gicas indicam que o m\u00eas de fevereiro deve come\u00e7ar com chuvas intensas em grande parte do Brasil, com maior impacto nas regi\u00f5es Sudeste e Centro-Oeste, al\u00e9m de \u00e1reas do Nordeste e do Sul, especialmente no Paran\u00e1. De acordo com informa\u00e7\u00f5es do Meteored, o in\u00edcio do m\u00eas ser\u00e1 marcado por \u201ctempestades significativas\u201d nessas regi\u00f5es, com acumulados elevados de precipita\u00e7\u00e3o.&#13;\n<\/p>\n<p style=\"text-align:justify\">O cen\u00e1rio j\u00e1 vinha sendo antecipado no fim de janeiro, quando o Instituto Nacional de Meteorologia (Inmet) emitiu avisos que abrangeram praticamente toda a regi\u00e3o Sul, Centro-Oeste, Norte e \u00e1reas expressivas do Sudeste e do Nordeste. Os alertas indicaram \u201crisco de chuvas de at\u00e9 100 mm por dia e ventos intensos de at\u00e9 100 km\/h\u201d, associados \u00e0 ocorr\u00eancia de tempestades severas. As previs\u00f5es apontam que esse padr\u00e3o de chuvas frequentes e intensas deve se manter ao longo da primeira semana de fevereiro.<\/p>\n<p style=\"text-align:justify\">Entre os dias 2 e 9, proje\u00e7\u00f5es do modelo ECMWF indicam volumes de chuva acima da m\u00e9dia em praticamente todo o Sudeste, em grande parte do Centro-Oeste e em uma faixa significativa do Nordeste. Nesse per\u00edodo, a expectativa \u00e9 de precipita\u00e7\u00f5es persistentes no Brasil central. A elevada nebulosidade tende a reduzir a incid\u00eancia de radia\u00e7\u00e3o solar, contribuindo para a queda das temperaturas nessas \u00e1reas, enquanto o restante do pa\u00eds deve registrar tempo mais firme e calor acima da m\u00e9dia.<\/p>\n<p style=\"text-align:justify\">Na segunda semana do m\u00eas, entre os dias 9 e 16, as previs\u00f5es sinalizam diminui\u00e7\u00e3o da regularidade das chuvas. Os acumulados mais elevados devem se concentrar em uma faixa do Sudeste, Centro-Oeste e Norte, possivelmente associados \u00e0 atua\u00e7\u00e3o de uma frente fria sobre o centro-sul do pa\u00eds. Com isso, as precipita\u00e7\u00f5es passam a ocorrer de forma mais localizada, alternando pancadas intensas em alguns munic\u00edpios e tempo firme em outros. Esse padr\u00e3o indica que o per\u00edodo de Carnaval pode ser marcado por um clima menos chuvoso e menos quente em compara\u00e7\u00e3o \u00e0 semana anterior, com tend\u00eancia de queda das temperaturas no centro do pa\u00eds, influenciada pela nebulosidade e pelo avan\u00e7o de uma massa de ar frio.&#13;\n<\/p>\n<p style=\"text-align:justify\">Entre os dias 16 e 23, a tend\u00eancia \u00e9 de manuten\u00e7\u00e3o desse cen\u00e1rio. As previs\u00f5es apontam para a atua\u00e7\u00e3o da Zona de Converg\u00eancia Intertropical, que pode favorecer chuvas em \u00e1reas do Norte e do Nordeste, combinada a uma fase favor\u00e1vel da Oscila\u00e7\u00e3o de Madden Julian, capaz de intensificar as precipita\u00e7\u00f5es no Brasil equatorial. A maior cobertura de nuvens tamb\u00e9m deve contribuir para a redu\u00e7\u00e3o das temperaturas m\u00e9dias nessas regi\u00f5es. No restante do pa\u00eds, a expectativa \u00e9 de chuvas irregulares e temperaturas pr\u00f3ximas da m\u00e9dia, sem indica\u00e7\u00e3o clara de extremos.<\/p>\n<p style=\"text-align:justify\">Na \u00faltima semana de fevereiro, entre os dias 23 e o in\u00edcio de mar\u00e7o, os modelos indicam continuidade das chuvas mais expressivas no Nordeste e a possibilidade de retorno de acumulados mais intensos no Sul, associados \u00e0 forma\u00e7\u00e3o de um novo ciclone. Ao mesmo tempo, as temperaturas tendem a subir no Sudeste e no Sul, impulsionadas por uma condi\u00e7\u00e3o pr\u00e9-frontal, o que pode levar o m\u00eas a encerrar com recordes de temperatura m\u00e1xima nessas regi\u00f5es.<\/p>\n<p style=\"text-align:justify\">As proje\u00e7\u00f5es refor\u00e7am, no entanto, que se tratam de tend\u00eancias de longo prazo, sujeitas a varia\u00e7\u00f5es significativas em escalas locais. Por isso, a recomenda\u00e7\u00e3o \u00e9 acompanhar as atualiza\u00e7\u00f5es das previs\u00f5es ao longo de fevereiro e as informa\u00e7\u00f5es espec\u00edficas para cada munic\u00edpio.&#13;\n<\/p>\n<\/p><\/div>\n<p><script data-cfasync=\"false\">\n    !function (f, b, e, v, n, t, s) {\n        if (f.fbq) return; n = f.fbq = function () {\n            n.callMethod ?\n                n.callMethod.apply(n, arguments) : n.queue.push(arguments)\n        };\n        if (!f._fbq) f._fbq = n; n.push = n; n.loaded = !0; n.version = '2.0';\n        n.queue = []; t = b.createElement(e); t.async = !0;\n        t.src = v; s = b.getElementsByTagName(e)[0];\n        s.parentNode.insertBefore(t, s)\n    }(window, document, 'script',\n        'https:\/\/connect.facebook.net\/en_US\/fbevents.js');\n    fbq('init', '522546078623747');\n    fbq('track', 'PageView');\n<\/script><br \/>\n<br \/><br \/>\n<br \/>Fonte: <a href=\"https:\/\/www.agrolink.com.br\/noticias\/como-sera-o-clima-de-fevereiro-e-as-primeiras-tendencias-para-o-carnaval_510428.html\">AGROLINK<\/a><\/p>\n","protected":false},"excerpt":{"rendered":"<p>Previs\u00f5es meteorol\u00f3gicas indicam que o m\u00eas de fevereiro deve come\u00e7ar com chuvas intensas em grande parte do Brasil, com maior impacto nas regi\u00f5es Sudeste e Centro-Oeste, al\u00e9m de \u00e1reas do Nordeste e do Sul, especialmente no Paran\u00e1. De acordo com informa\u00e7\u00f5es do Meteored, o in\u00edcio do m\u00eas ser\u00e1 marcado por \u201ctempestades significativas\u201d nessas regi\u00f5es, com [&hellip;]<\/p>\n","protected":false},"author":5,"featured_media":60745,"comment_status":"open","ping_status":"open","sticky":false,"template":"","format":"standard","meta":{"_seopress_robots_primary_cat":"","_seopress_titles_title":"","_seopress_titles_desc":"","_seopress_robots_index":"","footnotes":""},"categories":[53],"tags":[],"class_list":["post-60744","post","type-post","status-publish","format-standard","has-post-thumbnail","hentry","category-agronegocio"],"_links":{"self":[{"href":"https:\/\/mussicom.com\/noticias\/wp-json\/wp\/v2\/posts\/60744","targetHints":{"allow":["GET"]}}],"collection":[{"href":"https:\/\/mussicom.com\/noticias\/wp-json\/wp\/v2\/posts"}],"about":[{"href":"https:\/\/mussicom.com\/noticias\/wp-json\/wp\/v2\/types\/post"}],"author":[{"embeddable":true,"href":"https:\/\/mussicom.com\/noticias\/wp-json\/wp\/v2\/users\/5"}],"replies":[{"embeddable":true,"href":"https:\/\/mussicom.com\/noticias\/wp-json\/wp\/v2\/comments?post=60744"}],"version-history":[{"count":0,"href":"https:\/\/mussicom.com\/noticias\/wp-json\/wp\/v2\/posts\/60744\/revisions"}],"wp:featuredmedia":[{"embeddable":true,"href":"https:\/\/mussicom.com\/noticias\/wp-json\/wp\/v2\/media\/60745"}],"wp:attachment":[{"href":"https:\/\/mussicom.com\/noticias\/wp-json\/wp\/v2\/media?parent=60744"}],"wp:term":[{"taxonomy":"category","embeddable":true,"href":"https:\/\/mussicom.com\/noticias\/wp-json\/wp\/v2\/categories?post=60744"},{"taxonomy":"post_tag","embeddable":true,"href":"https:\/\/mussicom.com\/noticias\/wp-json\/wp\/v2\/tags?post=60744"}],"curies":[{"name":"wp","href":"https:\/\/api.w.org\/{rel}","templated":true}]}}