{"id":60712,"date":"2026-01-31T13:18:18","date_gmt":"2026-01-31T16:18:18","guid":{"rendered":"https:\/\/mussicom.com\/sistema-faeg-alerta-produtores-para-atencao-a-ferrugem-asiatica\/"},"modified":"2026-01-31T13:18:18","modified_gmt":"2026-01-31T16:18:18","slug":"sistema-faeg-alerta-produtores-para-atencao-a-ferrugem-asiatica","status":"publish","type":"post","link":"https:\/\/mussicom.com\/noticias\/sistema-faeg-alerta-produtores-para-atencao-a-ferrugem-asiatica\/","title":{"rendered":"Sistema Faeg alerta produtores para aten\u00e7\u00e3o \u00e0 ferrugem asi\u00e1tica"},"content":{"rendered":"<p> <br \/>\n<\/p>\n<div>\n<div class=\"row\">\n<div class=\"col-lg col-infos mt-0 mt-lg-0\">\n<div class=\"section-sub-title\">\n<p itemprop=\"description\">&#13;<br \/>\n                                Ferrugem asi\u00e1tica exige vigil\u00e2ncia nas lavouras de soja em Goi\u00e1s e no Brasil&#13;\n                            <\/p>\n<\/p><\/div>\n<div class=\"container\">\n<div class=\"row\">\n<div class=\"col-lg p-0 text-lg-end\">\n<div>\n<div id=\"mdEnviarPagina\" class=\"modal fade\" role=\"dialog\">\n<div class=\"modal-dialog\">\n<div class=\"modal-content\">\n<div class=\"modal-body\">\n<p><strong>Estimado usu\u00e1rio.<\/strong><br \/>Preencha o formul\u00e1rio abaixo para remeter a p\u00e1gina.<\/p>\n<\/p><\/div>\n<\/p><\/div>\n<\/p><\/div>\n<\/div><\/div>\n<\/p><\/div>\n<\/p><\/div>\n<\/p><\/div>\n<\/p><\/div>\n<\/p><\/div>\n<div class=\"row justify-content-md-center mt-3\">\n<div class=\"col-lg-auto col-image block-news-main-image\">\n<p>                                <br \/>\n                                                <span class=\"publicity-photo d-block mt-1\">Foto: Aline Merladete<\/span><\/p><\/div>\n<\/p><\/div>\n<div class=\"section-description section-description-noticias mt-3\">\n<p style=\"text-align:justify\">\u00a0A aten\u00e7\u00e3o no campo segue redobrada nesta safra em Goi\u00e1s. Produtores de soja intensificaram o monitoramento da ferrugem asi\u00e1tica, mesmo sem registros da doen\u00e7a na safra 2025\/26 at\u00e9 o momento. O alerta se amplia diante da confirma\u00e7\u00e3o de focos em outras regi\u00f5es do pa\u00eds e da combina\u00e7\u00e3o entre atraso no plantio e instabilidade clim\u00e1tica, fatores que favorecem a dissemina\u00e7\u00e3o do fungo.&#13;\n<\/p>\n<p style=\"text-align:justify\">O agr\u00f4nomo Anderson Zaponni explica a origem da doen\u00e7a e os riscos para as lavouras. \u201cA ferrugem asi\u00e1tica \u00e9 causada por um fungo que se espalha rapidamente em condi\u00e7\u00f5es de alta umidade e temperaturas amenas. Quando n\u00e3o h\u00e1 controle adequado, pode comprometer at\u00e9 30% da produ\u00e7\u00e3o, gerando preju\u00edzos expressivos aos produtores. Por isso, o monitoramento constante \u00e9 fundamental para identificar focos precocemente e adotar o manejo correto\u201d, afirma.<\/p>\n<p style=\"text-align:justify\">Dados hist\u00f3ricos mostram que, em safras anteriores, a ferrugem asi\u00e1tica provocou perdas significativas em Goi\u00e1s quando n\u00e3o houve controle eficiente. No cen\u00e1rio nacional, levantamentos de entidades do setor apontam mais de 160 focos da doen\u00e7a registrados no in\u00edcio da safra 2025\/26, em diferentes regi\u00f5es produtoras, o que aumenta a preocupa\u00e7\u00e3o no campo. Anderson Zaponni refor\u00e7a que o uso adequado de fungicidas \u00e9 decisivo. \u201cAplicar o produto no momento certo, respeitando doses e intervalos recomendados, \u00e9 essencial para conter o avan\u00e7o da doen\u00e7a e preservar a produtividade da lavoura\u201d, destaca.&#13;\n<\/p>\n<p style=\"text-align:justify\">Em Rio Verde e em outras \u00e1reas do sudoeste goiano, sindicatos rurais e institui\u00e7\u00f5es de pesquisa disponibilizam an\u00e1lises gratuitas para a detec\u00e7\u00e3o precoce da ferrugem nas lavouras. A iniciativa permite respostas mais r\u00e1pidas no campo e reduz o risco de preju\u00edzos \u00e0 produ\u00e7\u00e3o.<\/p>\n<p style=\"text-align:justify\">Al\u00e9m do monitoramento constante, os produtores t\u00eam refor\u00e7ado pr\u00e1ticas preventivas, como a rota\u00e7\u00e3o de culturas e o uso de variedades mais resistentes. Essas estrat\u00e9gias se somam ao controle qu\u00edmico e contribuem para manter a sanidade das lavouras.<\/p>\n<p style=\"text-align:justify\">Com aten\u00e7\u00e3o cont\u00ednua, manejo correto e apoio t\u00e9cnico especializado, os agricultores de Goi\u00e1s buscam atravessar a safra 2025\/26 sem impactos significativos da ferrugem asi\u00e1tica, garantindo produtividade, estabilidade econ\u00f4mica e seguran\u00e7a alimentar na regi\u00e3o.&#13;\n<\/p>\n<\/p><\/div>\n<\/p><\/div>\n<p><script data-cfasync=\"false\">\n    !function (f, b, e, v, n, t, s) {\n        if (f.fbq) return; n = f.fbq = function () {\n            n.callMethod ?\n                n.callMethod.apply(n, arguments) : n.queue.push(arguments)\n        };\n        if (!f._fbq) f._fbq = n; n.push = n; n.loaded = !0; n.version = '2.0';\n        n.queue = []; t = b.createElement(e); t.async = !0;\n        t.src = v; s = b.getElementsByTagName(e)[0];\n        s.parentNode.insertBefore(t, s)\n    }(window, document, 'script',\n        'https:\/\/connect.facebook.net\/en_US\/fbevents.js');\n    fbq('init', '522546078623747');\n    fbq('track', 'PageView');\n<\/script><br \/>\n<br \/><br \/>\n<br \/>Fonte: <a href=\"https:\/\/www.agrolink.com.br\/noticias\/sistema-faeg-alerta-produtores-para-atencao-a-ferrugem-asiatica_510405.html\">AGROLINK<\/a><\/p>\n","protected":false},"excerpt":{"rendered":"<p>&#13; Ferrugem asi\u00e1tica exige vigil\u00e2ncia nas lavouras de soja em Goi\u00e1s e no Brasil&#13; Estimado usu\u00e1rio.Preencha o formul\u00e1rio abaixo para remeter a p\u00e1gina. Foto: Aline Merladete \u00a0A aten\u00e7\u00e3o no campo segue redobrada nesta safra em Goi\u00e1s. Produtores de soja intensificaram o monitoramento da ferrugem asi\u00e1tica, mesmo sem registros da doen\u00e7a na safra 2025\/26 at\u00e9 o [&hellip;]<\/p>\n","protected":false},"author":5,"featured_media":31442,"comment_status":"open","ping_status":"open","sticky":false,"template":"","format":"standard","meta":{"_seopress_robots_primary_cat":"","_seopress_titles_title":"","_seopress_titles_desc":"","_seopress_robots_index":"","footnotes":""},"categories":[53],"tags":[],"class_list":["post-60712","post","type-post","status-publish","format-standard","has-post-thumbnail","hentry","category-agronegocio"],"_links":{"self":[{"href":"https:\/\/mussicom.com\/noticias\/wp-json\/wp\/v2\/posts\/60712","targetHints":{"allow":["GET"]}}],"collection":[{"href":"https:\/\/mussicom.com\/noticias\/wp-json\/wp\/v2\/posts"}],"about":[{"href":"https:\/\/mussicom.com\/noticias\/wp-json\/wp\/v2\/types\/post"}],"author":[{"embeddable":true,"href":"https:\/\/mussicom.com\/noticias\/wp-json\/wp\/v2\/users\/5"}],"replies":[{"embeddable":true,"href":"https:\/\/mussicom.com\/noticias\/wp-json\/wp\/v2\/comments?post=60712"}],"version-history":[{"count":0,"href":"https:\/\/mussicom.com\/noticias\/wp-json\/wp\/v2\/posts\/60712\/revisions"}],"wp:featuredmedia":[{"embeddable":true,"href":"https:\/\/mussicom.com\/noticias\/wp-json\/wp\/v2\/media\/31442"}],"wp:attachment":[{"href":"https:\/\/mussicom.com\/noticias\/wp-json\/wp\/v2\/media?parent=60712"}],"wp:term":[{"taxonomy":"category","embeddable":true,"href":"https:\/\/mussicom.com\/noticias\/wp-json\/wp\/v2\/categories?post=60712"},{"taxonomy":"post_tag","embeddable":true,"href":"https:\/\/mussicom.com\/noticias\/wp-json\/wp\/v2\/tags?post=60712"}],"curies":[{"name":"wp","href":"https:\/\/api.w.org\/{rel}","templated":true}]}}