{"id":60696,"date":"2026-01-31T12:13:15","date_gmt":"2026-01-31T15:13:15","guid":{"rendered":"https:\/\/mussicom.com\/sucessora-de-maduro-propoe-anistia-para-presos-politicos\/"},"modified":"2026-01-31T12:13:15","modified_gmt":"2026-01-31T15:13:15","slug":"sucessora-de-maduro-propoe-anistia-para-presos-politicos","status":"publish","type":"post","link":"https:\/\/mussicom.com\/noticias\/sucessora-de-maduro-propoe-anistia-para-presos-politicos\/","title":{"rendered":"Sucessora de Maduro prop\u00f5e anistia para presos pol\u00edticos"},"content":{"rendered":"<p> <br \/>\n<\/p>\n<div id=\"tp-post-content\">\n<p class=\"postParagraph_post-paragraph__juWZN postParagraph_post-paragraph-innerHtml__Q5vwc\">A ditadora interina da Venezuela, Delcy Rodr\u00edguez, prop\u00f4s uma lei de anistia que pode resultar na liberta\u00e7\u00e3o de centenas de presos pol\u00edticos que foram detidos de 1999 at\u00e9 a atualidade, per\u00edodo que cobre os regimes de Hugo Ch\u00e1vez e Nicol\u00e1s Maduro. Al\u00e9m disso, ela sugeriu o fechamento do conhecido centro de tortura chavista, El Helicoide.<\/p>\n<p class=\"postParagraph_post-paragraph__juWZN postParagraph_post-paragraph-innerHtml__Q5vwc\">No an\u00fancio, feito no ato de abertura do ano judici\u00e1rio no Tribunal Supremo de Justi\u00e7a (TSJ), a sucessora do ditador Nicol\u00e1s Maduro, capturado pelos EUA no in\u00edcio do m\u00eas, excluiu os presos processados \u200b\u200bpor homic\u00eddio, tr\u00e1fico de drogas, corrup\u00e7\u00e3o e viola\u00e7\u00f5es dos direitos humanos.<\/p>\n<p class=\"postParagraph_post-paragraph__juWZN postParagraph_post-paragraph-innerHtml__Q5vwc\">A l\u00edder chavista encarregou a Comiss\u00e3o de Revolu\u00e7\u00e3o Judicial e o Programa para a Conviv\u00eancia e a Paz de apresentar, nas &#8220;pr\u00f3ximas horas&#8221;, o projeto de lei ao Parlamento e pediu a &#8220;m\u00e1xima colabora\u00e7\u00e3o&#8221; dos parlamentares para a aprova\u00e7\u00e3o.<\/p>\n<p class=\"postParagraph_post-paragraph__juWZN postParagraph_post-paragraph-innerHtml__Q5vwc\">&#8220;Que seja uma lei que sirva para reparar as feridas que o confronto pol\u00edtica deixou, a partir da viol\u00eancia, do extremismo, que sirva para redirecionar a justi\u00e7a em nosso pa\u00eds e que sirva para redirecionar a conviv\u00eancia entre os venezuelanos&#8221;, defendeu em seu discurso.<\/p>\n<p class=\"postParagraph_post-paragraph__juWZN postParagraph_post-paragraph-innerHtml__Q5vwc\">No mesmo pronunciamento, Rodr\u00edguez anunciou que o regime decidiu fechar El Helicoide, a pris\u00e3o mais temida da Venezuela, e transform\u00e1-la em um centro de servi\u00e7os sociais e esportivos para a comunidade.<\/p>\n<h2 class=\"postParagraph_post-paragraph__juWZN postParagraph_post-paragraph-innerHtml__Q5vwc postParagraph_type-tag-h2__TtFkT\">An\u00fancio gera rea\u00e7\u00e3o da oposi\u00e7\u00e3o e familiares de presos pol\u00edticos<\/h2>\n<p class=\"postParagraph_post-paragraph__juWZN postParagraph_post-paragraph-innerHtml__Q5vwc\">A maior coaliz\u00e3o opositora da Venezuela, a Plataforma Unit\u00e1ria Democr\u00e1tica (PUD), reagiu ao an\u00fancio da Rodr\u00edguez, defendendo que a lei de anistia proposta na sexta-feira deve incluir a liberdade plena e incondicional de todos os presos pol\u00edticos, permitir o retorno dos l\u00edderes que est\u00e3o no ex\u00edlio e a anula\u00e7\u00e3o de suas inabilita\u00e7\u00f5es pol\u00edticas.<\/p>\n<p class=\"postParagraph_post-paragraph__juWZN postParagraph_post-paragraph-innerHtml__Q5vwc\">Al\u00e9m disso, a alian\u00e7a oposicionista pediu o &#8220;pleno exerc\u00edcio da liberdade de express\u00e3o e informa\u00e7\u00e3o&#8221; e o &#8220;desmantelamento de grupos irregulares armados&#8221;.<\/p>\n<p class=\"postParagraph_post-paragraph__juWZN postParagraph_post-paragraph-innerHtml__Q5vwc\">A PUD denunciou que mais de 800 civis e militares permanecem atr\u00e1s das grades, enquanto os mais de 300 libertados em meio ao processo de solturas anunciado no \u00faltimo dia 8 de janeiro pelo presidente do Parlamento, Jorge Rodr\u00edguez, t\u00eam, em sua imensa maioria, &#8220;processos judiciais abertos com medidas cautelares&#8221;.<\/p>\n<p class=\"postParagraph_post-paragraph__juWZN postParagraph_post-paragraph-innerHtml__Q5vwc\">A coaliz\u00e3o ressaltou ainda que se deve avan\u00e7ar &#8220;na constru\u00e7\u00e3o de um caminho para a restaura\u00e7\u00e3o dos direitos humanos, civis, sociais e pol\u00edticos, que tenha como objetivo a refunda\u00e7\u00e3o das institui\u00e7\u00f5es e o respeito \u00e0 soberania popular&#8221;.<\/p>\n<p class=\"postParagraph_post-paragraph__juWZN postParagraph_post-paragraph-innerHtml__Q5vwc\">Familiares de presos pol\u00edticos na Venezuela disseram na noite de sexta-feira \u00e0 <em>Ag\u00eancia EFE<\/em> que se sentem &#8220;esperan\u00e7osos&#8221; ap\u00f3s a proposta de lei de anistia apresentada pela ditadora interina, que dever\u00e1 ser enviada nas &#8220;pr\u00f3ximas horas&#8221; \u00e0 Assembleia Nacional.<\/p>\n<p class=\"postParagraph_post-paragraph__juWZN postParagraph_post-paragraph-innerHtml__Q5vwc\">&#8220;Primeiramente Deus, primeiramente Deus, e eu sei que muitas pessoas, tanto na Assembleia Nacional como fora dela, desejamos uma mudan\u00e7a, uma mudan\u00e7a radical tanto para a sociedade quanto para a estrutura pol\u00edtica&#8221;, disse Sandra Rosales, cujo marido, Dionis Quintero, est\u00e1 detido em uma cela da Zona 7 da Pol\u00edcia Nacional Bolivariana (PNB), no leste de Caracas.<\/p>\n<p class=\"postParagraph_post-paragraph__juWZN postParagraph_post-paragraph-innerHtml__Q5vwc\">Rosales contou que seu marido \u00e9 funcion\u00e1rio da pol\u00edcia e est\u00e1 detido h\u00e1 dois meses, mas celebrou a decis\u00e3o de Delcy Rodr\u00edguez sobre esta lei, pois considera que h\u00e1 muitos presos detidos injustamente.<\/p>\n<p class=\"postParagraph_post-paragraph__juWZN postParagraph_post-paragraph-innerHtml__Q5vwc\">Outra familiar de um detido, Mariglys Guzm\u00e1n, disse \u00e0 EFE: &#8220;Seguiremos na luta at\u00e9 podermos abra\u00e7ar os nossos, que tamb\u00e9m foram v\u00edtimas deste terror&#8221;. Ela acompanha a situa\u00e7\u00e3o de seu irm\u00e3o Luis Daniel, detido desde 29 de mar\u00e7o de 2023, acusado de participar de um esquema de corrup\u00e7\u00e3o relacionado \u00e0 estatal petrol\u00edfera PDVSA.<\/p>\n<h2 class=\"postParagraph_post-paragraph__juWZN postParagraph_post-paragraph-innerHtml__Q5vwc postParagraph_type-tag-h2__TtFkT\">EUA anunciam que todos cidad\u00e3os americanos presos na Venezuela foram libertados<\/h2>\n<p class=\"postParagraph_post-paragraph__juWZN postParagraph_post-paragraph-innerHtml__Q5vwc\">A Embaixada dos EUA para a Venezuela confirmou na sexta-feira que todos os cidad\u00e3os americanos que estavam presos no pa\u00eds sul-americano foram libertados em pleno processo de solturas em Caracas e de aproxima\u00e7\u00f5es entre a Casa Branca e o Pal\u00e1cio de Miraflores.<\/p>\n<p class=\"postParagraph_post-paragraph__juWZN postParagraph_post-paragraph-innerHtml__Q5vwc\">&#8220;Temos o prazer de confirmar a liberta\u00e7\u00e3o, por parte das autoridades interinas, de todos os cidad\u00e3os americanos de que se tinha conhecimento que estavam detidos na Venezuela&#8221;, afirmou o Escrit\u00f3rio Externo dos EUA para a Venezuela, que funciona em Bogot\u00e1, na Col\u00f4mbia, desde que os governos americano e venezuelano fecharam suas embaixadas em Washington e Caracas em 2019 ao romperem rela\u00e7\u00f5es diplom\u00e1ticas.<\/p>\n<\/div>\n<p><br \/>\n<br \/>Fonte: <a href=\"https:\/\/www.gazetadopovo.com.br\/mundo\/sucessora-maduro-propoe-anistia-presos-politicos-fechamento-centro-tortura\/\">Revista Oeste<\/a><\/p>\n","protected":false},"excerpt":{"rendered":"<p>A ditadora interina da Venezuela, Delcy Rodr\u00edguez, prop\u00f4s uma lei de anistia que pode resultar na liberta\u00e7\u00e3o de centenas de presos pol\u00edticos que foram detidos de 1999 at\u00e9 a atualidade, per\u00edodo que cobre os regimes de Hugo Ch\u00e1vez e Nicol\u00e1s Maduro. Al\u00e9m disso, ela sugeriu o fechamento do conhecido centro de tortura chavista, El Helicoide. [&hellip;]<\/p>\n","protected":false},"author":5,"featured_media":60697,"comment_status":"open","ping_status":"open","sticky":false,"template":"","format":"standard","meta":{"_seopress_robots_primary_cat":"","_seopress_titles_title":"","_seopress_titles_desc":"","_seopress_robots_index":"","footnotes":""},"categories":[48],"tags":[],"class_list":["post-60696","post","type-post","status-publish","format-standard","has-post-thumbnail","hentry","category-internacional"],"_links":{"self":[{"href":"https:\/\/mussicom.com\/noticias\/wp-json\/wp\/v2\/posts\/60696","targetHints":{"allow":["GET"]}}],"collection":[{"href":"https:\/\/mussicom.com\/noticias\/wp-json\/wp\/v2\/posts"}],"about":[{"href":"https:\/\/mussicom.com\/noticias\/wp-json\/wp\/v2\/types\/post"}],"author":[{"embeddable":true,"href":"https:\/\/mussicom.com\/noticias\/wp-json\/wp\/v2\/users\/5"}],"replies":[{"embeddable":true,"href":"https:\/\/mussicom.com\/noticias\/wp-json\/wp\/v2\/comments?post=60696"}],"version-history":[{"count":0,"href":"https:\/\/mussicom.com\/noticias\/wp-json\/wp\/v2\/posts\/60696\/revisions"}],"wp:featuredmedia":[{"embeddable":true,"href":"https:\/\/mussicom.com\/noticias\/wp-json\/wp\/v2\/media\/60697"}],"wp:attachment":[{"href":"https:\/\/mussicom.com\/noticias\/wp-json\/wp\/v2\/media?parent=60696"}],"wp:term":[{"taxonomy":"category","embeddable":true,"href":"https:\/\/mussicom.com\/noticias\/wp-json\/wp\/v2\/categories?post=60696"},{"taxonomy":"post_tag","embeddable":true,"href":"https:\/\/mussicom.com\/noticias\/wp-json\/wp\/v2\/tags?post=60696"}],"curies":[{"name":"wp","href":"https:\/\/api.w.org\/{rel}","templated":true}]}}