{"id":60684,"date":"2026-01-31T10:14:24","date_gmt":"2026-01-31T13:14:24","guid":{"rendered":"https:\/\/mussicom.com\/primeiro-evento-do-mercado-municipal-de-santos-une-musica-gastronomia-e-economia-criativa\/"},"modified":"2026-01-31T10:14:24","modified_gmt":"2026-01-31T13:14:24","slug":"primeiro-evento-do-mercado-municipal-de-santos-une-musica-gastronomia-e-economia-criativa","status":"publish","type":"post","link":"https:\/\/mussicom.com\/noticias\/primeiro-evento-do-mercado-municipal-de-santos-une-musica-gastronomia-e-economia-criativa\/","title":{"rendered":"Primeiro evento do Mercado Municipal de Santos une m\u00fasica, gastronomia e economia criativa"},"content":{"rendered":"<p> <br \/>\n<\/p>\n<div id=\"texto\">\n<p>Reunindo m\u00fasica, gastronomia, economia criativa e outras atra\u00e7\u00f5es, o Mercado Municipal Pl\u00ednio Marcos (Pra\u00e7a Iguatemi Martins s\/n\u00ba &#8211; Vila Nova) recebe neste s\u00e1bado (31) o primeiro evento cultural ap\u00f3s sua reinaugura\u00e7\u00e3o. A estreia ser\u00e1 com o Projeto Mercado, iniciativa que integra a programa\u00e7\u00e3o do Santos Ver\u00e3o 2026 e que promete movimentar a regi\u00e3o da Vila Nova, a partir das 14h, com entrada gratuita.<\/p>\n<p>\u00a0<\/p>\n<p>A programa\u00e7\u00e3o musical traz nomes de destaque da cena art\u00edstica, come\u00e7ando com Silvinho, \u00e0s 14h, e seguido por Gustavinho, \u00e0s 14h30. J\u00e1 \u00e0s 16h sobe ao palco o sambista Toninho Geraes. O artista mineiro \u00e9 conhecido por suas composi\u00e7\u00f5es que se tornaram grandes sucessos na voz de artistas como Martinho da Vila (&#8216;Mulheres&#8217;) e Zeca Pagodinho (&#8216;Uma Prova de Amor&#8217; e &#8216;Seu Balanc\u00ea&#8217;).\u00a0<\/p>\n<p>\u00a0<\/p>\n<p>Dando sequ\u00eancia \u00e0s apresenta\u00e7\u00f5es musicais, tem Fernando Negr\u00e3o (17h40), Simone Ancelmo (18h10) e Rafa Laranja (18h40).<\/p>\n<p>\u00a0<\/p>\n<p>ALIMENTA\u00c7\u00c3O<\/p>\n<p>O p\u00fablico poder\u00e1 aproveitar uma pra\u00e7a de alimenta\u00e7\u00e3o, feira de economia criativa com as empreendedoras da Afrotu e cervejas da Rota da Cerveja Artesanal , valorizando produtores locais e proporcionando uma experi\u00eancia completa de cultura, lazer e gastronomia.<\/p>\n<p>\u00a0<\/p>\n<p>&#8220;O Projeto Mercado refor\u00e7a a proposta de ocupa\u00e7\u00e3o cultural do espa\u00e7o, celebrando a nova fase do local que recebeu o nome do nosso querido Pl\u00ednio Marcos e que ser\u00e1 um novo polo de conviv\u00eancia, cultura e turismo na Cidade&#8221;, comentou o secret\u00e1rio de Cultura, Rafael Leal.<\/p>\n<p>\u00a0<\/p>\n<p>\u00a0<\/p>\n<p>\u00a0<\/p>\n<p>\u00a0<\/p>\n<p>\u00a0<\/p>\n<p>\u00a0<\/p>\n<p>Secretaria de Comunica\u00e7\u00e3o e Economia Criativa<\/p>\n<\/p><\/div>\n<p><script async defer crossorigin=\"anonymous\" src=\"https:\/\/connect.facebook.net\/pt_BR\/sdk.js#xfbml=1&#038;version=v12.0&#038;appId=&#038;autoLogAppEvents=1\" nonce=\"ou0fI1lo\"><\/script><br \/>\n<br \/><br \/>\n<br \/>Fonte: <a href=\"https:\/\/www.bs9.com.br\/variedades\/primeiro-evento-do-mercado-municipal-de-santos-une-musica-gastronomia\/37393\/\">BS9<\/a><\/p>\n","protected":false},"excerpt":{"rendered":"<p>Reunindo m\u00fasica, gastronomia, economia criativa e outras atra\u00e7\u00f5es, o Mercado Municipal Pl\u00ednio Marcos (Pra\u00e7a Iguatemi Martins s\/n\u00ba &#8211; Vila Nova) recebe neste s\u00e1bado (31) o primeiro evento cultural ap\u00f3s sua reinaugura\u00e7\u00e3o. A estreia ser\u00e1 com o Projeto Mercado, iniciativa que integra a programa\u00e7\u00e3o do Santos Ver\u00e3o 2026 e que promete movimentar a regi\u00e3o da Vila [&hellip;]<\/p>\n","protected":false},"author":5,"featured_media":60685,"comment_status":"open","ping_status":"open","sticky":false,"template":"","format":"standard","meta":{"_seopress_robots_primary_cat":"","_seopress_titles_title":"","_seopress_titles_desc":"","_seopress_robots_index":"","footnotes":""},"categories":[52],"tags":[],"class_list":["post-60684","post","type-post","status-publish","format-standard","has-post-thumbnail","hentry","category-santoseregiao"],"_links":{"self":[{"href":"https:\/\/mussicom.com\/noticias\/wp-json\/wp\/v2\/posts\/60684","targetHints":{"allow":["GET"]}}],"collection":[{"href":"https:\/\/mussicom.com\/noticias\/wp-json\/wp\/v2\/posts"}],"about":[{"href":"https:\/\/mussicom.com\/noticias\/wp-json\/wp\/v2\/types\/post"}],"author":[{"embeddable":true,"href":"https:\/\/mussicom.com\/noticias\/wp-json\/wp\/v2\/users\/5"}],"replies":[{"embeddable":true,"href":"https:\/\/mussicom.com\/noticias\/wp-json\/wp\/v2\/comments?post=60684"}],"version-history":[{"count":0,"href":"https:\/\/mussicom.com\/noticias\/wp-json\/wp\/v2\/posts\/60684\/revisions"}],"wp:featuredmedia":[{"embeddable":true,"href":"https:\/\/mussicom.com\/noticias\/wp-json\/wp\/v2\/media\/60685"}],"wp:attachment":[{"href":"https:\/\/mussicom.com\/noticias\/wp-json\/wp\/v2\/media?parent=60684"}],"wp:term":[{"taxonomy":"category","embeddable":true,"href":"https:\/\/mussicom.com\/noticias\/wp-json\/wp\/v2\/categories?post=60684"},{"taxonomy":"post_tag","embeddable":true,"href":"https:\/\/mussicom.com\/noticias\/wp-json\/wp\/v2\/tags?post=60684"}],"curies":[{"name":"wp","href":"https:\/\/api.w.org\/{rel}","templated":true}]}}