{"id":60682,"date":"2026-01-31T09:14:29","date_gmt":"2026-01-31T12:14:29","guid":{"rendered":"https:\/\/mussicom.com\/preco-do-formosa-acumula-queda-de-51-em-janeiro\/"},"modified":"2026-01-31T09:14:29","modified_gmt":"2026-01-31T12:14:29","slug":"preco-do-formosa-acumula-queda-de-51-em-janeiro","status":"publish","type":"post","link":"https:\/\/mussicom.com\/noticias\/preco-do-formosa-acumula-queda-de-51-em-janeiro\/","title":{"rendered":"Pre\u00e7o do formosa acumula queda de 51% em janeiro"},"content":{"rendered":"<p> <br \/>\n<\/p>\n<div>\n<div class=\"row\">\n<div class=\"col-lg col-infos mt-0 mt-lg-0\">\n<div class=\"section-sub-title\">\n<p itemprop=\"description\">&#13;<br \/>\n                                Pre\u00e7os do mam\u00e3o caem at\u00e9 51% em janeiro por excesso de oferta no campo&#13;\n                            <\/p>\n<\/p><\/div>\n<div class=\"container\">\n<div class=\"row\">\n<div class=\"col-lg p-0 text-lg-end\">\n<div>\n<div id=\"mdEnviarPagina\" class=\"modal fade\" role=\"dialog\">\n<div class=\"modal-dialog\">\n<div class=\"modal-content\">\n<div class=\"modal-body\">\n<p><strong>Estimado usu\u00e1rio.<\/strong><br \/>Preencha o formul\u00e1rio abaixo para remeter a p\u00e1gina.<\/p>\n<\/p><\/div>\n<\/p><\/div>\n<\/p><\/div>\n<\/div><\/div>\n<\/p><\/div>\n<\/p><\/div>\n<\/p><\/div>\n<\/p><\/div>\n<\/p><\/div>\n<div class=\"row justify-content-md-center mt-3\">\n<div class=\"col-lg-auto col-image block-news-main-image\">\n<p>                                <br \/>\n                                                <span class=\"publicity-photo d-block mt-1\">Foto: Pixabay<\/span><\/p><\/div>\n<\/p><\/div>\n<div class=\"section-description section-description-noticias mt-3\">\n<p style=\"text-align:justify\">Levantamento da equipe Hortifr\u00fati\/Cepea mostra que os pre\u00e7os do mam\u00e3o ca\u00edram pela terceira semana consecutiva tanto no Norte do Esp\u00edrito Santo quanto no Sul da Bahia. A press\u00e3o vem dos elevados volumes de frutas em campo, conforme explicam pesquisadores.\u00a0Entre 19 e 23 de janeiro, o hava\u00ed 12-18 foi comercializado \u00e0 m\u00e9dia de R$ 1,97\/kg no Norte do Esp\u00edrito Santo, recuo de 21% em rela\u00e7\u00e3o ao per\u00edodo anterior; no Sul da Bahia, o formosa se desvalorizou 13%, negociado a R$ 2,14\/kg. Na parcial do m\u00eas, a desvaloriza\u00e7\u00e3o acumulada \u00e9 de 34% para o hava\u00ed-12-18 no ES e de 51% para o formosa no Sul da BA.\u00a0No atacado paulista (Ceagesp), pesquisas do Cepea tamb\u00e9m indicam baixa de pre\u00e7os conta da maior disponibilidade da fruta no mercado interno. O formosa foi cotado a R$ 54,00\/cx de 13 kg na \u00faltima semana (-17%).&#13;\n<\/p>\n<\/p><\/div>\n<\/p><\/div>\n<p><script data-cfasync=\"false\">\n    !function (f, b, e, v, n, t, s) {\n        if (f.fbq) return; n = f.fbq = function () {\n            n.callMethod ?\n                n.callMethod.apply(n, arguments) : n.queue.push(arguments)\n        };\n        if (!f._fbq) f._fbq = n; n.push = n; n.loaded = !0; n.version = '2.0';\n        n.queue = []; t = b.createElement(e); t.async = !0;\n        t.src = v; s = b.getElementsByTagName(e)[0];\n        s.parentNode.insertBefore(t, s)\n    }(window, document, 'script',\n        'https:\/\/connect.facebook.net\/en_US\/fbevents.js');\n    fbq('init', '522546078623747');\n    fbq('track', 'PageView');\n<\/script><br \/>\n<br \/><br \/>\n<br \/>Fonte: <a href=\"https:\/\/www.agrolink.com.br\/noticias\/mamao-cepea--preco-do-formosa-acumula-queda-de-51--em-janeiro_510411.html\">AGROLINK<\/a><\/p>\n","protected":false},"excerpt":{"rendered":"<p>&#13; Pre\u00e7os do mam\u00e3o caem at\u00e9 51% em janeiro por excesso de oferta no campo&#13; Estimado usu\u00e1rio.Preencha o formul\u00e1rio abaixo para remeter a p\u00e1gina. Foto: Pixabay Levantamento da equipe Hortifr\u00fati\/Cepea mostra que os pre\u00e7os do mam\u00e3o ca\u00edram pela terceira semana consecutiva tanto no Norte do Esp\u00edrito Santo quanto no Sul da Bahia. A press\u00e3o vem [&hellip;]<\/p>\n","protected":false},"author":5,"featured_media":60683,"comment_status":"open","ping_status":"open","sticky":false,"template":"","format":"standard","meta":{"_seopress_robots_primary_cat":"","_seopress_titles_title":"","_seopress_titles_desc":"","_seopress_robots_index":"","footnotes":""},"categories":[53],"tags":[],"class_list":["post-60682","post","type-post","status-publish","format-standard","has-post-thumbnail","hentry","category-agronegocio"],"_links":{"self":[{"href":"https:\/\/mussicom.com\/noticias\/wp-json\/wp\/v2\/posts\/60682","targetHints":{"allow":["GET"]}}],"collection":[{"href":"https:\/\/mussicom.com\/noticias\/wp-json\/wp\/v2\/posts"}],"about":[{"href":"https:\/\/mussicom.com\/noticias\/wp-json\/wp\/v2\/types\/post"}],"author":[{"embeddable":true,"href":"https:\/\/mussicom.com\/noticias\/wp-json\/wp\/v2\/users\/5"}],"replies":[{"embeddable":true,"href":"https:\/\/mussicom.com\/noticias\/wp-json\/wp\/v2\/comments?post=60682"}],"version-history":[{"count":0,"href":"https:\/\/mussicom.com\/noticias\/wp-json\/wp\/v2\/posts\/60682\/revisions"}],"wp:featuredmedia":[{"embeddable":true,"href":"https:\/\/mussicom.com\/noticias\/wp-json\/wp\/v2\/media\/60683"}],"wp:attachment":[{"href":"https:\/\/mussicom.com\/noticias\/wp-json\/wp\/v2\/media?parent=60682"}],"wp:term":[{"taxonomy":"category","embeddable":true,"href":"https:\/\/mussicom.com\/noticias\/wp-json\/wp\/v2\/categories?post=60682"},{"taxonomy":"post_tag","embeddable":true,"href":"https:\/\/mussicom.com\/noticias\/wp-json\/wp\/v2\/tags?post=60682"}],"curies":[{"name":"wp","href":"https:\/\/api.w.org\/{rel}","templated":true}]}}