{"id":60648,"date":"2026-01-31T00:08:25","date_gmt":"2026-01-31T03:08:25","guid":{"rendered":"https:\/\/mussicom.com\/gabigol-volta-ao-santos-no-classico-contra-o-sao-paulo-e-vojvoda-tem-duvidas-no-time\/"},"modified":"2026-01-31T00:08:25","modified_gmt":"2026-01-31T03:08:25","slug":"gabigol-volta-ao-santos-no-classico-contra-o-sao-paulo-e-vojvoda-tem-duvidas-no-time","status":"publish","type":"post","link":"https:\/\/mussicom.com\/noticias\/gabigol-volta-ao-santos-no-classico-contra-o-sao-paulo-e-vojvoda-tem-duvidas-no-time\/","title":{"rendered":"Gabigol volta ao Santos no cl\u00e1ssico contra o S\u00e3o Paulo e Vojvoda tem d\u00favidas no time"},"content":{"rendered":"<p> <br \/>\n<\/p>\n<div>\n<div id=\"attachment_178394\" style=\"width: 1001px\" class=\"wp-caption aligncenter\"><img alt=\"\" fetchpriority=\"high\" fetchpriority=\"high\" decoding=\"async\" aria-describedby=\"caption-attachment-178394\" class=\" wp-image-178394\" src=\"https:\/\/www.diariodopeixe.com.br\/wp-content\/uploads\/2026\/01\/55067825391_419032fc3f_o-240x300.webp\" alt=\"\" width=\"991\" height=\"1239\" srcset=\"https:\/\/www.diariodopeixe.com.br\/wp-content\/uploads\/2026\/01\/55067825391_419032fc3f_o-200x250.webp 200w, https:\/\/www.diariodopeixe.com.br\/wp-content\/uploads\/2026\/01\/55067825391_419032fc3f_o-240x300.webp 240w, https:\/\/www.diariodopeixe.com.br\/wp-content\/uploads\/2026\/01\/55067825391_419032fc3f_o-400x500.webp 400w, https:\/\/www.diariodopeixe.com.br\/wp-content\/uploads\/2026\/01\/55067825391_419032fc3f_o-600x750.webp 600w, https:\/\/www.diariodopeixe.com.br\/wp-content\/uploads\/2026\/01\/55067825391_419032fc3f_o-768x960.webp 768w, https:\/\/www.diariodopeixe.com.br\/wp-content\/uploads\/2026\/01\/55067825391_419032fc3f_o-800x1000.webp 800w, https:\/\/www.diariodopeixe.com.br\/wp-content\/uploads\/2026\/01\/55067825391_419032fc3f_o-819x1024.webp 819w, https:\/\/www.diariodopeixe.com.br\/wp-content\/uploads\/2026\/01\/55067825391_419032fc3f_o-1200x1500.webp 1200w, https:\/\/www.diariodopeixe.com.br\/wp-content\/uploads\/2026\/01\/55067825391_419032fc3f_o-1229x1536.webp 1229w, https:\/\/www.diariodopeixe.com.br\/wp-content\/uploads\/2026\/01\/55067825391_419032fc3f_o-1638x2048.webp 1638w\" sizes=\"(max-width: 991px) 100vw, 991px\"\/><\/p>\n<p id=\"caption-attachment-178394\" class=\"wp-caption-text\">Gabigol est\u00e1 a disposi\u00e7\u00e3o de Vojvoda para o cl\u00e1ssico (Foto: Raul Baretta \/ Santos FC)<\/p>\n<\/div>\n<p>O <strong>Santos<\/strong> encerrou nesta sexta-feira (30) a prepara\u00e7\u00e3o para o cl\u00e1ssico contra o S\u00e3o Paulo, marcado para este s\u00e1bado (31), \u00e0s 20h30, no Morumbis, pela sexta rodada do Campeonato Paulista. A principal novidade \u00e9 o retorno de Gabriel Barbosa, que volta a ficar \u00e0 disposi\u00e7\u00e3o da comiss\u00e3o t\u00e9cnica ap\u00f3s ser poupado do \u00faltimo compromisso.<\/p>\n<p>O treinamento desta sexta foi limitado pelas condi\u00e7\u00f5es clim\u00e1ticas. Por conta da forte chuva que atingiu a cidade, a atividade contou apenas com trabalho f\u00edsico e exerc\u00edcios de bola parada. N\u00e3o houve treino t\u00e1tico.<\/p>\n<p>Gabigol havia sido preservado recentemente por conta de uma tendinite e risco de les\u00e3o. Ap\u00f3s evolu\u00e7\u00e3o no quadro f\u00edsico, o atacante treinou normalmente com o elenco e deve enfrentar o rival no cl\u00e1ssico.<\/p>\n<p>Outra op\u00e7\u00e3o confirmada para o jogo \u00e9 Rony. O atacante treinou normalmente durante a semana, teve o nome publicado no Boletim Informativo Di\u00e1rio (BID) da CBF e foi inscrito na Federa\u00e7\u00e3o Paulista, ficando \u00e0 disposi\u00e7\u00e3o do t\u00e9cnico Juan Pablo Vojvoda para o confronto.<\/p>\n<p>Mesmo sem atividade t\u00e1tica formal, Vojvoda realizou testes ao longo dos treinos da semana. Uma das forma\u00e7\u00f5es observadas teve: Gabriel Braz\u00e3o; Igor Vin\u00edcius, Adonis Fr\u00edas, Z\u00e9 Ivaldo (Luan Peres) e Escobar (Vin\u00edcius Lira); Jo\u00e3o Schmidt, Z\u00e9 Rafael e Gabriel Menino; Barreal, Miguelito (Rollheiser) e Gabriel Barbosa.<\/p>\n<p>Neymar segue fora da partida. O camisa 10 participou normalmente da atividade da tarde com os companheiros e est\u00e1 na fase final de recupera\u00e7\u00e3o, mas a expectativa \u00e9 de retorno apenas no dia 4 de fevereiro.<\/p>\n<p>Tiquinho Soares avan\u00e7ou no processo de recupera\u00e7\u00e3o e iniciou a transi\u00e7\u00e3o f\u00edsica. O atacante come\u00e7ou a correr no gramado do CT Rei Pel\u00e9 e est\u00e1 pr\u00f3ximo de retornar ap\u00f3s les\u00e3o muscular, embora o futuro do jogador no clube ainda esteja indefinido.<\/p>\n<p>Para o cl\u00e1ssico, o Santos segue com desfalques confirmados. Willian Ar\u00e3o se recupera de cirurgia para retirada de c\u00e1lculo renal. Gustavo Henrique trata les\u00e3o no m\u00fasculo adutor da coxa direita, enquanto Thaciano segue em recupera\u00e7\u00e3o de edema no m\u00fasculo posterior da coxa direita.<\/p>\n<\/p><\/div>\n<p><br \/>\n<br \/>Fonte: <a href=\"https:\/\/www.diariodopeixe.com.br\/noticias\/gabigol-volta-ao-santos-no-classico-contra-o-sao-paulo-e-vojvoda-tem-duvidas-no-time\/\">Di\u00e1rio do Peixe<\/a><\/p>\n","protected":false},"excerpt":{"rendered":"<p>Gabigol est\u00e1 a disposi\u00e7\u00e3o de Vojvoda para o cl\u00e1ssico (Foto: Raul Baretta \/ Santos FC) O Santos encerrou nesta sexta-feira (30) a prepara\u00e7\u00e3o para o cl\u00e1ssico contra o S\u00e3o Paulo, marcado para este s\u00e1bado (31), \u00e0s 20h30, no Morumbis, pela sexta rodada do Campeonato Paulista. A principal novidade \u00e9 o retorno de Gabriel Barbosa, que [&hellip;]<\/p>\n","protected":false},"author":5,"featured_media":60649,"comment_status":"open","ping_status":"open","sticky":false,"template":"","format":"standard","meta":{"_seopress_robots_primary_cat":"","_seopress_titles_title":"","_seopress_titles_desc":"","_seopress_robots_index":"","footnotes":""},"categories":[55],"tags":[],"class_list":["post-60648","post","type-post","status-publish","format-standard","has-post-thumbnail","hentry","category-santos-fc"],"_links":{"self":[{"href":"https:\/\/mussicom.com\/noticias\/wp-json\/wp\/v2\/posts\/60648","targetHints":{"allow":["GET"]}}],"collection":[{"href":"https:\/\/mussicom.com\/noticias\/wp-json\/wp\/v2\/posts"}],"about":[{"href":"https:\/\/mussicom.com\/noticias\/wp-json\/wp\/v2\/types\/post"}],"author":[{"embeddable":true,"href":"https:\/\/mussicom.com\/noticias\/wp-json\/wp\/v2\/users\/5"}],"replies":[{"embeddable":true,"href":"https:\/\/mussicom.com\/noticias\/wp-json\/wp\/v2\/comments?post=60648"}],"version-history":[{"count":0,"href":"https:\/\/mussicom.com\/noticias\/wp-json\/wp\/v2\/posts\/60648\/revisions"}],"wp:featuredmedia":[{"embeddable":true,"href":"https:\/\/mussicom.com\/noticias\/wp-json\/wp\/v2\/media\/60649"}],"wp:attachment":[{"href":"https:\/\/mussicom.com\/noticias\/wp-json\/wp\/v2\/media?parent=60648"}],"wp:term":[{"taxonomy":"category","embeddable":true,"href":"https:\/\/mussicom.com\/noticias\/wp-json\/wp\/v2\/categories?post=60648"},{"taxonomy":"post_tag","embeddable":true,"href":"https:\/\/mussicom.com\/noticias\/wp-json\/wp\/v2\/tags?post=60648"}],"curies":[{"name":"wp","href":"https:\/\/api.w.org\/{rel}","templated":true}]}}