{"id":60639,"date":"2026-01-30T23:02:29","date_gmt":"2026-01-31T02:02:29","guid":{"rendered":"https:\/\/mussicom.com\/vira-lata-caramelo-se-torna-expressao-cultural-de-sao-paulo\/"},"modified":"2026-01-30T23:02:29","modified_gmt":"2026-01-31T02:02:29","slug":"vira-lata-caramelo-se-torna-expressao-cultural-de-sao-paulo","status":"publish","type":"post","link":"https:\/\/mussicom.com\/noticias\/vira-lata-caramelo-se-torna-expressao-cultural-de-sao-paulo\/","title":{"rendered":"Vira-lata caramelo se torna express\u00e3o cultural de S\u00e3o Paulo"},"content":{"rendered":"<p> <br \/>\n<\/p>\n<div id=\"texto\">\n<p><strong>O famoso e simp\u00e1tico \u201cvira-lata caramelo\u201d agora \u00e9 reconhecido por lei como express\u00e3o cultural de S\u00e3o Paulo. A lei estadual foi publicada no dia 22 no\u00a0Di\u00e1rio Oficial\u00a0e j\u00e1 est\u00e1 em vigor.<\/strong><img decoding=\"async\" src=\"https:\/\/agenciabrasil.ebc.com.br\/ebc.gif?id=1676446&amp;o=node\"\/><\/p>\n<p>O reconhecimento do caramelo chega como uma forma de dar visibilidade e prote\u00e7\u00e3o aos animais como um todo.\u00a0<strong>O pa\u00eds tem cerca de 30 milh\u00f5es de cachorros, gatos e outras esp\u00e9cies dom\u00e9sticas abandonados.<\/strong><\/p>\n<p>\u201cRespeitar os animais e proteger as vidas deles \u00e9 um exerc\u00edcio de humanidade. Sabemos o quanto \u00e9 importante acolher um cachorrinho quando ele procura um lugar para deitar, algu\u00e9m pra ficar perto ou simplesmente mostrar como est\u00e1 feliz na nossa companhia. \u00c9 uma troca de amor, carinho e cuidado\u201d, disse o governador Tarc\u00edsio de Freitas ap\u00f3s assinar a lei que tornou o caramelo express\u00e3o cultural de SP.<\/p>\n<p>A pr\u00e1tica de abandonar animais \u00e9 crime e pode levar \u00e0 pena de at\u00e9 um\u00a0ano de deten\u00e7\u00e3o, que pode ser agravada se houver ind\u00edcios de maus-tratos ou riscos para a sa\u00fade do bicho.<\/p>\n<p>Em S\u00e3o Paulo, os abandonos podem ser denunciados \u00e0 Delegacia Eletr\u00f4nica de Prote\u00e7\u00e3o Animal no 0800-600-6428. Na capital paulista, os pets deixados para tr\u00e1s s\u00e3o recolhidos pela Divis\u00e3o de Vigil\u00e2ncia de Zoonoses (DVZ) e s\u00e3o, posteriormente, disponibilizados para ado\u00e7\u00e3o.<\/p>\n<p>Casos recentes<\/p>\n<p>Entre os casos de maus-tratos a animais\u00a0registrados recentemente est\u00e1 o do\u00a0cachorro Orelha.\u00a0A morte brutal do cachorrinho, na Praia Brava, litoral de Santa Catarina, causou como\u00e7\u00e3o nacional. C\u00e3o comunit\u00e1rio, ele foi atacado por um grupo de adolescentes no dia 4 de janeiro. Ap\u00f3s ser socorrido e levado a uma cl\u00ednica veterin\u00e1ria, o cachorro teve que ser submetido \u00e0 eutan\u00e1sia no dia 5, em raz\u00e3o da gravidade dos ferimentos.<\/p>\n<p>As autoridades\u00a0tamb\u00e9m investigam um outro caso de agress\u00e3o feito pelos adolescentes contra o cachorro conhecido como Caramelo. O animal conseguiu escapar dos ataques do grupo.<\/p>\n<p>Outro caso \u00e9 o do\u00a0c\u00e3o Abacate,\u00a0morto na\u00a0ter\u00e7a-feira (27) com um tiro de arma de fogo no bairro de Tocantins, na cidade de Toledo, Paran\u00e1. Segundo informa\u00e7\u00f5es da pol\u00edcia, a bala atravessou o corpo do animal, atingindo os rins.\u00a0As autoridades investigam quem foi o autor do disparo e salientam que houve a inten\u00e7\u00e3o de matar. N\u00e3o foi um acidente.\u00a0Abacate, assim como Orelha, era um cachorro comunit\u00e1rio, cuidado pelos moradores da regi\u00e3o.<\/p>\n<p>\u00a0<\/p>\n<p>\u00a0<\/p>\n<p>Ag\u00eancia Brasil<\/p>\n<\/p><\/div>\n<p><script async defer crossorigin=\"anonymous\" src=\"https:\/\/connect.facebook.net\/pt_BR\/sdk.js#xfbml=1&#038;version=v12.0&#038;appId=&#038;autoLogAppEvents=1\" nonce=\"ou0fI1lo\"><\/script><br \/>\n<br \/><br \/>\n<br \/>Fonte: <a href=\"https:\/\/www.bs9.com.br\/brasil\/vira-lata-caramelo-se-torna-expressao-cultural-de-sao-paulo\/37391\/\">BS9<\/a><\/p>\n","protected":false},"excerpt":{"rendered":"<p>O famoso e simp\u00e1tico \u201cvira-lata caramelo\u201d agora \u00e9 reconhecido por lei como express\u00e3o cultural de S\u00e3o Paulo. A lei estadual foi publicada no dia 22 no\u00a0Di\u00e1rio Oficial\u00a0e j\u00e1 est\u00e1 em vigor. O reconhecimento do caramelo chega como uma forma de dar visibilidade e prote\u00e7\u00e3o aos animais como um todo.\u00a0O pa\u00eds tem cerca de 30 milh\u00f5es [&hellip;]<\/p>\n","protected":false},"author":5,"featured_media":60640,"comment_status":"open","ping_status":"open","sticky":false,"template":"","format":"standard","meta":{"_seopress_robots_primary_cat":"","_seopress_titles_title":"","_seopress_titles_desc":"","_seopress_robots_index":"","footnotes":""},"categories":[52],"tags":[],"class_list":["post-60639","post","type-post","status-publish","format-standard","has-post-thumbnail","hentry","category-santoseregiao"],"_links":{"self":[{"href":"https:\/\/mussicom.com\/noticias\/wp-json\/wp\/v2\/posts\/60639","targetHints":{"allow":["GET"]}}],"collection":[{"href":"https:\/\/mussicom.com\/noticias\/wp-json\/wp\/v2\/posts"}],"about":[{"href":"https:\/\/mussicom.com\/noticias\/wp-json\/wp\/v2\/types\/post"}],"author":[{"embeddable":true,"href":"https:\/\/mussicom.com\/noticias\/wp-json\/wp\/v2\/users\/5"}],"replies":[{"embeddable":true,"href":"https:\/\/mussicom.com\/noticias\/wp-json\/wp\/v2\/comments?post=60639"}],"version-history":[{"count":0,"href":"https:\/\/mussicom.com\/noticias\/wp-json\/wp\/v2\/posts\/60639\/revisions"}],"wp:featuredmedia":[{"embeddable":true,"href":"https:\/\/mussicom.com\/noticias\/wp-json\/wp\/v2\/media\/60640"}],"wp:attachment":[{"href":"https:\/\/mussicom.com\/noticias\/wp-json\/wp\/v2\/media?parent=60639"}],"wp:term":[{"taxonomy":"category","embeddable":true,"href":"https:\/\/mussicom.com\/noticias\/wp-json\/wp\/v2\/categories?post=60639"},{"taxonomy":"post_tag","embeddable":true,"href":"https:\/\/mussicom.com\/noticias\/wp-json\/wp\/v2\/tags?post=60639"}],"curies":[{"name":"wp","href":"https:\/\/api.w.org\/{rel}","templated":true}]}}