{"id":60618,"date":"2026-01-30T20:54:14","date_gmt":"2026-01-30T23:54:14","guid":{"rendered":"https:\/\/mussicom.com\/presidente-da-cpmi-do-inss-pede-audiencia-com-toffoli\/"},"modified":"2026-01-30T20:54:14","modified_gmt":"2026-01-30T23:54:14","slug":"presidente-da-cpmi-do-inss-pede-audiencia-com-toffoli","status":"publish","type":"post","link":"https:\/\/mussicom.com\/noticias\/presidente-da-cpmi-do-inss-pede-audiencia-com-toffoli\/","title":{"rendered":"Presidente da CPMI do INSS pede audi\u00eancia com Toffoli"},"content":{"rendered":"<p> <br \/>\n<\/p>\n<div id=\"tp-post-content\">\n<p class=\"postParagraph_post-paragraph__juWZN postParagraph_post-paragraph-innerHtml__Q5vwc\">O presidente da CPMI do INSS, senador Carlos Viana (Podemos-MG), pediu nesta sexta-feira (30) uma audi\u00eancia com o ministro Dias Toffoli, do Supremo Tribunal Federal (STF), para pedir acesso aos dados da quebra de sigilo de Daniel Vorcaro, dono do Banco Master.<\/p>\n<p class=\"postParagraph_post-paragraph__juWZN postParagraph_post-paragraph-innerHtml__Q5vwc\">No \u00faltimo dia 12, Toffoli determinou que todas as informa\u00e7\u00f5es fossem retiradas da comiss\u00e3o e armazenadas na Presid\u00eancia do Senado. Com isso, os integrantes do colegiado n\u00e3o podem acessar ou usar os dados.<\/p>\n<p class=\"postParagraph_post-paragraph__juWZN postParagraph_post-paragraph-innerHtml__Q5vwc\">\u201cSolicitei formalmente uma audi\u00eancia com o ministro Dias Toffoli para tratar da devolu\u00e7\u00e3o do material retirado da CPMI do INSS\u201d, disse o presidente da CPMI, em nota.<\/p>\n<div class=\"postViewMore_post-view-more-container___5wai\" data-mrf-recirculation=\"Post - Veja tamb\u00e9m\">\n<p class=\"gp-styles-module-size-small-afeYRa gp-styles-module-font-family2-afeYRa gp-styles-module-color-secondary-afeYRa gp-styles-module-weight-bold-afeYRa\">VEJA TAMB\u00c9M:<\/p>\n<ul class=\"postViewMore_post-view-more-list__CU_CE\">\n<li class=\"postViewMore_post-view-more-item__2MzRb\"><span class=\"postViewMore_post-view-more-link-icon___stPC\"><svg xmlns=\"http:\/\/www.w3.org\/2000\/svg\" width=\"16\" height=\"16\" viewbox=\"0 0 16 16\"><rect width=\"16\" height=\"16\" fill=\"none\"\/><g transform=\"translate(3 3)\"><path d=\"M22.5,15l3.4,3.4-3.4,3.4\" transform=\"translate(-15.896 -11.793)\" fill=\"none\" stroke=\"#717171\" stroke-linecap=\"round\" stroke-width=\"1.4\"\/><path d=\"M6,6v4.2a2.452,2.452,0,0,0,2.5,2.4H16\" transform=\"translate(-6 -6)\" fill=\"none\" stroke=\"#717171\" stroke-linecap=\"round\" stroke-width=\"1.4\"\/><\/g><\/svg><\/span><span class=\"postViewMore_post-view-more-link-text__hO_kM\">Sob Tanure, Ligga aplicou dinheiro do caixa no Master e foi rebaixada por ag\u00eancia de risco<\/span><\/li>\n<\/ul>\n<\/div>\n<p class=\"postParagraph_post-paragraph__juWZN postParagraph_post-paragraph-innerHtml__Q5vwc\">Ele tamb\u00e9m anunciou que se reunir\u00e1 com o presidente do Senado, Davi Alcolumbre (Uni\u00e3o-AP), para solicitar a prorroga\u00e7\u00e3o dos trabalhos do colegiado na pr\u00f3xima segunda-feira (2).<\/p>\n<p class=\"postParagraph_post-paragraph__juWZN postParagraph_post-paragraph-innerHtml__Q5vwc\">\u201c\u00d3rf\u00e3os, vi\u00favas e aposentados merecem respeito, transpar\u00eancia e, sobretudo, o compromisso efetivo do Congresso Nacional com a verdade e a responsabiliza\u00e7\u00e3o\u201d, destacou o senador.<\/p>\n<p class=\"postParagraph_post-paragraph__juWZN postParagraph_post-paragraph-innerHtml__Q5vwc\">Nesta quinta (29), Viana apontou que Vorcaro vem sendo \u201cblindado\u201d de forma \u201csurpreendente e estranha\u201d.<\/p>\n<p class=\"postParagraph_post-paragraph__juWZN postParagraph_post-paragraph-innerHtml__Q5vwc\">\u201cH\u00e1 uma s\u00e9rie de procedimentos que vem blindando o senhor Vorcaro de prestar esclarecimentos \u00e0 popula\u00e7\u00e3o brasileira. Ele tem conseguido, de uma forma surpreendente e at\u00e9 estranha, apoios e resolu\u00e7\u00f5es que garantem a ele um sigilo que n\u00e3o interessa ao Brasil\u201d, disse.<\/p>\n<p class=\"postParagraph_post-paragraph__juWZN postParagraph_post-paragraph-innerHtml__Q5vwc\">O banqueiro foi convocado para prestar depoimento \u00e0 CPMI do INSS. Questionado sobre a possibilidade de Vorcaro conseguir um habeas corpus para evitar a oitiva, Viana fez um apelo ao relator.<\/p>\n<p class=\"postParagraph_post-paragraph__juWZN postParagraph_post-paragraph-innerHtml__Q5vwc\">\u201cN\u00f3s precisamos que o banqueiro que envolveu metade da Rep\u00fablica, do pr\u00f3prio Parlamento, o homem que \u00e9 acusado de um desfalque bilion\u00e1rio em nosso pa\u00eds, seja obrigado a falar\u201d, afirmou.<\/p>\n<\/div>\n<p><br \/>\n<br \/>Fonte: <a href=\"https:\/\/www.gazetadopovo.com.br\/economia\/presidente-da-cpmi-do-inss-pede-audiencia-com-toffoli\/\">Gazeta do Povo<\/a><\/p>\n","protected":false},"excerpt":{"rendered":"<p>O presidente da CPMI do INSS, senador Carlos Viana (Podemos-MG), pediu nesta sexta-feira (30) uma audi\u00eancia com o ministro Dias Toffoli, do Supremo Tribunal Federal (STF), para pedir acesso aos dados da quebra de sigilo de Daniel Vorcaro, dono do Banco Master. No \u00faltimo dia 12, Toffoli determinou que todas as informa\u00e7\u00f5es fossem retiradas da [&hellip;]<\/p>\n","protected":false},"author":5,"featured_media":60619,"comment_status":"open","ping_status":"open","sticky":false,"template":"","format":"standard","meta":{"_seopress_robots_primary_cat":"","_seopress_titles_title":"","_seopress_titles_desc":"","_seopress_robots_index":"","footnotes":""},"categories":[45],"tags":[],"class_list":["post-60618","post","type-post","status-publish","format-standard","has-post-thumbnail","hentry","category-economia"],"_links":{"self":[{"href":"https:\/\/mussicom.com\/noticias\/wp-json\/wp\/v2\/posts\/60618","targetHints":{"allow":["GET"]}}],"collection":[{"href":"https:\/\/mussicom.com\/noticias\/wp-json\/wp\/v2\/posts"}],"about":[{"href":"https:\/\/mussicom.com\/noticias\/wp-json\/wp\/v2\/types\/post"}],"author":[{"embeddable":true,"href":"https:\/\/mussicom.com\/noticias\/wp-json\/wp\/v2\/users\/5"}],"replies":[{"embeddable":true,"href":"https:\/\/mussicom.com\/noticias\/wp-json\/wp\/v2\/comments?post=60618"}],"version-history":[{"count":0,"href":"https:\/\/mussicom.com\/noticias\/wp-json\/wp\/v2\/posts\/60618\/revisions"}],"wp:featuredmedia":[{"embeddable":true,"href":"https:\/\/mussicom.com\/noticias\/wp-json\/wp\/v2\/media\/60619"}],"wp:attachment":[{"href":"https:\/\/mussicom.com\/noticias\/wp-json\/wp\/v2\/media?parent=60618"}],"wp:term":[{"taxonomy":"category","embeddable":true,"href":"https:\/\/mussicom.com\/noticias\/wp-json\/wp\/v2\/categories?post=60618"},{"taxonomy":"post_tag","embeddable":true,"href":"https:\/\/mussicom.com\/noticias\/wp-json\/wp\/v2\/tags?post=60618"}],"curies":[{"name":"wp","href":"https:\/\/api.w.org\/{rel}","templated":true}]}}