{"id":60576,"date":"2026-01-30T17:51:15","date_gmt":"2026-01-30T20:51:15","guid":{"rendered":"https:\/\/mussicom.com\/motta-e-simone-tebet-trocam-farpas-sobre-emendas-parlamentares\/"},"modified":"2026-01-30T17:51:15","modified_gmt":"2026-01-30T20:51:15","slug":"motta-e-simone-tebet-trocam-farpas-sobre-emendas-parlamentares","status":"publish","type":"post","link":"https:\/\/mussicom.com\/noticias\/motta-e-simone-tebet-trocam-farpas-sobre-emendas-parlamentares\/","title":{"rendered":"Motta e Simone Tebet trocam farpas sobre emendas parlamentares"},"content":{"rendered":"<p> <br \/>\n<\/p>\n<div id=\"tp-post-content\">\n<p class=\"postParagraph_post-paragraph__juWZN postParagraph_post-paragraph-innerHtml__Q5vwc\">A ministra de Planejamento e Or\u00e7amento, Simone Tebet, e o presidente da C\u00e2mara dos Deputados, Hugo Motta (Republicanos-PB), trocaram farpas nesta sexta-feira (30) a respeito dos recursos do governo. Tebet acusou o Congresso Nacional de \u201csequestrar\u201d o or\u00e7amento atrav\u00e9s das emendas, Motta afirmou que \u201cem uma democracia\u201d nenhum poder &#8220;sequestra&#8221; o dinheiro p\u00fablico.<\/p>\n<p class=\"postParagraph_post-paragraph__juWZN postParagraph_post-paragraph-innerHtml__Q5vwc\">\u201cParte das despesas do or\u00e7amento, que \u00e9 livre, foi confiscada, sequestrada por um Congresso Nacional cada vez mais dependente do or\u00e7amento, com um objetivo, muitas vezes, eleitoral\u201d, disse a ministra, em uma agenda em S\u00e3o Paulo. \u00a0<\/p>\n<div class=\"postViewMore_post-view-more-container___5wai\" data-mrf-recirculation=\"Post - Veja tamb\u00e9m\">\n<p class=\"gp-styles-module-size-small-afeYRa gp-styles-module-font-family2-afeYRa gp-styles-module-color-secondary-afeYRa gp-styles-module-weight-bold-afeYRa\">VEJA TAMB\u00c9M:<\/p>\n<ul class=\"postViewMore_post-view-more-list__CU_CE\">\n<li class=\"postViewMore_post-view-more-item__2MzRb\"><span class=\"postViewMore_post-view-more-link-icon___stPC\"><svg xmlns=\"http:\/\/www.w3.org\/2000\/svg\" width=\"16\" height=\"16\" viewbox=\"0 0 16 16\"><rect width=\"16\" height=\"16\" fill=\"none\"\/><g transform=\"translate(3 3)\"><path d=\"M22.5,15l3.4,3.4-3.4,3.4\" transform=\"translate(-15.896 -11.793)\" fill=\"none\" stroke=\"#717171\" stroke-linecap=\"round\" stroke-width=\"1.4\"\/><path d=\"M6,6v4.2a2.452,2.452,0,0,0,2.5,2.4H16\" transform=\"translate(-6 -6)\" fill=\"none\" stroke=\"#717171\" stroke-linecap=\"round\" stroke-width=\"1.4\"\/><\/g><\/svg><\/span><span class=\"postViewMore_post-view-more-link-text__hO_kM\">Lula sanciona Or\u00e7amento 2026 com vetos a cerca de R$ 400 milh\u00f5es em emendas<\/span><\/li>\n<li class=\"postViewMore_post-view-more-item__2MzRb\"><span class=\"postViewMore_post-view-more-link-icon___stPC\"><svg xmlns=\"http:\/\/www.w3.org\/2000\/svg\" width=\"16\" height=\"16\" viewbox=\"0 0 16 16\"><rect width=\"16\" height=\"16\" fill=\"none\"\/><g transform=\"translate(3 3)\"><path d=\"M22.5,15l3.4,3.4-3.4,3.4\" transform=\"translate(-15.896 -11.793)\" fill=\"none\" stroke=\"#717171\" stroke-linecap=\"round\" stroke-width=\"1.4\"\/><path d=\"M6,6v4.2a2.452,2.452,0,0,0,2.5,2.4H16\" transform=\"translate(-6 -6)\" fill=\"none\" stroke=\"#717171\" stroke-linecap=\"round\" stroke-width=\"1.4\"\/><\/g><\/svg><\/span><span class=\"postViewMore_post-view-more-link-text__hO_kM\">Deputado governista \u00e9 alvo de opera\u00e7\u00e3o da PF por desvio de emendas<\/span><\/li>\n<\/ul>\n<\/div>\n<p class=\"postParagraph_post-paragraph__juWZN postParagraph_post-paragraph-innerHtml__Q5vwc\">\u00a0Ela se referia \u00e0s emendas parlamentares, controladas pelas lideran\u00e7as no Congresso Nacional. A resposta de Motta veio em sua conta no X. \u201cFoi equivocada a declara\u00e7\u00e3o da ministra Simone Tebet de que o Congresso sequestra parte do or\u00e7amento. As emendas parlamentares d\u00e3o voz aos estados, aos munic\u00edpios e \u00e0s prioridades reais da popula\u00e7\u00e3o. Diverg\u00eancias fazem parte da democracia, mas \u00e9 preciso cuidado com palavras que deslegitimam o papel do Parlamento\u201d, advertiu ele.<\/p>\n<p class=\"postParagraph_post-paragraph__juWZN postParagraph_post-paragraph-innerHtml__Q5vwc\">A Lei Or\u00e7ament\u00e1ria Anual de 2026 prev\u00ea cerca de R$ 62 bilh\u00f5es em recursos relacionados a emendas do or\u00e7amento \u2013 R$ 50 bilh\u00f5es deste valor s\u00e3o do parlamento. Simone Tebet afirmou que a concentra\u00e7\u00e3o, por parlamentar, chegaria a R$ 60 milh\u00f5es \u201csem nenhum planejamento\u201d.<\/p>\n<p class=\"postParagraph_post-paragraph__juWZN postParagraph_post-paragraph-innerHtml__Q5vwc\">A troca de farpas a quatro dias do fim do recesso do poder legislativo mostra que a rela\u00e7\u00e3o do governo Lula com o Congresso est\u00e1 longe de encontrar uma harmonia em ano eleitoral.<\/p>\n<\/div>\n<p><br \/>\n<br \/>Fonte: <a href=\"https:\/\/www.gazetadopovo.com.br\/economia\/motta-e-simone-tebet-trocam-farpas-sobre-controle-do-orcamento-entenda\/\">Gazeta do Povo<\/a><\/p>\n","protected":false},"excerpt":{"rendered":"<p>A ministra de Planejamento e Or\u00e7amento, Simone Tebet, e o presidente da C\u00e2mara dos Deputados, Hugo Motta (Republicanos-PB), trocaram farpas nesta sexta-feira (30) a respeito dos recursos do governo. Tebet acusou o Congresso Nacional de \u201csequestrar\u201d o or\u00e7amento atrav\u00e9s das emendas, Motta afirmou que \u201cem uma democracia\u201d nenhum poder &#8220;sequestra&#8221; o dinheiro p\u00fablico. \u201cParte das [&hellip;]<\/p>\n","protected":false},"author":5,"featured_media":60577,"comment_status":"open","ping_status":"open","sticky":false,"template":"","format":"standard","meta":{"_seopress_robots_primary_cat":"","_seopress_titles_title":"","_seopress_titles_desc":"","_seopress_robots_index":"","footnotes":""},"categories":[45],"tags":[],"class_list":["post-60576","post","type-post","status-publish","format-standard","has-post-thumbnail","hentry","category-economia"],"_links":{"self":[{"href":"https:\/\/mussicom.com\/noticias\/wp-json\/wp\/v2\/posts\/60576","targetHints":{"allow":["GET"]}}],"collection":[{"href":"https:\/\/mussicom.com\/noticias\/wp-json\/wp\/v2\/posts"}],"about":[{"href":"https:\/\/mussicom.com\/noticias\/wp-json\/wp\/v2\/types\/post"}],"author":[{"embeddable":true,"href":"https:\/\/mussicom.com\/noticias\/wp-json\/wp\/v2\/users\/5"}],"replies":[{"embeddable":true,"href":"https:\/\/mussicom.com\/noticias\/wp-json\/wp\/v2\/comments?post=60576"}],"version-history":[{"count":0,"href":"https:\/\/mussicom.com\/noticias\/wp-json\/wp\/v2\/posts\/60576\/revisions"}],"wp:featuredmedia":[{"embeddable":true,"href":"https:\/\/mussicom.com\/noticias\/wp-json\/wp\/v2\/media\/60577"}],"wp:attachment":[{"href":"https:\/\/mussicom.com\/noticias\/wp-json\/wp\/v2\/media?parent=60576"}],"wp:term":[{"taxonomy":"category","embeddable":true,"href":"https:\/\/mussicom.com\/noticias\/wp-json\/wp\/v2\/categories?post=60576"},{"taxonomy":"post_tag","embeddable":true,"href":"https:\/\/mussicom.com\/noticias\/wp-json\/wp\/v2\/tags?post=60576"}],"curies":[{"name":"wp","href":"https:\/\/api.w.org\/{rel}","templated":true}]}}