{"id":6057,"date":"2025-03-16T00:12:28","date_gmt":"2025-03-16T03:12:28","guid":{"rendered":"https:\/\/www.mussicom.com\/europa-e-asia-aumentam-taxas-para-turistas\/"},"modified":"2025-03-16T00:12:28","modified_gmt":"2025-03-16T03:12:28","slug":"europa-e-asia-aumentam-taxas-para-turistas","status":"publish","type":"post","link":"https:\/\/mussicom.com\/noticias\/europa-e-asia-aumentam-taxas-para-turistas\/","title":{"rendered":"Europa e \u00c1sia aumentam taxas para turistas"},"content":{"rendered":"<p> <br \/>\n<\/p>\n<div id=\"hd80s9wa1h892edh8192\">\n<p>Pa\u00edses da Europa e da \u00c1sia decidiram aumentas as taxas tur\u00edsticas. Segundo a emissora alem\u00e3 Deutsche Welle, o objetivo \u00e9 controlar o n\u00famero de visitantes e financiar projetos locais.<\/p>\n<p><strong>+ Leia mais not\u00edcias do Mundo em Oeste<\/strong><\/p>\n<p>No But\u00e3o, por exemplo, turistas pagam uma taxa di\u00e1ria de R$ 1 mil (na cota\u00e7\u00e3o atual), conhecida como \u201cTaxa de Desenvolvimento Sustent\u00e1vel\u201d.<\/p>\n<figure class=\"wp-block-image aligncenter size-full\"><picture><source data-srcset=\"https:\/\/medias.revistaoeste.com\/wp-content\/uploads\/2025\/03\/Butao.jpg.webp 800w, https:\/\/medias.revistaoeste.com\/wp-content\/uploads\/2025\/03\/Butao-300x169.jpg.webp 300w, https:\/\/medias.revistaoeste.com\/wp-content\/uploads\/2025\/03\/Butao-400x225.jpg.webp 400w, https:\/\/medias.revistaoeste.com\/wp-content\/uploads\/2025\/03\/Butao-216x121.jpg.webp 216w, https:\/\/medias.revistaoeste.com\/wp-content\/uploads\/2025\/03\/Butao-150x84.jpg.webp 150w\" data-sizes=\"(max-width: 800px) 100vw, 800px\" type=\"image\/webp\"><img fetchpriority=\"high\" decoding=\"async\" width=\"800\" height=\"450\" src=\"https:\/\/medias.revistaoeste.com\/wp-content\/uploads\/2025\/03\/Butao.jpg\" alt=\"Mosteiro Taktsang Palphug, no But\u00e3o | Foto: Reprodu\u00e7\u00e3o\/Wikimedia Commons\" class=\"wp-image-1921878\" srcset=\"https:\/\/medias.revistaoeste.com\/wp-content\/uploads\/2025\/03\/Butao.jpg 800w, https:\/\/medias.revistaoeste.com\/wp-content\/uploads\/2025\/03\/Butao-300x169.jpg 300w, https:\/\/medias.revistaoeste.com\/wp-content\/uploads\/2025\/03\/Butao-400x225.jpg 400w, https:\/\/medias.revistaoeste.com\/wp-content\/uploads\/2025\/03\/Butao-216x121.jpg 216w, https:\/\/medias.revistaoeste.com\/wp-content\/uploads\/2025\/03\/Butao-150x84.jpg 150w\" sizes=\"(max-width: 800px) 100vw, 800px\" data-eio=\"p\"\/><\/source><\/picture><figcaption class=\"wp-element-caption\">Mosteiro Taktsang Palphug, no But\u00e3o | Foto: Reprodu\u00e7\u00e3o\/Wikimedia Commons<\/figcaption><\/figure>\n<p>Os recursos provenientes do turismo arrecadados no pa\u00eds, cerca de R$ 150 milh\u00f5es em 2023, financiaram sa\u00fade, educa\u00e7\u00e3o e infraestrutura para cerca de 800 mil habitantes. Embora o custo seja alto, apenas 103 mil turistas visitaram o But\u00e3o, majoritariamente da \u00cdndia.<\/p>\n<h2 class=\"wp-block-heading\">Outros destinos tur\u00edsticos na Europa<\/h2>\n<p>Na Espanha, a Ilha de Maiorca, com popula\u00e7\u00e3o semelhante \u00e0 do But\u00e3o, enfrenta aumento de turistas. Em resposta, o governo local implantou uma taxa de hospedagem de at\u00e9 R$ 37 por dia, a depender da categoria do hotel.<\/p>\n<figure class=\"wp-block-image aligncenter size-full\"><picture><source data-srcset=\"https:\/\/medias.revistaoeste.com\/wp-content\/uploads\/2025\/03\/Ilha-de-Maiorca.jpg.webp 695w, https:\/\/medias.revistaoeste.com\/wp-content\/uploads\/2025\/03\/Ilha-de-Maiorca-300x169.jpg.webp 300w, https:\/\/medias.revistaoeste.com\/wp-content\/uploads\/2025\/03\/Ilha-de-Maiorca-400x225.jpg.webp 400w, https:\/\/medias.revistaoeste.com\/wp-content\/uploads\/2025\/03\/Ilha-de-Maiorca-216x121.jpg.webp 216w, https:\/\/medias.revistaoeste.com\/wp-content\/uploads\/2025\/03\/Ilha-de-Maiorca-150x84.jpg.webp 150w\" data-sizes=\"(max-width: 695px) 100vw, 695px\" type=\"image\/webp\"><img decoding=\"async\" width=\"695\" height=\"391\" alt=\"Ilha de Maiorca, na Espanha | Foto: Reprodu\u00e7\u00e3o\/Wikimedia Commons\" class=\"wp-image-1921879 perfmatters-lazy\" data-eio=\"p\" src=\"https:\/\/medias.revistaoeste.com\/wp-content\/uploads\/2025\/03\/Ilha-de-Maiorca.jpg\" srcset=\"https:\/\/medias.revistaoeste.com\/wp-content\/uploads\/2025\/03\/Ilha-de-Maiorca.jpg 695w, https:\/\/medias.revistaoeste.com\/wp-content\/uploads\/2025\/03\/Ilha-de-Maiorca-300x169.jpg 300w, https:\/\/medias.revistaoeste.com\/wp-content\/uploads\/2025\/03\/Ilha-de-Maiorca-400x225.jpg 400w, https:\/\/medias.revistaoeste.com\/wp-content\/uploads\/2025\/03\/Ilha-de-Maiorca-216x121.jpg 216w, https:\/\/medias.revistaoeste.com\/wp-content\/uploads\/2025\/03\/Ilha-de-Maiorca-150x84.jpg 150w\" data-sizes=\"(max-width: 695px) 100vw, 695px\"\/><img decoding=\"async\" width=\"695\" height=\"391\" src=\"https:\/\/medias.revistaoeste.com\/wp-content\/uploads\/2025\/03\/Ilha-de-Maiorca.jpg\" alt=\"Ilha de Maiorca, na Espanha | Foto: Reprodu\u00e7\u00e3o\/Wikimedia Commons\" class=\"wp-image-1921879\" srcset=\"https:\/\/medias.revistaoeste.com\/wp-content\/uploads\/2025\/03\/Ilha-de-Maiorca.jpg 695w, https:\/\/medias.revistaoeste.com\/wp-content\/uploads\/2025\/03\/Ilha-de-Maiorca-300x169.jpg 300w, https:\/\/medias.revistaoeste.com\/wp-content\/uploads\/2025\/03\/Ilha-de-Maiorca-400x225.jpg 400w, https:\/\/medias.revistaoeste.com\/wp-content\/uploads\/2025\/03\/Ilha-de-Maiorca-216x121.jpg 216w, https:\/\/medias.revistaoeste.com\/wp-content\/uploads\/2025\/03\/Ilha-de-Maiorca-150x84.jpg 150w\" sizes=\"(max-width: 695px) 100vw, 695px\" data-eio=\"p\"\/><\/source><\/picture><figcaption class=\"wp-element-caption\">Ilha de Maiorca, na Espanha | Foto: Reprodu\u00e7\u00e3o\/Wikimedia Commons<\/figcaption><\/figure>\n<p>O valor \u00e9 destinado a projetos de sustentabilidade. Contudo, o impacto na redu\u00e7\u00e3o do turismo na Europa tem sido limitado, afirmou o economista Jaume Rossello ao Deutsche Welle.\u00a0<\/p>\n<p><strong>Barcelona<\/strong>, tamb\u00e9m na Espanha, tem aplicado uma taxa tur\u00edstica de at\u00e9 R$ 43 por dia. A cidade tem arrecadado cerca de R$ 625 milh\u00f5es por ano, terceira maior fonte de renda municipal.\u00a0<\/p>\n<figure class=\"wp-block-image aligncenter size-full\"><picture><source data-srcset=\"https:\/\/medias.revistaoeste.com\/wp-content\/uploads\/2025\/03\/Barcelona.jpg.webp 800w, https:\/\/medias.revistaoeste.com\/wp-content\/uploads\/2025\/03\/Barcelona-300x169.jpg.webp 300w, https:\/\/medias.revistaoeste.com\/wp-content\/uploads\/2025\/03\/Barcelona-400x225.jpg.webp 400w, https:\/\/medias.revistaoeste.com\/wp-content\/uploads\/2025\/03\/Barcelona-216x121.jpg.webp 216w, https:\/\/medias.revistaoeste.com\/wp-content\/uploads\/2025\/03\/Barcelona-150x84.jpg.webp 150w\" data-sizes=\"(max-width: 800px) 100vw, 800px\" type=\"image\/webp\"><img loading=\"lazy\" decoding=\"async\" width=\"800\" height=\"450\" alt=\"Catedral de Santa Cruz e Santa Eul\u00e1lia, em Barcelona, na Espanha | Foto: Reprodu\u00e7\u00e3o\/Wikimedia Commons\" class=\"wp-image-1921880 perfmatters-lazy\" data-eio=\"p\" src=\"https:\/\/medias.revistaoeste.com\/wp-content\/uploads\/2025\/03\/Barcelona.jpg\" srcset=\"https:\/\/medias.revistaoeste.com\/wp-content\/uploads\/2025\/03\/Barcelona.jpg 800w, https:\/\/medias.revistaoeste.com\/wp-content\/uploads\/2025\/03\/Barcelona-300x169.jpg 300w, https:\/\/medias.revistaoeste.com\/wp-content\/uploads\/2025\/03\/Barcelona-400x225.jpg 400w, https:\/\/medias.revistaoeste.com\/wp-content\/uploads\/2025\/03\/Barcelona-216x121.jpg 216w, https:\/\/medias.revistaoeste.com\/wp-content\/uploads\/2025\/03\/Barcelona-150x84.jpg 150w\" data-sizes=\"(max-width: 800px) 100vw, 800px\"\/><img loading=\"lazy\" decoding=\"async\" width=\"800\" height=\"450\" src=\"https:\/\/medias.revistaoeste.com\/wp-content\/uploads\/2025\/03\/Barcelona.jpg\" alt=\"Catedral de Santa Cruz e Santa Eul\u00e1lia, em Barcelona, na Espanha | Foto: Reprodu\u00e7\u00e3o\/Wikimedia Commons\" class=\"wp-image-1921880\" srcset=\"https:\/\/medias.revistaoeste.com\/wp-content\/uploads\/2025\/03\/Barcelona.jpg 800w, https:\/\/medias.revistaoeste.com\/wp-content\/uploads\/2025\/03\/Barcelona-300x169.jpg 300w, https:\/\/medias.revistaoeste.com\/wp-content\/uploads\/2025\/03\/Barcelona-400x225.jpg 400w, https:\/\/medias.revistaoeste.com\/wp-content\/uploads\/2025\/03\/Barcelona-216x121.jpg 216w, https:\/\/medias.revistaoeste.com\/wp-content\/uploads\/2025\/03\/Barcelona-150x84.jpg 150w\" sizes=\"(max-width: 800px) 100vw, 800px\" data-eio=\"p\"\/><\/source><\/picture><figcaption class=\"wp-element-caption\">Catedral de Santa Cruz e Santa Eul\u00e1lia, em Barcelona, na Espanha | Foto: Reprodu\u00e7\u00e3o\/Wikimedia Commons<\/figcaption><\/figure>\n<p>A Prefeitura de Barcelona destina os fundos a projetos como o Plano Clim\u00e1tico Escolar. Mesmo assim, a cidade enfrenta protestos contra o turismo, em virtude do aumento dos alugu\u00e9is por loca\u00e7\u00f5es de curto prazo.<\/p>\n<h2 class=\"wp-block-heading\">Medidas de Berlim e Amsterd\u00e3<\/h2>\n<p>Em Berlim, na Alemanha, a taxa \u00e9 de 7,5% sobre o pre\u00e7o das estadias noturnas. A medida gerou quase R$ 570 milh\u00f5es em 2024, mas ainda sem destina\u00e7\u00e3o espec\u00edfica.<\/p>\n<figure class=\"wp-block-image aligncenter size-full\"><picture><source data-srcset=\"https:\/\/medias.revistaoeste.com\/wp-content\/uploads\/2025\/03\/Berlim.jpg.webp 600w, https:\/\/medias.revistaoeste.com\/wp-content\/uploads\/2025\/03\/Berlim-300x240.jpg.webp 300w, https:\/\/medias.revistaoeste.com\/wp-content\/uploads\/2025\/03\/Berlim-150x120.jpg.webp 150w\" data-sizes=\"(max-width: 600px) 100vw, 600px\" type=\"image\/webp\"><img loading=\"lazy\" decoding=\"async\" width=\"600\" height=\"480\" alt=\"Catedral de Berlim ao sol da manh\u00e3 | Foto: Reprodu\u00e7\u00e3o\/Wikimedia Commons\" class=\"wp-image-1921882 perfmatters-lazy\" data-eio=\"p\" src=\"https:\/\/medias.revistaoeste.com\/wp-content\/uploads\/2025\/03\/Berlim.jpg\" srcset=\"https:\/\/medias.revistaoeste.com\/wp-content\/uploads\/2025\/03\/Berlim.jpg 600w, https:\/\/medias.revistaoeste.com\/wp-content\/uploads\/2025\/03\/Berlim-300x240.jpg 300w, https:\/\/medias.revistaoeste.com\/wp-content\/uploads\/2025\/03\/Berlim-150x120.jpg 150w\" data-sizes=\"(max-width: 600px) 100vw, 600px\"\/><img loading=\"lazy\" decoding=\"async\" width=\"600\" height=\"480\" src=\"https:\/\/medias.revistaoeste.com\/wp-content\/uploads\/2025\/03\/Berlim.jpg\" alt=\"Catedral de Berlim ao sol da manh\u00e3 | Foto: Reprodu\u00e7\u00e3o\/Wikimedia Commons\" class=\"wp-image-1921882\" srcset=\"https:\/\/medias.revistaoeste.com\/wp-content\/uploads\/2025\/03\/Berlim.jpg 600w, https:\/\/medias.revistaoeste.com\/wp-content\/uploads\/2025\/03\/Berlim-300x240.jpg 300w, https:\/\/medias.revistaoeste.com\/wp-content\/uploads\/2025\/03\/Berlim-150x120.jpg 150w\" sizes=\"(max-width: 600px) 100vw, 600px\" data-eio=\"p\"\/><\/source><\/picture><figcaption class=\"wp-element-caption\">Catedral de Berlim ao sol da manh\u00e3 | Foto: Reprodu\u00e7\u00e3o\/Wikimedia Commons<\/figcaption><\/figure>\n<p>Amsterd\u00e3, na Holanda, aplica uma taxa de 12,5% desde 1973, com previs\u00e3o de arrecadar R$ 1,4 bilh\u00e3o em 2025.<\/p>\n<figure class=\"wp-block-image aligncenter size-full\"><picture><source data-srcset=\"https:\/\/medias.revistaoeste.com\/wp-content\/uploads\/2025\/03\/Amsterda.jpg.webp 800w, https:\/\/medias.revistaoeste.com\/wp-content\/uploads\/2025\/03\/Amsterda-300x169.jpg.webp 300w, https:\/\/medias.revistaoeste.com\/wp-content\/uploads\/2025\/03\/Amsterda-400x225.jpg.webp 400w, https:\/\/medias.revistaoeste.com\/wp-content\/uploads\/2025\/03\/Amsterda-216x121.jpg.webp 216w, https:\/\/medias.revistaoeste.com\/wp-content\/uploads\/2025\/03\/Amsterda-150x84.jpg.webp 150w\" data-sizes=\"(max-width: 800px) 100vw, 800px\" type=\"image\/webp\"><img loading=\"lazy\" decoding=\"async\" width=\"800\" height=\"450\" alt=\"Casas coloridas do canal na hora dourada na avenida Damrak, Amsterd\u00e3, Holanda | Foto: Reprodu\u00e7\u00e3o\/Wikimedia Commons\" class=\"wp-image-1921884 perfmatters-lazy\" data-eio=\"p\" src=\"https:\/\/medias.revistaoeste.com\/wp-content\/uploads\/2025\/03\/Amsterda.jpg\" srcset=\"https:\/\/medias.revistaoeste.com\/wp-content\/uploads\/2025\/03\/Amsterda.jpg 800w, https:\/\/medias.revistaoeste.com\/wp-content\/uploads\/2025\/03\/Amsterda-300x169.jpg 300w, https:\/\/medias.revistaoeste.com\/wp-content\/uploads\/2025\/03\/Amsterda-400x225.jpg 400w, https:\/\/medias.revistaoeste.com\/wp-content\/uploads\/2025\/03\/Amsterda-216x121.jpg 216w, https:\/\/medias.revistaoeste.com\/wp-content\/uploads\/2025\/03\/Amsterda-150x84.jpg 150w\" data-sizes=\"(max-width: 800px) 100vw, 800px\"\/><img loading=\"lazy\" decoding=\"async\" width=\"800\" height=\"450\" src=\"https:\/\/medias.revistaoeste.com\/wp-content\/uploads\/2025\/03\/Amsterda.jpg\" alt=\"Casas coloridas do canal na hora dourada na avenida Damrak, Amsterd\u00e3, Holanda | Foto: Reprodu\u00e7\u00e3o\/Wikimedia Commons\" class=\"wp-image-1921884\" srcset=\"https:\/\/medias.revistaoeste.com\/wp-content\/uploads\/2025\/03\/Amsterda.jpg 800w, https:\/\/medias.revistaoeste.com\/wp-content\/uploads\/2025\/03\/Amsterda-300x169.jpg 300w, https:\/\/medias.revistaoeste.com\/wp-content\/uploads\/2025\/03\/Amsterda-400x225.jpg 400w, https:\/\/medias.revistaoeste.com\/wp-content\/uploads\/2025\/03\/Amsterda-216x121.jpg 216w, https:\/\/medias.revistaoeste.com\/wp-content\/uploads\/2025\/03\/Amsterda-150x84.jpg 150w\" sizes=\"(max-width: 800px) 100vw, 800px\" data-eio=\"p\"\/><\/source><\/picture><figcaption class=\"wp-element-caption\">Casas coloridas do canal na hora dourada na avenida Damrak, Amsterd\u00e3, Holanda | Foto: Reprodu\u00e7\u00e3o\/Wikimedia Commons<\/figcaption><\/figure>\n<p>A cidade de Veneza, na It\u00e1lia, tamb\u00e9m aplicou uma taxa para os turistas, inicialmente por 29 dias na alta temporada, ampliada para 54 dias depois de cr\u00edticas.<\/p>\n<figure class=\"wp-block-image aligncenter size-full\"><picture><source data-srcset=\"https:\/\/medias.revistaoeste.com\/wp-content\/uploads\/2025\/03\/Veneza.jpg.webp 800w, https:\/\/medias.revistaoeste.com\/wp-content\/uploads\/2025\/03\/Veneza-300x169.jpg.webp 300w, https:\/\/medias.revistaoeste.com\/wp-content\/uploads\/2025\/03\/Veneza-400x225.jpg.webp 400w, https:\/\/medias.revistaoeste.com\/wp-content\/uploads\/2025\/03\/Veneza-216x121.jpg.webp 216w, https:\/\/medias.revistaoeste.com\/wp-content\/uploads\/2025\/03\/Veneza-150x84.jpg.webp 150w\" data-sizes=\"(max-width: 800px) 100vw, 800px\" type=\"image\/webp\"><img loading=\"lazy\" decoding=\"async\" width=\"800\" height=\"450\" alt=\"Ponte Storto, em Veneza, na It\u00e1lia | Foto: Reprodu\u00e7\u00e3o\/Wikimedia Commons\" class=\"wp-image-1921885 perfmatters-lazy\" data-eio=\"p\" src=\"https:\/\/medias.revistaoeste.com\/wp-content\/uploads\/2025\/03\/Veneza.jpg\" srcset=\"https:\/\/medias.revistaoeste.com\/wp-content\/uploads\/2025\/03\/Veneza.jpg 800w, https:\/\/medias.revistaoeste.com\/wp-content\/uploads\/2025\/03\/Veneza-300x169.jpg 300w, https:\/\/medias.revistaoeste.com\/wp-content\/uploads\/2025\/03\/Veneza-400x225.jpg 400w, https:\/\/medias.revistaoeste.com\/wp-content\/uploads\/2025\/03\/Veneza-216x121.jpg 216w, https:\/\/medias.revistaoeste.com\/wp-content\/uploads\/2025\/03\/Veneza-150x84.jpg 150w\" data-sizes=\"(max-width: 800px) 100vw, 800px\"\/><img loading=\"lazy\" decoding=\"async\" width=\"800\" height=\"450\" src=\"https:\/\/medias.revistaoeste.com\/wp-content\/uploads\/2025\/03\/Veneza.jpg\" alt=\"Ponte Storto, em Veneza, na It\u00e1lia | Foto: Reprodu\u00e7\u00e3o\/Wikimedia Commons\" class=\"wp-image-1921885\" srcset=\"https:\/\/medias.revistaoeste.com\/wp-content\/uploads\/2025\/03\/Veneza.jpg 800w, https:\/\/medias.revistaoeste.com\/wp-content\/uploads\/2025\/03\/Veneza-300x169.jpg 300w, https:\/\/medias.revistaoeste.com\/wp-content\/uploads\/2025\/03\/Veneza-400x225.jpg 400w, https:\/\/medias.revistaoeste.com\/wp-content\/uploads\/2025\/03\/Veneza-216x121.jpg 216w, https:\/\/medias.revistaoeste.com\/wp-content\/uploads\/2025\/03\/Veneza-150x84.jpg 150w\" sizes=\"(max-width: 800px) 100vw, 800px\" data-eio=\"p\"\/><\/source><\/picture><figcaption class=\"wp-element-caption\">Ponte Storto, em Veneza, na It\u00e1lia | Foto: Reprodu\u00e7\u00e3o\/Wikimedia Commons<\/figcaption><\/figure>\n<p>A taxa \u00e9 de R$ 28, mas pode subir para R$ 57 se n\u00e3o for paga antecipadamente. Pol\u00edticos argumentam que o valor pode n\u00e3o ser suficiente para desencorajar o turismo de massa.<\/p>\n<p><related-posts class=\"border-y border-gray-300 py-5\"><\/p>\n<h2 class=\"!text-2xl text-black font-primary font-semibold leading-none mb-3\">\n    Leia tamb\u00e9m:<br \/>\n  <\/h2>\n<p><\/related-posts><\/p><\/div>\n<p><br \/>\n<br \/>Fonte: <a href=\"https:\/\/revistaoeste.com\/mundo\/europa-e-asia-aumentam-taxas-para-turistas\/\">Revista Oeste<\/a><\/p>\n","protected":false},"excerpt":{"rendered":"<p>Pa\u00edses da Europa e da \u00c1sia decidiram aumentas as taxas tur\u00edsticas. Segundo a emissora alem\u00e3 Deutsche Welle, o objetivo \u00e9 controlar o n\u00famero de visitantes e financiar projetos locais. + Leia mais not\u00edcias do Mundo em Oeste No But\u00e3o, por exemplo, turistas pagam uma taxa di\u00e1ria de R$ 1 mil (na cota\u00e7\u00e3o atual), conhecida como [&hellip;]<\/p>\n","protected":false},"author":5,"featured_media":6059,"comment_status":"open","ping_status":"open","sticky":false,"template":"","format":"standard","meta":{"_seopress_robots_primary_cat":"","_seopress_titles_title":"","_seopress_titles_desc":"","_seopress_robots_index":"","footnotes":""},"categories":[48],"tags":[],"class_list":["post-6057","post","type-post","status-publish","format-standard","has-post-thumbnail","hentry","category-internacional"],"_links":{"self":[{"href":"https:\/\/mussicom.com\/noticias\/wp-json\/wp\/v2\/posts\/6057","targetHints":{"allow":["GET"]}}],"collection":[{"href":"https:\/\/mussicom.com\/noticias\/wp-json\/wp\/v2\/posts"}],"about":[{"href":"https:\/\/mussicom.com\/noticias\/wp-json\/wp\/v2\/types\/post"}],"author":[{"embeddable":true,"href":"https:\/\/mussicom.com\/noticias\/wp-json\/wp\/v2\/users\/5"}],"replies":[{"embeddable":true,"href":"https:\/\/mussicom.com\/noticias\/wp-json\/wp\/v2\/comments?post=6057"}],"version-history":[{"count":0,"href":"https:\/\/mussicom.com\/noticias\/wp-json\/wp\/v2\/posts\/6057\/revisions"}],"wp:featuredmedia":[{"embeddable":true,"href":"https:\/\/mussicom.com\/noticias\/wp-json\/wp\/v2\/media\/6059"}],"wp:attachment":[{"href":"https:\/\/mussicom.com\/noticias\/wp-json\/wp\/v2\/media?parent=6057"}],"wp:term":[{"taxonomy":"category","embeddable":true,"href":"https:\/\/mussicom.com\/noticias\/wp-json\/wp\/v2\/categories?post=6057"},{"taxonomy":"post_tag","embeddable":true,"href":"https:\/\/mussicom.com\/noticias\/wp-json\/wp\/v2\/tags?post=6057"}],"curies":[{"name":"wp","href":"https:\/\/api.w.org\/{rel}","templated":true}]}}