{"id":60533,"date":"2026-01-30T13:52:29","date_gmt":"2026-01-30T16:52:29","guid":{"rendered":"https:\/\/mussicom.com\/exportacoes-de-frutas-do-parana-somam-us-224-milhoes\/"},"modified":"2026-01-30T13:52:29","modified_gmt":"2026-01-30T16:52:29","slug":"exportacoes-de-frutas-do-parana-somam-us-224-milhoes","status":"publish","type":"post","link":"https:\/\/mussicom.com\/noticias\/exportacoes-de-frutas-do-parana-somam-us-224-milhoes\/","title":{"rendered":"Exporta\u00e7\u00f5es de frutas do Paran\u00e1 somam US$ 22,4 milh\u00f5es"},"content":{"rendered":"<p> <br \/>\n<\/p>\n<div>\n<p style=\"text-align:justify\">De acordo com o Boletim Conjuntural divulgado nesta quinta-feira (29) pelo Departamento de Economia Rural (Deral), da Secretaria de Estado da Agricultura e do Abastecimento (Seab), os dados das exporta\u00e7\u00f5es da fruticultura nacional indicam participa\u00e7\u00e3o limitada do Paran\u00e1 no com\u00e9rcio externo do setor em 2025. As informa\u00e7\u00f5es constam no sistema AGROSTAT\/Estat\u00edsticas de Com\u00e9rcio Exterior do Agroneg\u00f3cio Brasileiro, que consolida n\u00fameros da Secretaria de Com\u00e9rcio Exterior, e s\u00e3o descritas como \u201csujeitas a altera\u00e7\u00f5es\u201d.&#13;\n<\/p>\n<p style=\"text-align:justify\">Considerando as vendas externas de frutas, incluindo nozes e castanhas, o Paran\u00e1 ocupou o 11\u00ba lugar no ranking nacional no ano passado, com participa\u00e7\u00e3o de 1,4% do valor e 1,9% do volume exportado pelo pa\u00eds. No total, o Brasil embarcou US$ 1,6 bilh\u00e3o e 1,3 milh\u00e3o de toneladas, enquanto o estado respondeu por 24,8 mil toneladas, que somaram US$ 22,4 milh\u00f5es, destinadas a 66 pa\u00edses.<\/p>\n<p style=\"text-align:justify\">O boletim aponta que a \u201cparticipa\u00e7\u00e3o m\u00f3dica do Paran\u00e1 neste segmento\u201d est\u00e1 relacionada a uma fruticultura voltada prioritariamente ao mercado interno e \u00e0 autossufici\u00eancia. Ainda assim, o documento destaca que o estado acompanha \u201ccom cautela sua presen\u00e7a e evolu\u00e7\u00e3o num ambiente altamente concorrencial e competitivo\u201d no consumo mundial de frutas.&#13;\n<\/p>\n<p style=\"text-align:justify\">Entre os principais destinos das exporta\u00e7\u00f5es paranaenses, os Pa\u00edses Baixos concentraram 42,1% do valor comercializado, equivalentes a US$ 9,5 milh\u00f5es, seguidos pela Argentina, com 19,6%, ou US$ 4,4 milh\u00f5es. Lim\u00f5es e limas lideraram a pauta em valor, com US$ 10,6 milh\u00f5es, correspondendo a 47,4% da receita obtida, seguidos por bananas, com US$ 1,8 milh\u00e3o, e abacates, com US$ 1,7 milh\u00e3o. Em volume, os maiores embarques foram de lim\u00f5es e limas, com 9,2 mil toneladas, bananas, com 5,4 mil toneladas, e melancias, com 5,1 mil toneladas.<\/p>\n<p style=\"text-align:justify\">Na compara\u00e7\u00e3o entre 2016 e 2025, o Deral registra uma varia\u00e7\u00e3o positiva de 1,4 mil% nos valores exportados. O boletim destaca que, enquanto em 2025 as vendas alcan\u00e7aram US$ 22,4 milh\u00f5es, no in\u00edcio do per\u00edodo analisado os embarques somavam US$ 1,5 milh\u00e3o. Segundo o documento, esse desempenho est\u00e1 associado a um \u201cecossistema ativo para as frutas paranaenses\u201d, sustentado por sistemas produtivos voltados ao consumidor interno e \u00e0 amplia\u00e7\u00e3o gradual da presen\u00e7a no mercado externo.&#13;\n<\/p>\n<\/p><\/div>\n<p><script data-cfasync=\"false\">\n    !function (f, b, e, v, n, t, s) {\n        if (f.fbq) return; n = f.fbq = function () {\n            n.callMethod ?\n                n.callMethod.apply(n, arguments) : n.queue.push(arguments)\n        };\n        if (!f._fbq) f._fbq = n; n.push = n; n.loaded = !0; n.version = '2.0';\n        n.queue = []; t = b.createElement(e); t.async = !0;\n        t.src = v; s = b.getElementsByTagName(e)[0];\n        s.parentNode.insertBefore(t, s)\n    }(window, document, 'script',\n        'https:\/\/connect.facebook.net\/en_US\/fbevents.js');\n    fbq('init', '522546078623747');\n    fbq('track', 'PageView');\n<\/script><br \/>\n<br \/><br \/>\n<br \/>Fonte: <a href=\"https:\/\/www.agrolink.com.br\/noticias\/exportacoes-de-frutas-do-parana-somam-us--22-4-milhoes_510404.html\">AGROLINK<\/a><\/p>\n","protected":false},"excerpt":{"rendered":"<p>De acordo com o Boletim Conjuntural divulgado nesta quinta-feira (29) pelo Departamento de Economia Rural (Deral), da Secretaria de Estado da Agricultura e do Abastecimento (Seab), os dados das exporta\u00e7\u00f5es da fruticultura nacional indicam participa\u00e7\u00e3o limitada do Paran\u00e1 no com\u00e9rcio externo do setor em 2025. As informa\u00e7\u00f5es constam no sistema AGROSTAT\/Estat\u00edsticas de Com\u00e9rcio Exterior do [&hellip;]<\/p>\n","protected":false},"author":5,"featured_media":35299,"comment_status":"open","ping_status":"open","sticky":false,"template":"","format":"standard","meta":{"_seopress_robots_primary_cat":"","_seopress_titles_title":"","_seopress_titles_desc":"","_seopress_robots_index":"","footnotes":""},"categories":[53],"tags":[],"class_list":["post-60533","post","type-post","status-publish","format-standard","has-post-thumbnail","hentry","category-agronegocio"],"_links":{"self":[{"href":"https:\/\/mussicom.com\/noticias\/wp-json\/wp\/v2\/posts\/60533","targetHints":{"allow":["GET"]}}],"collection":[{"href":"https:\/\/mussicom.com\/noticias\/wp-json\/wp\/v2\/posts"}],"about":[{"href":"https:\/\/mussicom.com\/noticias\/wp-json\/wp\/v2\/types\/post"}],"author":[{"embeddable":true,"href":"https:\/\/mussicom.com\/noticias\/wp-json\/wp\/v2\/users\/5"}],"replies":[{"embeddable":true,"href":"https:\/\/mussicom.com\/noticias\/wp-json\/wp\/v2\/comments?post=60533"}],"version-history":[{"count":0,"href":"https:\/\/mussicom.com\/noticias\/wp-json\/wp\/v2\/posts\/60533\/revisions"}],"wp:featuredmedia":[{"embeddable":true,"href":"https:\/\/mussicom.com\/noticias\/wp-json\/wp\/v2\/media\/35299"}],"wp:attachment":[{"href":"https:\/\/mussicom.com\/noticias\/wp-json\/wp\/v2\/media?parent=60533"}],"wp:term":[{"taxonomy":"category","embeddable":true,"href":"https:\/\/mussicom.com\/noticias\/wp-json\/wp\/v2\/categories?post=60533"},{"taxonomy":"post_tag","embeddable":true,"href":"https:\/\/mussicom.com\/noticias\/wp-json\/wp\/v2\/tags?post=60533"}],"curies":[{"name":"wp","href":"https:\/\/api.w.org\/{rel}","templated":true}]}}