{"id":60524,"date":"2026-01-30T12:53:31","date_gmt":"2026-01-30T15:53:31","guid":{"rendered":"https:\/\/mussicom.com\/lula-passa-por-cirurgia-de-catarata-sem-intercorrencias\/"},"modified":"2026-01-30T12:53:31","modified_gmt":"2026-01-30T15:53:31","slug":"lula-passa-por-cirurgia-de-catarata-sem-intercorrencias","status":"publish","type":"post","link":"https:\/\/mussicom.com\/noticias\/lula-passa-por-cirurgia-de-catarata-sem-intercorrencias\/","title":{"rendered":"Lula passa por cirurgia de catarata \u201csem intercorr\u00eancias\u201d"},"content":{"rendered":"<p> <br \/>\n<\/p>\n<div id=\"tp-post-content\">\n<p class=\"postParagraph_post-paragraph__juWZN postParagraph_post-paragraph-innerHtml__Q5vwc\">O presidente Luiz In\u00e1cio Lula da Silva (PT) passou por uma cirurgia de catarata no olho esquerdo nesta sexta (30), em Bras\u00edlia, e deixou o hospital poucas horas depois, com previs\u00e3o de retorno \u00e0s atividades oficiais j\u00e1 na pr\u00f3xima segunda (2). Segundo o Pal\u00e1cio do Planalto, o procedimento ocorreu \u201csem intercorr\u00eancias\u201d e o presidente recebeu alta no mesmo dia.<\/p>\n<p class=\"postParagraph_post-paragraph__juWZN postParagraph_post-paragraph-innerHtml__Q5vwc\">Lula chegou ao CBV Hospital de Olhos por volta das 7h25 da manh\u00e3 e deixou a unidade hospitalar pouco depois das 10h, ap\u00f3s a conclus\u00e3o do procedimento considerado simples e de r\u00e1pida recupera\u00e7\u00e3o. A equipe m\u00e9dica informou que o presidente seguir\u00e1 em acompanhamento habitual nos pr\u00f3ximos dias.<\/p>\n<p class=\"postParagraph_post-paragraph__juWZN postParagraph_post-paragraph-innerHtml__Q5vwc\">\u201cO presidente segue com acompanhamento habitual pelas equipes m\u00e9dicas lideradas pelo Prof. Dr. Roberto Kalil Filho e pela Dra. Ana Helena Germoglio\u201d, afirmou o Planalto em um comunicado (veja na \u00edntegra mais abaixo).<\/p>\n<div class=\"postViewMore_post-view-more-container___5wai\" data-mrf-recirculation=\"Post - Veja tamb\u00e9m\">\n<p class=\"gp-styles-module-size-small-afeYRa gp-styles-module-font-family2-afeYRa gp-styles-module-color-secondary-afeYRa gp-styles-module-weight-bold-afeYRa\">VEJA TAMB\u00c9M:<\/p>\n<ul class=\"postViewMore_post-view-more-list__CU_CE\">\n<li class=\"postViewMore_post-view-more-item__2MzRb\">\n<div class=\"postViewMore_post-view-more-image__5gUSe\"><picture class=\"imageDefault_image-container__XGd8_\"><\/picture><\/div>\n<p>\u00daltima An\u00e1lise: Governo Lula se atola no esc\u00e2ndalo do Banco Master<\/li>\n<\/ul>\n<\/div>\n<p class=\"postParagraph_post-paragraph__juWZN postParagraph_post-paragraph-innerHtml__Q5vwc\">Lula permanecer\u00e1 em repouso durante todo o fim de semana na resid\u00eancia oficial da Granja do Torto, em Bras\u00edlia.<\/p>\n<p class=\"postParagraph_post-paragraph__juWZN postParagraph_post-paragraph-innerHtml__Q5vwc\">Esta foi a segunda cirurgia de catarata a que Lula foi submetido. Em 2020, ele passou pelo mesmo procedimento no olho direito, tamb\u00e9m dentro do planejamento m\u00e9dico. Ele passou por exames pr\u00e9-operat\u00f3rios na v\u00e9spera, um dia depois de cumprir uma extensa agenda de reuni\u00f5es bilaterais no Panam\u00e1.<\/p>\n<p class=\"postParagraph_post-paragraph__juWZN postParagraph_post-paragraph-innerHtml__Q5vwc\">A catarata \u00e9 uma condi\u00e7\u00e3o em que o cristalino, lente natural do olho, se torna opaco e compromete progressivamente a vis\u00e3o, sendo a cirurgia o \u00fanico tratamento poss\u00edvel. Na maior parte dos casos, o paciente retorna para casa no mesmo dia e tem libera\u00e7\u00e3o r\u00e1pida para atividades cotidianas, o que explica a previs\u00e3o de retorno de Lula ao trabalho j\u00e1 na pr\u00f3xima semana.<\/p>\n<h2 class=\"postParagraph_post-paragraph__juWZN postParagraph_post-paragraph-innerHtml__Q5vwc postParagraph_type-tag-h2__TtFkT\">Cirurgias de Lula<\/h2>\n<p class=\"postParagraph_post-paragraph__juWZN postParagraph_post-paragraph-innerHtml__Q5vwc\">Desde o fim de 2022, Lula j\u00e1 foi submetido a pelo menos quatro procedimentos cir\u00fargicos, todos divulgados oficialmente pelo governo. Em novembro daquele ano, passou por uma cirurgia para retirada de uma leucoplasia na prega vocal esquerda, ap\u00f3s epis\u00f3dios de rouquid\u00e3o.<\/p>\n<p class=\"postParagraph_post-paragraph__juWZN postParagraph_post-paragraph-innerHtml__Q5vwc\">Em setembro de 2023, Lula realizou uma artroplastia total do quadril direito para tratar um quadro de artrose, que vinha limitando sua mobilidade. Ainda em 2023, o presidente tamb\u00e9m passou por uma blefaroplastia bilateral para corre\u00e7\u00e3o do excesso de pele nas p\u00e1lpebras.<\/p>\n<p class=\"postParagraph_post-paragraph__juWZN postParagraph_post-paragraph-innerHtml__Q5vwc\">Mais recentemente, em dezembro de 2024, Lula foi operado para drenagem de um hematoma intracraniano, decorrente de uma queda sofrida dois meses antes no Pal\u00e1cio da Alvorada. Apesar do hist\u00f3rico recente de procedimentos m\u00e9dicos, o Planalto tem reiterado que o presidente mant\u00e9m condi\u00e7\u00f5es plenas para o exerc\u00edcio do cargo e, segundo o pr\u00f3prio petista, se candidatar \u00e0 reelei\u00e7\u00e3o \u00e0 presid\u00eancia neste ano.<\/p>\n<p class=\"postParagraph_post-paragraph__juWZN postParagraph_post-paragraph-innerHtml__Q5vwc\">Veja abaixo o comunicado na \u00edntegra do <strong>Pal\u00e1cio do Planalto <\/strong>sobre a cirurgia de Lula nesta sexta (30):<\/p>\n<p class=\"postParagraph_post-paragraph__juWZN postParagraph_post-paragraph-innerHtml__Q5vwc\"><em>O presidente Luiz In\u00e1cio Lula da Silva realizou nesta sexta-feira, 30 de janeiro, cirurgia de catarata no olho esquerdo. O procedimento, no CBV Hospital de Olhos, em Bras\u00edlia, ocorreu sem intercorr\u00eancias e o presidente j\u00e1 recebeu alta hospitalar. Ele permanecer\u00e1 esta sexta-feira e o fim de semana na Granja do Torto. Retorna \u00e0s atividades de rotina na segunda-feira (2).<\/em><\/p>\n<p class=\"postParagraph_post-paragraph__juWZN postParagraph_post-paragraph-innerHtml__Q5vwc\"><em>O presidente segue com acompanhamento habitual pelas equipes m\u00e9dicas lideradas pelo Prof. Dr. Roberto Kalil Filho e pela Dra. Ana Helena Germoglio.<\/em><\/p>\n<\/div>\n<p><br \/>\n<br \/>Fonte: <a href=\"https:\/\/www.gazetadopovo.com.br\/republica\/lula-cirurgia-catarata-sem-intercorrencias\/\">Revista Oeste<\/a><\/p>\n","protected":false},"excerpt":{"rendered":"<p>O presidente Luiz In\u00e1cio Lula da Silva (PT) passou por uma cirurgia de catarata no olho esquerdo nesta sexta (30), em Bras\u00edlia, e deixou o hospital poucas horas depois, com previs\u00e3o de retorno \u00e0s atividades oficiais j\u00e1 na pr\u00f3xima segunda (2). Segundo o Pal\u00e1cio do Planalto, o procedimento ocorreu \u201csem intercorr\u00eancias\u201d e o presidente recebeu [&hellip;]<\/p>\n","protected":false},"author":5,"featured_media":60525,"comment_status":"open","ping_status":"open","sticky":false,"template":"","format":"standard","meta":{"_seopress_robots_primary_cat":"","_seopress_titles_title":"","_seopress_titles_desc":"","_seopress_robots_index":"","footnotes":""},"categories":[1],"tags":[],"class_list":["post-60524","post","type-post","status-publish","format-standard","has-post-thumbnail","hentry","category-ultimas-noticias"],"_links":{"self":[{"href":"https:\/\/mussicom.com\/noticias\/wp-json\/wp\/v2\/posts\/60524","targetHints":{"allow":["GET"]}}],"collection":[{"href":"https:\/\/mussicom.com\/noticias\/wp-json\/wp\/v2\/posts"}],"about":[{"href":"https:\/\/mussicom.com\/noticias\/wp-json\/wp\/v2\/types\/post"}],"author":[{"embeddable":true,"href":"https:\/\/mussicom.com\/noticias\/wp-json\/wp\/v2\/users\/5"}],"replies":[{"embeddable":true,"href":"https:\/\/mussicom.com\/noticias\/wp-json\/wp\/v2\/comments?post=60524"}],"version-history":[{"count":0,"href":"https:\/\/mussicom.com\/noticias\/wp-json\/wp\/v2\/posts\/60524\/revisions"}],"wp:featuredmedia":[{"embeddable":true,"href":"https:\/\/mussicom.com\/noticias\/wp-json\/wp\/v2\/media\/60525"}],"wp:attachment":[{"href":"https:\/\/mussicom.com\/noticias\/wp-json\/wp\/v2\/media?parent=60524"}],"wp:term":[{"taxonomy":"category","embeddable":true,"href":"https:\/\/mussicom.com\/noticias\/wp-json\/wp\/v2\/categories?post=60524"},{"taxonomy":"post_tag","embeddable":true,"href":"https:\/\/mussicom.com\/noticias\/wp-json\/wp\/v2\/tags?post=60524"}],"curies":[{"name":"wp","href":"https:\/\/api.w.org\/{rel}","templated":true}]}}