{"id":60498,"date":"2026-01-30T10:46:24","date_gmt":"2026-01-30T13:46:24","guid":{"rendered":"https:\/\/mussicom.com\/trump-diz-que-regime-de-cuba-nao-conseguira-sobreviver\/"},"modified":"2026-01-30T10:46:24","modified_gmt":"2026-01-30T13:46:24","slug":"trump-diz-que-regime-de-cuba-nao-conseguira-sobreviver","status":"publish","type":"post","link":"https:\/\/mussicom.com\/noticias\/trump-diz-que-regime-de-cuba-nao-conseguira-sobreviver\/","title":{"rendered":"Trump diz que regime de Cuba n\u00e3o conseguir\u00e1 sobreviver"},"content":{"rendered":"<p> <br \/>\n<\/p>\n<div id=\"tp-post-content\">\n<p class=\"postParagraph_post-paragraph__juWZN postParagraph_post-paragraph-innerHtml__Q5vwc\">O presidente dos EUA, Donald Trump, afirmou que &#8220;Cuba n\u00e3o conseguir\u00e1 sobreviver&#8221;, ap\u00f3s ordenar a imposi\u00e7\u00e3o de tarifas aos pa\u00edses que vendam petr\u00f3leo \u00e0 ilha.<\/p>\n<p class=\"postParagraph_post-paragraph__juWZN postParagraph_post-paragraph-innerHtml__Q5vwc\">A declara\u00e7\u00e3o foi dada a jornalistas durante a apresenta\u00e7\u00e3o do document\u00e1rio da primeira-dama americana, Melania Trump, nesta quinta-feira (29).<\/p>\n<p class=\"postParagraph_post-paragraph__juWZN postParagraph_post-paragraph-innerHtml__Q5vwc\">Segundo o republicano, as medidas que impulsionam a queda do regime cubano n\u00e3o s\u00e3o intencionais, mas o isolamento \u00e9 reflexo das autoridades da ilha terem tratado mal seu povo. Trump ainda classificou o pa\u00eds como uma &#8220;na\u00e7\u00e3o falida&#8221;.<\/p>\n<p class=\"postParagraph_post-paragraph__juWZN postParagraph_post-paragraph-innerHtml__Q5vwc\">As novas declara\u00e7\u00f5es de Trump surgem horas depois dele assinar uma ordem executiva para impor tarifas aos pa\u00edses que forne\u00e7am petr\u00f3leo a Cuba. &#8220;Considero que a situa\u00e7\u00e3o em rela\u00e7\u00e3o a Cuba constitui uma amea\u00e7a incomum e extraordin\u00e1ria para a seguran\u00e7a nacional e a pol\u00edtica externa dos EUA, e pela presente declaro uma emerg\u00eancia nacional com respeito a essa amea\u00e7a&#8221;, argumentou o mandat\u00e1rio ao anunciar a ordem executiva.<\/p>\n<p class=\"postParagraph_post-paragraph__juWZN postParagraph_post-paragraph-innerHtml__Q5vwc\">Nesta quinta-feira, o jornal Financial Times divulgou uma reportagem na qual aponta que Cuba s\u00f3 tem petr\u00f3leo suficiente para 15 a 20 dias nos n\u00edveis atuais de demanda e produ\u00e7\u00e3o interna.<\/p>\n<\/div>\n<p><br \/>\n<br \/>Fonte: <a href=\"https:\/\/www.gazetadopovo.com.br\/mundo\/apos-pressionar-aliados-cuba-trump-diz-regime-nao-conseguira-sobreviver\/\">Revista Oeste<\/a><\/p>\n","protected":false},"excerpt":{"rendered":"<p>O presidente dos EUA, Donald Trump, afirmou que &#8220;Cuba n\u00e3o conseguir\u00e1 sobreviver&#8221;, ap\u00f3s ordenar a imposi\u00e7\u00e3o de tarifas aos pa\u00edses que vendam petr\u00f3leo \u00e0 ilha. A declara\u00e7\u00e3o foi dada a jornalistas durante a apresenta\u00e7\u00e3o do document\u00e1rio da primeira-dama americana, Melania Trump, nesta quinta-feira (29). Segundo o republicano, as medidas que impulsionam a queda do regime [&hellip;]<\/p>\n","protected":false},"author":5,"featured_media":58575,"comment_status":"open","ping_status":"open","sticky":false,"template":"","format":"standard","meta":{"_seopress_robots_primary_cat":"","_seopress_titles_title":"","_seopress_titles_desc":"","_seopress_robots_index":"","footnotes":""},"categories":[48],"tags":[],"class_list":["post-60498","post","type-post","status-publish","format-standard","has-post-thumbnail","hentry","category-internacional"],"_links":{"self":[{"href":"https:\/\/mussicom.com\/noticias\/wp-json\/wp\/v2\/posts\/60498","targetHints":{"allow":["GET"]}}],"collection":[{"href":"https:\/\/mussicom.com\/noticias\/wp-json\/wp\/v2\/posts"}],"about":[{"href":"https:\/\/mussicom.com\/noticias\/wp-json\/wp\/v2\/types\/post"}],"author":[{"embeddable":true,"href":"https:\/\/mussicom.com\/noticias\/wp-json\/wp\/v2\/users\/5"}],"replies":[{"embeddable":true,"href":"https:\/\/mussicom.com\/noticias\/wp-json\/wp\/v2\/comments?post=60498"}],"version-history":[{"count":0,"href":"https:\/\/mussicom.com\/noticias\/wp-json\/wp\/v2\/posts\/60498\/revisions"}],"wp:featuredmedia":[{"embeddable":true,"href":"https:\/\/mussicom.com\/noticias\/wp-json\/wp\/v2\/media\/58575"}],"wp:attachment":[{"href":"https:\/\/mussicom.com\/noticias\/wp-json\/wp\/v2\/media?parent=60498"}],"wp:term":[{"taxonomy":"category","embeddable":true,"href":"https:\/\/mussicom.com\/noticias\/wp-json\/wp\/v2\/categories?post=60498"},{"taxonomy":"post_tag","embeddable":true,"href":"https:\/\/mussicom.com\/noticias\/wp-json\/wp\/v2\/tags?post=60498"}],"curies":[{"name":"wp","href":"https:\/\/api.w.org\/{rel}","templated":true}]}}