{"id":60477,"date":"2026-01-30T06:45:31","date_gmt":"2026-01-30T09:45:31","guid":{"rendered":"https:\/\/mussicom.com\/inadimplencia-expoe-falhas-no-modelo-de-credito-rural\/"},"modified":"2026-01-30T06:45:31","modified_gmt":"2026-01-30T09:45:31","slug":"inadimplencia-expoe-falhas-no-modelo-de-credito-rural","status":"publish","type":"post","link":"https:\/\/mussicom.com\/noticias\/inadimplencia-expoe-falhas-no-modelo-de-credito-rural\/","title":{"rendered":"Inadimpl\u00eancia exp\u00f5e falhas no modelo de cr\u00e9dito rural"},"content":{"rendered":"<p> <br \/>\n<\/p>\n<div>\n<div class=\"row\">\n<div class=\"col-lg col-infos mt-0 mt-lg-0\">\n<div class=\"section-sub-title\">\n<p itemprop=\"description\">&#13;<br \/>\n                                O quadro se agrava diante da maior frequ\u00eancia de eventos clim\u00e1ticos extremos&#13;\n                            <\/p>\n<\/p><\/div>\n<div class=\"container\">\n<div class=\"row\">\n<div class=\"col-lg p-0\">\n<div>\n<div class=\"block-news-main-infos mt-3 text-start\">\n<p>                                            <strong class=\"fn\" itemprop=\"author\" style=\"color: rgb(112, 112, 112); \">&#13;<br \/>\n                                                Agrolink&#13;<br \/>\n&#13;<br \/>\n                                                    &#8211; Leonardo Gottems&#13;<br \/>\n&#13;<br \/>\n                                            <\/strong><br \/>\n                                        <\/p>\n<p>                                            <abbr><time datetime=\"2026 - 01 - 30T02:00\" itemprop=\"datePublished dateModified\"> Publicado em 30\/01\/2026 \u00e0s 02:00h.<\/time><\/abbr>\n                                    <\/div>\n<\/p><\/div>\n<\/p><\/div>\n<div class=\"col-lg p-0 text-lg-end\">\n<div>\n<div id=\"mdEnviarPagina\" class=\"modal fade\" role=\"dialog\">\n<div class=\"modal-dialog\">\n<div class=\"modal-content\">\n<div class=\"modal-body\">\n<p><strong>Estimado usu\u00e1rio.<\/strong><br \/>Preencha o formul\u00e1rio abaixo para remeter a p\u00e1gina.<\/p>\n<\/p><\/div>\n<\/p><\/div>\n<\/p><\/div>\n<\/div><\/div>\n<\/p><\/div>\n<\/p><\/div>\n<\/p><\/div>\n<\/p><\/div>\n<\/p><\/div>\n<div class=\"row justify-content-md-center mt-3\">\n<div class=\"col-lg-auto col-image block-news-main-image\">\n<p>                                <br \/>\n                                                <span class=\"d-block mt-1\">O quadro se agrava diante da maior frequ\u00eancia de eventos clim\u00e1ticos extremos e da baixa cobertura do seguro rural &#8211; Foto: Pixabay<\/span><\/p><\/div>\n<\/p><\/div>\n<div class=\"section-description section-description-noticias mt-3\">\n<p>A eleva\u00e7\u00e3o da inadimpl\u00eancia do cr\u00e9dito rural no Brasil exp\u00f5e limites estruturais de um modelo que priorizou a expans\u00e3o do financiamento sem integrar de forma efetiva a gest\u00e3o de risco. A an\u00e1lise consta em artigo assinado por Daniel Miquelutti, head de novos neg\u00f3cios nas \u00e1reas de tecnologia, gest\u00e3o de risco e inova\u00e7\u00e3o em seguro agr\u00edcola.&#13;\n<\/p>\n<p>Segundo o texto, a taxa de inadimpl\u00eancia atingiu 11,4%, com base em dados do Sistema de Opera\u00e7\u00f5es do Cr\u00e9dito Rural e do Proagro, do Banco Central, e n\u00e3o pode ser tratada como evento isolado. O avan\u00e7o expressivo frente aos n\u00edveis registrados em 2023 e 2024 revela o ac\u00famulo de fragilidades de um sistema que ampliou o cr\u00e9dito enquanto manteve o risco clim\u00e1tico e de mercado como elemento secund\u00e1rio. Esse cen\u00e1rio, conforme a an\u00e1lise, pressiona o custo do cr\u00e9dito, reduz o interesse das institui\u00e7\u00f5es financeiras e amplia a depend\u00eancia de subs\u00eddios p\u00fablicos.<\/p>\n<p>O quadro se agrava diante da maior frequ\u00eancia de eventos clim\u00e1ticos extremos e da baixa cobertura do seguro rural. Dados oficiais citados no artigo mostram que o programa de subven\u00e7\u00e3o ao pr\u00eamio do seguro cobriu menos de 5% da \u00e1rea agricult\u00e1vel em 2024, no pior desempenho em mais de uma d\u00e9cada. Para o autor, insistir em cr\u00e9dito sem prote\u00e7\u00e3o n\u00e3o reduz riscos, apenas posterga perdas que acabam recaindo sobre produtores, sistema financeiro e pol\u00edticas p\u00fablicas. A inadimpl\u00eancia recorde, nesse contexto, reflete menos a fragilidade do produtor e mais a resist\u00eancia do modelo em integrar cr\u00e9dito, seguro e gest\u00e3o de risco.&#13;\n<\/p>\n<p>\u201cA deteriora\u00e7\u00e3o recorde do cr\u00e9dito rural n\u00e3o \u00e9 um efeito colateral inevit\u00e1vel do clima. \u00c9 o sintoma de um modelo que se recusa a evoluir. Tratar o seguro como acess\u00f3rio deixou de ser uma op\u00e7\u00e3o vi\u00e1vel. Em um agroneg\u00f3cio cada vez mais exposto a riscos extremos, cr\u00e9dito sem prote\u00e7\u00e3o n\u00e3o \u00e9 estrat\u00e9gia de desenvolvimento, \u00e9 aposta. E os dados do Banco Central mostram, de forma inequ\u00edvoca, que essa aposta est\u00e1 sendo perdida\u201d, conclui.<br \/>&#13;<br \/>\n\u00a0<\/p>\n<\/p><\/div>\n<\/p><\/div>\n<p><script data-cfasync=\"false\">\n    !function (f, b, e, v, n, t, s) {\n        if (f.fbq) return; n = f.fbq = function () {\n            n.callMethod ?\n                n.callMethod.apply(n, arguments) : n.queue.push(arguments)\n        };\n        if (!f._fbq) f._fbq = n; n.push = n; n.loaded = !0; n.version = '2.0';\n        n.queue = []; t = b.createElement(e); t.async = !0;\n        t.src = v; s = b.getElementsByTagName(e)[0];\n        s.parentNode.insertBefore(t, s)\n    }(window, document, 'script',\n        'https:\/\/connect.facebook.net\/en_US\/fbevents.js');\n    fbq('init', '522546078623747');\n    fbq('track', 'PageView');\n<\/script><br \/>\n<br \/><br \/>\n<br \/>Fonte: <a href=\"https:\/\/www.agrolink.com.br\/noticias\/inadimplencia-expoe-falhas-no-modelo-de-credito-rural_510365.html\">AGROLINK<\/a><\/p>\n","protected":false},"excerpt":{"rendered":"<p>&#13; O quadro se agrava diante da maior frequ\u00eancia de eventos clim\u00e1ticos extremos&#13; &#13; Agrolink&#13; &#13; &#8211; Leonardo Gottems&#13; &#13; Publicado em 30\/01\/2026 \u00e0s 02:00h. Estimado usu\u00e1rio.Preencha o formul\u00e1rio abaixo para remeter a p\u00e1gina. O quadro se agrava diante da maior frequ\u00eancia de eventos clim\u00e1ticos extremos e da baixa cobertura do seguro rural &#8211; Foto: [&hellip;]<\/p>\n","protected":false},"author":5,"featured_media":31533,"comment_status":"open","ping_status":"open","sticky":false,"template":"","format":"standard","meta":{"_seopress_robots_primary_cat":"","_seopress_titles_title":"","_seopress_titles_desc":"","_seopress_robots_index":"","footnotes":""},"categories":[53],"tags":[],"class_list":["post-60477","post","type-post","status-publish","format-standard","has-post-thumbnail","hentry","category-agronegocio"],"_links":{"self":[{"href":"https:\/\/mussicom.com\/noticias\/wp-json\/wp\/v2\/posts\/60477","targetHints":{"allow":["GET"]}}],"collection":[{"href":"https:\/\/mussicom.com\/noticias\/wp-json\/wp\/v2\/posts"}],"about":[{"href":"https:\/\/mussicom.com\/noticias\/wp-json\/wp\/v2\/types\/post"}],"author":[{"embeddable":true,"href":"https:\/\/mussicom.com\/noticias\/wp-json\/wp\/v2\/users\/5"}],"replies":[{"embeddable":true,"href":"https:\/\/mussicom.com\/noticias\/wp-json\/wp\/v2\/comments?post=60477"}],"version-history":[{"count":0,"href":"https:\/\/mussicom.com\/noticias\/wp-json\/wp\/v2\/posts\/60477\/revisions"}],"wp:featuredmedia":[{"embeddable":true,"href":"https:\/\/mussicom.com\/noticias\/wp-json\/wp\/v2\/media\/31533"}],"wp:attachment":[{"href":"https:\/\/mussicom.com\/noticias\/wp-json\/wp\/v2\/media?parent=60477"}],"wp:term":[{"taxonomy":"category","embeddable":true,"href":"https:\/\/mussicom.com\/noticias\/wp-json\/wp\/v2\/categories?post=60477"},{"taxonomy":"post_tag","embeddable":true,"href":"https:\/\/mussicom.com\/noticias\/wp-json\/wp\/v2\/tags?post=60477"}],"curies":[{"name":"wp","href":"https:\/\/api.w.org\/{rel}","templated":true}]}}