{"id":60454,"date":"2026-01-30T00:38:21","date_gmt":"2026-01-30T03:38:21","guid":{"rendered":"https:\/\/mussicom.com\/memorial-das-conquistas-do-santos-fc-e-viagem-imperdivel-pela-historia-do-futebol\/"},"modified":"2026-01-30T00:38:21","modified_gmt":"2026-01-30T03:38:21","slug":"memorial-das-conquistas-do-santos-fc-e-viagem-imperdivel-pela-historia-do-futebol","status":"publish","type":"post","link":"https:\/\/mussicom.com\/noticias\/memorial-das-conquistas-do-santos-fc-e-viagem-imperdivel-pela-historia-do-futebol\/","title":{"rendered":"Memorial das Conquistas do Santos FC \u00e9 viagem imperd\u00edvel pela hist\u00f3ria do futebol"},"content":{"rendered":"<p> <br \/>\n<\/p>\n<div id=\"texto\">\n<p>Muito famosa pelo seu belo e maior jardim de praia em extens\u00e3o do mundo, Santos oferece diversas op\u00e7\u00f5es de lazer, cultura e contato com a natureza, especialmente durante as f\u00e9rias de ver\u00e3o. Pensando nisso, o Santos Portal preparou uma s\u00e9rie especial de mat\u00e9rias com dicas de passeios para todas as idades.<\/p>\n<p>\u00a0<\/p>\n<p>Dando continuidade ao roteiro pela Cidade, o &#8216;tour&#8217; de hoje \u00e9 pelo Memorial das Conquistas do Santos Futebol Clube, localizado no Est\u00e1dio Urbano Caldeira, na Vila Belmiro, um dos museus esportivos mais visitados do Brasil. Todos os dias, o Santos Futebol Clube recebe amantes e admiradores do futebol vindos de diversas partes do mundo, chegando a 60 mil visitantes ao ano.<\/p>\n<p>\u00a0<\/p>\n<p>E \u00e9 dentro da Vila que vive no cora\u00e7\u00e3o de fi\u00e9is torcedores que trof\u00e9us, fl\u00e2mulas, fotos, v\u00eddeos e pr\u00eamios ajudam a contar a hist\u00f3ria do clube que revelou alguns dos maiores craques de todos os tempos. Inaugurado em 17 de novembro de 2003, o Memorial das Conquistas est\u00e1 instalado no t\u00e9rreo do est\u00e1dio e ocupa 380 m\u00b2, proporcionando uma verdadeira imers\u00e3o nas gl\u00f3rias do Peixe, reunindo fa\u00e7anhas que transformaram o Santos FC em uma refer\u00eancia mundial dentro e fora dos gramados.<\/p>\n<p>\u00a0<\/p>\n<p>Logo na chegada, os visitantes s\u00e3o recebidos por uma impressionante cole\u00e7\u00e3o de trof\u00e9us e objetos hist\u00f3ricos, que percorrem cronologicamente a trajet\u00f3ria do clube, desde as primeiras conquistas at\u00e9 os t\u00edtulos mais recentes. O acervo celebra \u00eddolos eternos e momentos inesquec\u00edveis, mostrando por que o Santos \u00e9 reconhecido como a casa do maior atleta de todos os tempos e uma das maiores f\u00e1bricas de craques do futebol mundial.<\/p>\n<p>\u00a0<\/p>\n<p>\u00cdDOLOS<\/p>\n<p>Entre os destaques do Memorial est\u00e3o os espa\u00e7os exclusivos dedicados a Pel\u00e9 e Neymar. No ambiente reservado ao Rei do Futebol, pain\u00e9is e objetos revelam estat\u00edsticas impressionantes do eterno camisa 10, al\u00e9m de medalhas, documentos e itens pessoais que ajudam a compreender a dimens\u00e3o de sua carreira.<\/p>\n<p>\u00a0<\/p>\n<p>Uma das salas mais impactantes do local \u00e9 a chamada Astro Rei, onde \u00e9 poss\u00edvel encontrar uma est\u00e1tua em tamanho real do Pel\u00e9, vestida com o manto branco, criada pelo artista Renato Guedes, que tamb\u00e9m foi o respons\u00e1vel pela produ\u00e7\u00e3o de tr\u00eas pain\u00e9is que ilustram a sala.<\/p>\n<p>\u00a0<\/p>\n<p>O visitante tamb\u00e9m encontra vitrines que homenageiam outros grandes nomes que marcaram \u00e9poca no clube, al\u00e9m de uma extensa cole\u00e7\u00e3o de fl\u00e2mulas, placas e presentes recebidos pelo Santos em excurs\u00f5es por mais de 70 pa\u00edses, mostrando o alcance internacional do time.<\/p>\n<p>\u00a0<\/p>\n<p>Quem aproveitou para fazer v\u00e1rios registros das rel\u00edquias foi Thiago Freire, de 44 anos. Apaixonado pelo time desde nascen\u00e7a, o trabalhador portu\u00e1rio n\u00e3o escondeu o vislumbre ao visitar o memorial pela primeira vez. &#8220;Acabamos de chegar, mas j\u00e1 fui surpreendido pela quantidade de coisas que tem aqui e consigo me lembrar desde os tempos da inf\u00e2ncia&#8221;.<\/p>\n<p>\u00a0<\/p>\n<p>Ao lado dele estava o filho, Rafael Augusto, de 14 anos, que revelou o que mais queria ver durante o passeio. &#8220;Sem d\u00favidas o campo e o vesti\u00e1rio. Meu \u00eddolo \u00e9 o Gabriel Bras\u00e3o e, como f\u00e3, estou achando o museu bem legal&#8221;, disse.<\/p>\n<p>\u00a0<\/p>\n<p>DENTRO DE CAMPO<\/p>\n<p>Para quem deseja uma experi\u00eancia ainda mais completa, o Memorial oferece duas modalidades de visita\u00e7\u00e3o. Na visita simples, o p\u00fablico conhece o museu e tem acesso a uma vis\u00e3o panor\u00e2mica do gramado por uma porta de vidro.<\/p>\n<p>\u00a0<\/p>\n<p>J\u00e1 o Tour na Vila, realizado com acompanhamento de um monitor, permite explorar \u00e1reas emblem\u00e1ticas do est\u00e1dio, como o Centro de Imprensa, vesti\u00e1rios, \u00e1rea de aquecimento, t\u00fanel dos jogadores, laterais do campo e banco de reservas &#8211; uma oportunidade \u00fanica de sentir a emo\u00e7\u00e3o de pisar nos mesmos espa\u00e7os que consagraram lendas do futebol.<\/p>\n<p>\u00a0<\/p>\n<p>O tour ocorre de hora em hora, das 10h \u00e0s 17h, com limite de 60 pessoas por grupo. Em dias de jogos na Vila Belmiro, a visita monitorada n\u00e3o \u00e9 realizada, e o funcionamento do museu pode sofrer altera\u00e7\u00f5es. De vez em quando, ainda \u00e9 poss\u00edvel encontrar \u00eddolos como Edu, Abel e Manoel Maria, que brilharam ao lado de Pel\u00e9 nas d\u00e9cadas de 60 e 70.<\/p>\n<p>\u00a0<\/p>\n<p>Segundo o monitor Victor Domingues, as presen\u00e7as podem ser comuns em dia de jogo ou visita\u00e7\u00e3o de suas pr\u00f3prias fam\u00edlias. &#8220;Al\u00e9m do gramado, os visitantes ficam alucinados quando avistam lendas como eles&#8221;, comentou.<\/p>\n<p>\u00a0<\/p>\n<p>SERVI\u00c7O<\/p>\n<p>O Memorial das Conquistas do Santos Futebol Clube est\u00e1 localizado no Est\u00e1dio Urbano Caldeira, na Vila Belmiro, com acesso pelo Port\u00e3o 15. O espa\u00e7o funciona de segunda a domingo, das 9h \u00e0s 18h, com bilheteria aberta at\u00e9 as 17h30. Durante os meses de dezembro, janeiro e fevereiro, o funcionamento \u00e9 mantido todos os dias, com exce\u00e7\u00e3o dos dias 24, 25 e 31 de dezembro e 1\u00ba de janeiro, quando o memorial permanece fechado.<\/p>\n<p>\u00a0<\/p>\n<p>Os ingressos s\u00e3o vendidos exclusivamente na bilheteria f\u00edsica do museu, e o pagamento pode ser feito em dinheiro, cart\u00e3o de d\u00e9bito ou cr\u00e9dito. Para mais informa\u00e7\u00f5es e confirma\u00e7\u00e3o do funcionamento do Tour na Vila, o p\u00fablico pode entrar em contato pelo telefone (13) 3257-4099 ou acompanhar as atualiza\u00e7\u00f5es pelo Instagram.<\/p>\n<p>\u00a0<\/p>\n<p>\u00a0<\/p>\n<p>Secretaria de Comunica\u00e7\u00e3o e Economia Criativa<\/p>\n<p>&#13;<br \/>\n\u00a0<\/p>\n<\/p><\/div>\n<p><script async defer crossorigin=\"anonymous\" src=\"https:\/\/connect.facebook.net\/pt_BR\/sdk.js#xfbml=1&#038;version=v12.0&#038;appId=&#038;autoLogAppEvents=1\" nonce=\"ou0fI1lo\"><\/script><br \/>\n<br \/><br \/>\n<br \/>Fonte: <a href=\"https:\/\/www.bs9.com.br\/variedades\/memorial-das-conquistas-do-santos-fc-e-viagem-imperdivel-pela-historia\/37354\/\">BS9<\/a><\/p>\n","protected":false},"excerpt":{"rendered":"<p>Muito famosa pelo seu belo e maior jardim de praia em extens\u00e3o do mundo, Santos oferece diversas op\u00e7\u00f5es de lazer, cultura e contato com a natureza, especialmente durante as f\u00e9rias de ver\u00e3o. Pensando nisso, o Santos Portal preparou uma s\u00e9rie especial de mat\u00e9rias com dicas de passeios para todas as idades. \u00a0 Dando continuidade ao [&hellip;]<\/p>\n","protected":false},"author":5,"featured_media":60455,"comment_status":"open","ping_status":"open","sticky":false,"template":"","format":"standard","meta":{"_seopress_robots_primary_cat":"","_seopress_titles_title":"","_seopress_titles_desc":"","_seopress_robots_index":"","footnotes":""},"categories":[52],"tags":[],"class_list":["post-60454","post","type-post","status-publish","format-standard","has-post-thumbnail","hentry","category-santoseregiao"],"_links":{"self":[{"href":"https:\/\/mussicom.com\/noticias\/wp-json\/wp\/v2\/posts\/60454","targetHints":{"allow":["GET"]}}],"collection":[{"href":"https:\/\/mussicom.com\/noticias\/wp-json\/wp\/v2\/posts"}],"about":[{"href":"https:\/\/mussicom.com\/noticias\/wp-json\/wp\/v2\/types\/post"}],"author":[{"embeddable":true,"href":"https:\/\/mussicom.com\/noticias\/wp-json\/wp\/v2\/users\/5"}],"replies":[{"embeddable":true,"href":"https:\/\/mussicom.com\/noticias\/wp-json\/wp\/v2\/comments?post=60454"}],"version-history":[{"count":0,"href":"https:\/\/mussicom.com\/noticias\/wp-json\/wp\/v2\/posts\/60454\/revisions"}],"wp:featuredmedia":[{"embeddable":true,"href":"https:\/\/mussicom.com\/noticias\/wp-json\/wp\/v2\/media\/60455"}],"wp:attachment":[{"href":"https:\/\/mussicom.com\/noticias\/wp-json\/wp\/v2\/media?parent=60454"}],"wp:term":[{"taxonomy":"category","embeddable":true,"href":"https:\/\/mussicom.com\/noticias\/wp-json\/wp\/v2\/categories?post=60454"},{"taxonomy":"post_tag","embeddable":true,"href":"https:\/\/mussicom.com\/noticias\/wp-json\/wp\/v2\/tags?post=60454"}],"curies":[{"name":"wp","href":"https:\/\/api.w.org\/{rel}","templated":true}]}}