{"id":60453,"date":"2026-01-30T00:36:14","date_gmt":"2026-01-30T03:36:14","guid":{"rendered":"https:\/\/mussicom.com\/violencia-e-crime-ditam-disputa\/"},"modified":"2026-01-30T00:36:14","modified_gmt":"2026-01-30T03:36:14","slug":"violencia-e-crime-ditam-disputa","status":"publish","type":"post","link":"https:\/\/mussicom.com\/noticias\/violencia-e-crime-ditam-disputa\/","title":{"rendered":"Viol\u00eancia e crime ditam disputa"},"content":{"rendered":"<p> <br \/>\n<\/p>\n<div id=\"tp-post-content\">\n<p class=\"postParagraph_post-paragraph__juWZN postParagraph_post-paragraph-innerHtml__Q5vwc\">Eleitores da Costa Rica v\u00e3o \u00e0s urnas neste domingo (1\u00ba) para escolher o novo presidente em um cen\u00e1rio de profunda preocupa\u00e7\u00e3o. A crescente onda de viol\u00eancia e a expans\u00e3o do narcotr\u00e1fico se tornaram os temas centrais do pleito, pressionando os 19 candidatos a apresentar solu\u00e7\u00f5es firmes.<\/p>\n<h2 class=\"postParagraph_post-paragraph__juWZN postParagraph_post-paragraph-innerHtml__Q5vwc postParagraph_type-tag-h2__TtFkT\">Por que a seguran\u00e7a se tornou o principal tema da elei\u00e7\u00e3o?<\/h2>\n<p class=\"postParagraph_post-paragraph__juWZN postParagraph_post-paragraph-innerHtml__Q5vwc\">A Costa Rica, antes vista como um o\u00e1sis de seguran\u00e7a na Am\u00e9rica Latina, enfrenta uma crise. O pa\u00eds viu sua taxa de homic\u00eddios disparar para 16,6 por 100 mil habitantes, a terceira maior da Am\u00e9rica Central. Em 2025, a apreens\u00e3o de coca\u00edna dobrou em rela\u00e7\u00e3o ao ano anterior e esc\u00e2ndalos como o desmantelamento de um cartel transnacional e a pris\u00e3o de um ex-ministro por narcotr\u00e1fico abalaram a confian\u00e7a da popula\u00e7\u00e3o.<\/p>\n<h2 class=\"postParagraph_post-paragraph__juWZN postParagraph_post-paragraph-innerHtml__Q5vwc postParagraph_type-tag-h2__TtFkT\">Quem \u00e9 a candidata favorita e o que ela prop\u00f5e para a seguran\u00e7a?<\/h2>\n<p class=\"postParagraph_post-paragraph__juWZN postParagraph_post-paragraph-innerHtml__Q5vwc\">Laura Fern\u00e1ndez, candidata do governo e ex-ministra do presidente Rodrigo Chaves, lidera as pesquisas. Com uma postura de &#8220;linha-dura&#8221;, ela prop\u00f5e o fortalecimento da pol\u00edcia, a expans\u00e3o do uso de scanners em portos e fronteiras, e maior coopera\u00e7\u00e3o com ag\u00eancias internacionais, como a DEA dos EUA. Sua proposta mais pol\u00eamica \u00e9 a implementa\u00e7\u00e3o de estados de exce\u00e7\u00e3o em \u00e1reas cr\u00edticas para combater o crime.<\/p>\n<h2 class=\"postParagraph_post-paragraph__juWZN postParagraph_post-paragraph-innerHtml__Q5vwc postParagraph_type-tag-h2__TtFkT\">O que \u00e9 o &#8220;estado de exce\u00e7\u00e3o&#8221; que ela defende?<\/h2>\n<p class=\"postParagraph_post-paragraph__juWZN postParagraph_post-paragraph-innerHtml__Q5vwc\">\u00c9 uma medida dr\u00e1stica que permite ao governo suspender temporariamente algumas garantias e liberdades civis, como o direito de reuni\u00e3o e a inviolabilidade do domic\u00edlio, em locais espec\u00edficos. O objetivo \u00e9 facilitar opera\u00e7\u00f5es policiais de grande escala para capturar criminosos em zonas de alta viol\u00eancia, uma estrat\u00e9gia que ganhou notoriedade ao ser usada de forma ampla em El Salvador no combate \u00e0s gangues.<\/p>\n<h2 class=\"postParagraph_post-paragraph__juWZN postParagraph_post-paragraph-innerHtml__Q5vwc postParagraph_type-tag-h2__TtFkT\">Quais s\u00e3o as alternativas propostas pelos outros candidatos?<\/h2>\n<p class=\"postParagraph_post-paragraph__juWZN postParagraph_post-paragraph-innerHtml__Q5vwc\">O centrista \u00c1lvaro Ramos foca em tecnologia, propondo um laborat\u00f3rio de bal\u00edstica para rastrear armas, a contrata\u00e7\u00e3o de 6 mil policiais e o uso de &#8220;cont\u00eaineres inteligentes&#8221; com selos eletr\u00f4nicos para evitar o tr\u00e1fico. J\u00e1 Claudia Dobles, da oposi\u00e7\u00e3o de esquerda, rejeita o estado de exce\u00e7\u00e3o e defende a preven\u00e7\u00e3o, com mais investimentos em educa\u00e7\u00e3o e intelig\u00eancia policial para evitar que jovens entrem para o crime.<\/p>\n<h2 class=\"postParagraph_post-paragraph__juWZN postParagraph_post-paragraph-innerHtml__Q5vwc postParagraph_type-tag-h2__TtFkT\">O que as pesquisas eleitorais indicam sobre a disputa?<\/h2>\n<p class=\"postParagraph_post-paragraph__juWZN postParagraph_post-paragraph-innerHtml__Q5vwc\">A \u00faltima pesquisa aponta uma lideran\u00e7a confort\u00e1vel para a candidata governista, Laura Fern\u00e1ndez, com 44% das inten\u00e7\u00f5es de voto. Seus principais advers\u00e1rios, \u00c1lvaro Ramos e Claudia Dobles, aparecem muito distantes, com cerca de 9% cada um. No entanto, o alto n\u00famero de eleitores indecisos, que chega a 26%, ainda pode influenciar o resultado da vota\u00e7\u00e3o para o mandato de 2026 a 2030.<\/p>\n<p class=\"postParagraph_post-paragraph__juWZN postParagraph_post-paragraph-innerHtml__Q5vwc\"><i>Este conte\u00fado foi gerado com intelig\u00eancia artificial. Para acessar a informa\u00e7\u00e3o na \u00edntegra e se aprofundar sobre o tema consulte a reportagem a seguir.<\/i><\/p>\n<div class=\"postViewMore_post-view-more-container___5wai\" data-mrf-recirculation=\"Post - Veja tamb\u00e9m\">\n<p class=\"gp-styles-module-size-small-afeYRa gp-styles-module-font-family2-afeYRa gp-styles-module-color-secondary-afeYRa gp-styles-module-weight-bold-afeYRa\">VEJA TAMB\u00c9M:<\/p>\n<ul class=\"postViewMore_post-view-more-list__CU_CE\">\n<li class=\"postViewMore_post-view-more-item__2MzRb\"><span class=\"postViewMore_post-view-more-link-icon___stPC\"><svg xmlns=\"http:\/\/www.w3.org\/2000\/svg\" width=\"16\" height=\"16\" viewbox=\"0 0 16 16\"><rect width=\"16\" height=\"16\" fill=\"none\"\/><g transform=\"translate(3 3)\"><path d=\"M22.5,15l3.4,3.4-3.4,3.4\" transform=\"translate(-15.896 -11.793)\" fill=\"none\" stroke=\"#717171\" stroke-linecap=\"round\" stroke-width=\"1.4\"\/><path d=\"M6,6v4.2a2.452,2.452,0,0,0,2.5,2.4H16\" transform=\"translate(-6 -6)\" fill=\"none\" stroke=\"#717171\" stroke-linecap=\"round\" stroke-width=\"1.4\"\/><\/g><\/svg><\/span><span class=\"postViewMore_post-view-more-link-text__hO_kM\">Viol\u00eancia e narcotr\u00e1fico s\u00e3o destaque na corrida eleitoral da Costa Rica<\/span><\/li>\n<\/ul>\n<\/div>\n<\/div>\n<p><br \/>\n<br \/>Fonte: <a href=\"https:\/\/www.gazetadopovo.com.br\/mundo\/costa-rica-vai-as-urnas-sob-a-sombra-da-violencia-e-do-narcotrafico\/\">Revista Oeste<\/a><\/p>\n","protected":false},"excerpt":{"rendered":"<p>Eleitores da Costa Rica v\u00e3o \u00e0s urnas neste domingo (1\u00ba) para escolher o novo presidente em um cen\u00e1rio de profunda preocupa\u00e7\u00e3o. A crescente onda de viol\u00eancia e a expans\u00e3o do narcotr\u00e1fico se tornaram os temas centrais do pleito, pressionando os 19 candidatos a apresentar solu\u00e7\u00f5es firmes. Por que a seguran\u00e7a se tornou o principal tema [&hellip;]<\/p>\n","protected":false},"author":5,"featured_media":60426,"comment_status":"open","ping_status":"open","sticky":false,"template":"","format":"standard","meta":{"_seopress_robots_primary_cat":"","_seopress_titles_title":"","_seopress_titles_desc":"","_seopress_robots_index":"","footnotes":""},"categories":[48],"tags":[],"class_list":["post-60453","post","type-post","status-publish","format-standard","has-post-thumbnail","hentry","category-internacional"],"_links":{"self":[{"href":"https:\/\/mussicom.com\/noticias\/wp-json\/wp\/v2\/posts\/60453","targetHints":{"allow":["GET"]}}],"collection":[{"href":"https:\/\/mussicom.com\/noticias\/wp-json\/wp\/v2\/posts"}],"about":[{"href":"https:\/\/mussicom.com\/noticias\/wp-json\/wp\/v2\/types\/post"}],"author":[{"embeddable":true,"href":"https:\/\/mussicom.com\/noticias\/wp-json\/wp\/v2\/users\/5"}],"replies":[{"embeddable":true,"href":"https:\/\/mussicom.com\/noticias\/wp-json\/wp\/v2\/comments?post=60453"}],"version-history":[{"count":0,"href":"https:\/\/mussicom.com\/noticias\/wp-json\/wp\/v2\/posts\/60453\/revisions"}],"wp:featuredmedia":[{"embeddable":true,"href":"https:\/\/mussicom.com\/noticias\/wp-json\/wp\/v2\/media\/60426"}],"wp:attachment":[{"href":"https:\/\/mussicom.com\/noticias\/wp-json\/wp\/v2\/media?parent=60453"}],"wp:term":[{"taxonomy":"category","embeddable":true,"href":"https:\/\/mussicom.com\/noticias\/wp-json\/wp\/v2\/categories?post=60453"},{"taxonomy":"post_tag","embeddable":true,"href":"https:\/\/mussicom.com\/noticias\/wp-json\/wp\/v2\/tags?post=60453"}],"curies":[{"name":"wp","href":"https:\/\/api.w.org\/{rel}","templated":true}]}}