{"id":60441,"date":"2026-01-29T22:39:30","date_gmt":"2026-01-30T01:39:30","guid":{"rendered":"https:\/\/mussicom.com\/a-pf-vorcaro-nega-ter-recebido-ajuda-de-politicos\/"},"modified":"2026-01-29T22:39:30","modified_gmt":"2026-01-30T01:39:30","slug":"a-pf-vorcaro-nega-ter-recebido-ajuda-de-politicos","status":"publish","type":"post","link":"https:\/\/mussicom.com\/noticias\/a-pf-vorcaro-nega-ter-recebido-ajuda-de-politicos\/","title":{"rendered":"\u00c0 PF, Vorcaro nega ter recebido &#8220;ajuda de pol\u00edticos&#8221;"},"content":{"rendered":"<p> <br \/>\n<\/p>\n<div id=\"tp-post-content\">\n<p class=\"postParagraph_post-paragraph__juWZN postParagraph_post-paragraph-innerHtml__Q5vwc\">O dono do Banco Master, Daniel Vorcaro, afirmou em depoimento \u00e0 Pol\u00edcia Federal que se tivesse recebido \u201cajuda de pol\u00edticos\u201d n\u00e3o \u201cestaria de tornozeleira eletr\u00f4nica\u201d. A declara\u00e7\u00e3o ocorreu durante o depoimento realizado em 30 de dezembro de 2025 no \u00e2mbito do inqu\u00e9rito a suspeita de fraude bilion\u00e1ria envolvendo a institui\u00e7\u00e3o financeira.<\/p>\n<p class=\"postParagraph_post-paragraph__juWZN postParagraph_post-paragraph-innerHtml__Q5vwc\">Mais cedo, o ministro do Supremo Tribunal Federal (STF) Dias Toffoli retirou o sigilo e disponibilizou os v\u00eddeos das oitivas de Vorcaro, do ex-presidente do BRB (Banco de Bras\u00edlia), Paulo Henrique Costa, e do diretor de Fiscaliza\u00e7\u00e3o do Banco Central, Ailton de Aquino<\/p>\n<p class=\"postParagraph_post-paragraph__juWZN postParagraph_post-paragraph-innerHtml__Q5vwc\">A delegada da Pol\u00edcia Federal, Janaina Palazzo, respons\u00e1vel pelo caso, perguntou ao banqueiro se alguns de seus &#8220;amigos pol\u00edticos&#8221; teriam tentado viabilizar a venda do Master ao BRB.<\/p>\n<div class=\"postViewMore_post-view-more-container___5wai\" data-mrf-recirculation=\"Post - Veja tamb\u00e9m\">\n<p class=\"gp-styles-module-size-small-afeYRa gp-styles-module-font-family2-afeYRa gp-styles-module-color-secondary-afeYRa gp-styles-module-weight-bold-afeYRa\">VEJA TAMB\u00c9M:<\/p>\n<ul class=\"postViewMore_post-view-more-list__CU_CE\">\n<li class=\"postViewMore_post-view-more-item__2MzRb\"><span class=\"postViewMore_post-view-more-link-icon___stPC\"><svg xmlns=\"http:\/\/www.w3.org\/2000\/svg\" width=\"16\" height=\"16\" viewbox=\"0 0 16 16\"><rect width=\"16\" height=\"16\" fill=\"none\"\/><g transform=\"translate(3 3)\"><path d=\"M22.5,15l3.4,3.4-3.4,3.4\" transform=\"translate(-15.896 -11.793)\" fill=\"none\" stroke=\"#717171\" stroke-linecap=\"round\" stroke-width=\"1.4\"\/><path d=\"M6,6v4.2a2.452,2.452,0,0,0,2.5,2.4H16\" transform=\"translate(-6 -6)\" fill=\"none\" stroke=\"#717171\" stroke-linecap=\"round\" stroke-width=\"1.4\"\/><\/g><\/svg><\/span><span class=\"postViewMore_post-view-more-link-text__hO_kM\">Presidente da CPMI do INSS faz apelo a Toffoli contra \u201cblindagem\u201d de Vorcaro<\/span><\/li>\n<\/ul>\n<\/div>\n<p class=\"postParagraph_post-paragraph__juWZN postParagraph_post-paragraph-innerHtml__Q5vwc\">\u201cEu queria s\u00f3 dizer o seguinte, se eu tenho tantas rela\u00e7\u00f5es pol\u00edticas, como est\u00e3o dizendo, e se eu tivesse pedido a ajuda desses pol\u00edticos, eu n\u00e3o estaria com a opera\u00e7\u00e3o do BRB negada, eu n\u00e3o estaria aqui de tornozeleira, eu n\u00e3o teria sido preso e estava com a minha fam\u00edlia sofrendo o que a gente est\u00e1 sofrendo\u201d, respondeu Vorcaro.<\/p>\n<p class=\"postParagraph_post-paragraph__juWZN postParagraph_post-paragraph-innerHtml__Q5vwc\">Em setembro de 2025, o Banco Central rejeitou a compra do Master pelo BRB ap\u00f3s detectar riscos na opera\u00e7\u00e3o.<\/p>\n<p class=\"postParagraph_post-paragraph__juWZN postParagraph_post-paragraph-innerHtml__Q5vwc\">Dois meses depois, a PF deflagrou a primeira fase da Opera\u00e7\u00e3o Compliance Zero e o BC decretou a liquida\u00e7\u00e3o extrajudicial do banco de Vorcaro.<\/p>\n<p class=\"postParagraph_post-paragraph__juWZN postParagraph_post-paragraph-innerHtml__Q5vwc\">Durante o depoimento, o empres\u00e1rio destacou que \u201co neg\u00f3cio com o BRB foi constru\u00eddo tecnicamente dentro do Banco Central\u201d.<\/p>\n<p class=\"postParagraph_post-paragraph__juWZN postParagraph_post-paragraph-innerHtml__Q5vwc\">\u201cA\u00ed fica a frustra\u00e7\u00e3o minha, porque n\u00e3o era para a gente estar aqui nessa sala e com essa exposi\u00e7\u00e3o toda para o pa\u00eds, porque o preju\u00edzo, no final, n\u00e3o foi s\u00f3 meu, foi do sistema financeiro\u201d, apontou Vorcaro.<\/p>\n<\/div>\n<p><br \/>\n<br \/>Fonte: <a href=\"https:\/\/www.gazetadopovo.com.br\/republica\/se-tivesse-ajuda-de-politicos-nao-estaria-de-tornozeleira-diz-vorcaro-a-pf\/\">Revista Oeste<\/a><\/p>\n","protected":false},"excerpt":{"rendered":"<p>O dono do Banco Master, Daniel Vorcaro, afirmou em depoimento \u00e0 Pol\u00edcia Federal que se tivesse recebido \u201cajuda de pol\u00edticos\u201d n\u00e3o \u201cestaria de tornozeleira eletr\u00f4nica\u201d. A declara\u00e7\u00e3o ocorreu durante o depoimento realizado em 30 de dezembro de 2025 no \u00e2mbito do inqu\u00e9rito a suspeita de fraude bilion\u00e1ria envolvendo a institui\u00e7\u00e3o financeira. Mais cedo, o ministro [&hellip;]<\/p>\n","protected":false},"author":5,"featured_media":60442,"comment_status":"open","ping_status":"open","sticky":false,"template":"","format":"standard","meta":{"_seopress_robots_primary_cat":"","_seopress_titles_title":"","_seopress_titles_desc":"","_seopress_robots_index":"","footnotes":""},"categories":[1],"tags":[],"class_list":["post-60441","post","type-post","status-publish","format-standard","has-post-thumbnail","hentry","category-ultimas-noticias"],"_links":{"self":[{"href":"https:\/\/mussicom.com\/noticias\/wp-json\/wp\/v2\/posts\/60441","targetHints":{"allow":["GET"]}}],"collection":[{"href":"https:\/\/mussicom.com\/noticias\/wp-json\/wp\/v2\/posts"}],"about":[{"href":"https:\/\/mussicom.com\/noticias\/wp-json\/wp\/v2\/types\/post"}],"author":[{"embeddable":true,"href":"https:\/\/mussicom.com\/noticias\/wp-json\/wp\/v2\/users\/5"}],"replies":[{"embeddable":true,"href":"https:\/\/mussicom.com\/noticias\/wp-json\/wp\/v2\/comments?post=60441"}],"version-history":[{"count":0,"href":"https:\/\/mussicom.com\/noticias\/wp-json\/wp\/v2\/posts\/60441\/revisions"}],"wp:featuredmedia":[{"embeddable":true,"href":"https:\/\/mussicom.com\/noticias\/wp-json\/wp\/v2\/media\/60442"}],"wp:attachment":[{"href":"https:\/\/mussicom.com\/noticias\/wp-json\/wp\/v2\/media?parent=60441"}],"wp:term":[{"taxonomy":"category","embeddable":true,"href":"https:\/\/mussicom.com\/noticias\/wp-json\/wp\/v2\/categories?post=60441"},{"taxonomy":"post_tag","embeddable":true,"href":"https:\/\/mussicom.com\/noticias\/wp-json\/wp\/v2\/tags?post=60441"}],"curies":[{"name":"wp","href":"https:\/\/api.w.org\/{rel}","templated":true}]}}