{"id":60432,"date":"2026-01-29T22:30:14","date_gmt":"2026-01-30T01:30:14","guid":{"rendered":"https:\/\/mussicom.com\/lula-opera-catarata-na-sexta-e-passa-por-exames-pre-operatorios\/"},"modified":"2026-01-29T22:30:14","modified_gmt":"2026-01-30T01:30:14","slug":"lula-opera-catarata-na-sexta-e-passa-por-exames-pre-operatorios","status":"publish","type":"post","link":"https:\/\/mussicom.com\/noticias\/lula-opera-catarata-na-sexta-e-passa-por-exames-pre-operatorios\/","title":{"rendered":"Lula opera catarata na sexta e passa por exames pr\u00e9-operat\u00f3rios"},"content":{"rendered":"<p> <br \/>\n<\/p>\n<div id=\"tp-post-content\">\n<p class=\"postParagraph_post-paragraph__juWZN postParagraph_post-paragraph-innerHtml__Q5vwc\">O Pal\u00e1cio do Planalto informou que o presidente Lula realizou na manh\u00e3 desta quinta-feira (29) exames pr\u00e9-operat\u00f3rios para passar por uma cirurgia de catarata. O procedimento foi realizado em um hospital particular de Bras\u00edlia (DF).<\/p>\n<p class=\"postParagraph_post-paragraph__juWZN postParagraph_post-paragraph-innerHtml__Q5vwc\">Ainda de acordo com a Presid\u00eancia, o petista fica nesta quinta na Granja do Torto e n\u00e3o dar\u00e1 expediente no Pal\u00e1cio do Planalto, como \u00e9 rotina. A cirurgia, que corrigir\u00e1 o problema no olho esquerdo, ser\u00e1 realizada nesta sexta-feira (30), no turno da noite, segundo informa\u00e7\u00f5es da <em>TV Globo<\/em>.<\/p>\n<div class=\"postViewMore_post-view-more-container___5wai\" data-mrf-recirculation=\"Post - Veja tamb\u00e9m\">\n<p class=\"gp-styles-module-size-small-afeYRa gp-styles-module-font-family2-afeYRa gp-styles-module-color-secondary-afeYRa gp-styles-module-weight-bold-afeYRa\">VEJA TAMB\u00c9M:<\/p>\n<ul class=\"postViewMore_post-view-more-list__CU_CE\">\n<li class=\"postViewMore_post-view-more-item__2MzRb\">\n<div class=\"postViewMore_post-view-more-image__5gUSe\"><picture class=\"imageDefault_image-container__XGd8_\"><\/picture><\/div>\n<p>Esc\u00e2ndalo do Master chega a Lula<\/li>\n<li class=\"postViewMore_post-view-more-item__2MzRb\">\n<div class=\"postViewMore_post-view-more-image__5gUSe\"><picture class=\"imageDefault_image-container__XGd8_\"><img decoding=\"async\" class=\"imageDefault_image-item__lU2Dk\" src=\"https:\/\/media.gazetadopovo.com.br\/2025\/11\/18073827\/Daniel-Vorcaro-380x214.jpg.webp\" alt=\"Daniel Vorcaro\" width=\"72\" height=\"72\"\/><\/picture><\/div>\n<p>Empresa de Vorcaro tem R$ 303 milh\u00f5es em contratos com governo Lula<\/li>\n<\/ul>\n<\/div>\n<p class=\"postParagraph_post-paragraph__juWZN postParagraph_post-paragraph-innerHtml__Q5vwc\">Lula chegou de viagem do Panam\u00e1 nesta quarta-feira, depois de participar do f\u00f3rum econ\u00f4mico e outras agendas bilaterais com outros pa\u00edses.<\/p>\n<p class=\"postParagraph_post-paragraph__juWZN postParagraph_post-paragraph-innerHtml__Q5vwc\">O governo vem enfrentando desgaste com o envolvimento do primeiro escal\u00e3o de Lula com o caso Master. Nesta semana, surgiu a not\u00edcia de um contrato do banco com o ministro da Justi\u00e7a Ricardo Lewandowski e de uma reuni\u00e3o do pr\u00f3prio Lula com o principal acusado da fraude.<\/p>\n<\/div>\n<p><br \/>\n<br \/>Fonte: <a href=\"https:\/\/www.gazetadopovo.com.br\/republica\/lula-opera-catarata-nesta-sexta-e-passa-por-exames-pre-operatorios\/\">Revista Oeste<\/a><\/p>\n","protected":false},"excerpt":{"rendered":"<p>O Pal\u00e1cio do Planalto informou que o presidente Lula realizou na manh\u00e3 desta quinta-feira (29) exames pr\u00e9-operat\u00f3rios para passar por uma cirurgia de catarata. O procedimento foi realizado em um hospital particular de Bras\u00edlia (DF). Ainda de acordo com a Presid\u00eancia, o petista fica nesta quinta na Granja do Torto e n\u00e3o dar\u00e1 expediente no [&hellip;]<\/p>\n","protected":false},"author":5,"featured_media":60433,"comment_status":"open","ping_status":"open","sticky":false,"template":"","format":"standard","meta":{"_seopress_robots_primary_cat":"","_seopress_titles_title":"","_seopress_titles_desc":"","_seopress_robots_index":"","footnotes":""},"categories":[1],"tags":[],"class_list":["post-60432","post","type-post","status-publish","format-standard","has-post-thumbnail","hentry","category-ultimas-noticias"],"_links":{"self":[{"href":"https:\/\/mussicom.com\/noticias\/wp-json\/wp\/v2\/posts\/60432","targetHints":{"allow":["GET"]}}],"collection":[{"href":"https:\/\/mussicom.com\/noticias\/wp-json\/wp\/v2\/posts"}],"about":[{"href":"https:\/\/mussicom.com\/noticias\/wp-json\/wp\/v2\/types\/post"}],"author":[{"embeddable":true,"href":"https:\/\/mussicom.com\/noticias\/wp-json\/wp\/v2\/users\/5"}],"replies":[{"embeddable":true,"href":"https:\/\/mussicom.com\/noticias\/wp-json\/wp\/v2\/comments?post=60432"}],"version-history":[{"count":0,"href":"https:\/\/mussicom.com\/noticias\/wp-json\/wp\/v2\/posts\/60432\/revisions"}],"wp:featuredmedia":[{"embeddable":true,"href":"https:\/\/mussicom.com\/noticias\/wp-json\/wp\/v2\/media\/60433"}],"wp:attachment":[{"href":"https:\/\/mussicom.com\/noticias\/wp-json\/wp\/v2\/media?parent=60432"}],"wp:term":[{"taxonomy":"category","embeddable":true,"href":"https:\/\/mussicom.com\/noticias\/wp-json\/wp\/v2\/categories?post=60432"},{"taxonomy":"post_tag","embeddable":true,"href":"https:\/\/mussicom.com\/noticias\/wp-json\/wp\/v2\/tags?post=60432"}],"curies":[{"name":"wp","href":"https:\/\/api.w.org\/{rel}","templated":true}]}}