{"id":60409,"date":"2026-01-29T19:46:14","date_gmt":"2026-01-29T22:46:14","guid":{"rendered":"https:\/\/mussicom.com\/rony-passa-por-exames-no-ct-rei-pele-e-fica-proximo-de-ser-anunciado-pelo-santos\/"},"modified":"2026-01-29T19:46:14","modified_gmt":"2026-01-29T22:46:14","slug":"rony-passa-por-exames-no-ct-rei-pele-e-fica-proximo-de-ser-anunciado-pelo-santos","status":"publish","type":"post","link":"https:\/\/mussicom.com\/noticias\/rony-passa-por-exames-no-ct-rei-pele-e-fica-proximo-de-ser-anunciado-pelo-santos\/","title":{"rendered":"Rony passa por exames no CT Rei Pel\u00e9 e fica pr\u00f3ximo de ser anunciado pelo Santos"},"content":{"rendered":"<p> <br \/>\n<\/p>\n<div>\n<div id=\"attachment_176897\" style=\"width: 969px\" class=\"wp-caption aligncenter\"><img alt=\"\" fetchpriority=\"high\" fetchpriority=\"high\" decoding=\"async\" aria-describedby=\"caption-attachment-176897\" class=\" wp-image-176897\" src=\"https:\/\/www.diariodopeixe.com.br\/wp-content\/uploads\/2025\/12\/IMG_8586-300x207.jpeg\" alt=\"\" width=\"959\" height=\"662\" srcset=\"https:\/\/www.diariodopeixe.com.br\/wp-content\/uploads\/2025\/12\/IMG_8586-200x138.jpeg 200w, https:\/\/www.diariodopeixe.com.br\/wp-content\/uploads\/2025\/12\/IMG_8586-300x207.jpeg 300w, https:\/\/www.diariodopeixe.com.br\/wp-content\/uploads\/2025\/12\/IMG_8586-400x277.jpeg 400w, https:\/\/www.diariodopeixe.com.br\/wp-content\/uploads\/2025\/12\/IMG_8586-600x415.jpeg 600w, https:\/\/www.diariodopeixe.com.br\/wp-content\/uploads\/2025\/12\/IMG_8586-768x531.jpeg 768w, https:\/\/www.diariodopeixe.com.br\/wp-content\/uploads\/2025\/12\/IMG_8586-800x553.jpeg 800w, https:\/\/www.diariodopeixe.com.br\/wp-content\/uploads\/2025\/12\/IMG_8586-1024x708.jpeg 1024w, https:\/\/www.diariodopeixe.com.br\/wp-content\/uploads\/2025\/12\/IMG_8586.jpeg 1054w\" sizes=\"(max-width: 959px) 100vw, 959px\"\/><\/p>\n<p id=\"caption-attachment-176897\" class=\"wp-caption-text\">Rony vai assinar contrato de 3 anos com o Santos (Cr\u00e9dito: Divulga\u00e7\u00e3o\/Atl\u00e9tico-MG)<\/p>\n<\/div>\n<p>O <strong>Santos<\/strong> est\u00e1 perto de oficializar a contrata\u00e7\u00e3o de Rony. O atacante esteve no CT Rei Pel\u00e9, na Baixada Santista, nesta quinta-feira, onde passou por exames m\u00e9dicos e avan\u00e7ou nas etapas finais antes da assinatura de contrato. O acordo prev\u00ea a compra do jogador por 3 milh\u00f5es de euros, cerca de R$ 18 milh\u00f5es, al\u00e9m de b\u00f4nus estipulados no contrato firmado com o Atl\u00e9tico-MG.<\/p>\n<p>A diretoria santista aguarda apenas o envio de documentos complementares por parte do clube mineiro para concluir o an\u00fancio oficial. Rony teve situa\u00e7\u00e3o m\u00e9dica aprovada e deve assinar v\u00ednculo v\u00e1lido por tr\u00eas temporadas.<\/p>\n<p>Rony chegou a S\u00e3o Paulo na \u00faltima quarta-feira e se apresentou ao clube no dia seguinte para cumprir a rotina de avalia\u00e7\u00f5es cl\u00ednicas. A utiliza\u00e7\u00e3o inicial do atacante ser\u00e1 pelas beiradas do campo, ocupando uma fun\u00e7\u00e3o deixada em aberto ap\u00f3s a negocia\u00e7\u00e3o de Guilherme com o futebol dos Estados Unidos.<\/p>\n<p>A negocia\u00e7\u00e3o exigiu tempo por parte do Santos. A libera\u00e7\u00e3o do jogador estava condicionada \u00e0 chegada de dois refor\u00e7os ao elenco do Atl\u00e9tico-MG, conforme decis\u00e3o da comiss\u00e3o t\u00e9cnica comandada por Jorge Sampaoli.<\/p>\n<p>Com a contrata\u00e7\u00e3o de Rony, o Santos chega ao terceiro refor\u00e7o para a temporada. Antes, o clube acertou o empr\u00e9stimo de Gabigol junto ao Cruzeiro e concretizou a troca que envolveu a venda de Victor Hugo, do Flamengo, ao Atl\u00e9tico-MG, resultando na chegada de Gabriel Menino ao Peixe. Victor Hugo, vale lembrar, estava emprestado ao Santos.<\/p>\n<p>A diretoria ainda trabalha para refor\u00e7ar o elenco com a contrata\u00e7\u00e3o de um meio-campista e um lateral-esquerdo. O clube tamb\u00e9m deve seguir avaliando o setor defensivo ap\u00f3s atua\u00e7\u00f5es recentes que geraram questionamentos internos.<\/p>\n<\/p><\/div>\n<p><br \/>\n<br \/>Fonte: <a href=\"https:\/\/www.diariodopeixe.com.br\/noticias\/rony-passa-por-exames-no-ct-rei-pele-e-fica-proximo-de-ser-anunciado-pelo-santos\/\">Di\u00e1rio do Peixe<\/a><\/p>\n","protected":false},"excerpt":{"rendered":"<p>Rony vai assinar contrato de 3 anos com o Santos (Cr\u00e9dito: Divulga\u00e7\u00e3o\/Atl\u00e9tico-MG) O Santos est\u00e1 perto de oficializar a contrata\u00e7\u00e3o de Rony. O atacante esteve no CT Rei Pel\u00e9, na Baixada Santista, nesta quinta-feira, onde passou por exames m\u00e9dicos e avan\u00e7ou nas etapas finais antes da assinatura de contrato. O acordo prev\u00ea a compra do [&hellip;]<\/p>\n","protected":false},"author":5,"featured_media":57080,"comment_status":"open","ping_status":"open","sticky":false,"template":"","format":"standard","meta":{"_seopress_robots_primary_cat":"","_seopress_titles_title":"","_seopress_titles_desc":"","_seopress_robots_index":"","footnotes":""},"categories":[55],"tags":[],"class_list":["post-60409","post","type-post","status-publish","format-standard","has-post-thumbnail","hentry","category-santos-fc"],"_links":{"self":[{"href":"https:\/\/mussicom.com\/noticias\/wp-json\/wp\/v2\/posts\/60409","targetHints":{"allow":["GET"]}}],"collection":[{"href":"https:\/\/mussicom.com\/noticias\/wp-json\/wp\/v2\/posts"}],"about":[{"href":"https:\/\/mussicom.com\/noticias\/wp-json\/wp\/v2\/types\/post"}],"author":[{"embeddable":true,"href":"https:\/\/mussicom.com\/noticias\/wp-json\/wp\/v2\/users\/5"}],"replies":[{"embeddable":true,"href":"https:\/\/mussicom.com\/noticias\/wp-json\/wp\/v2\/comments?post=60409"}],"version-history":[{"count":0,"href":"https:\/\/mussicom.com\/noticias\/wp-json\/wp\/v2\/posts\/60409\/revisions"}],"wp:featuredmedia":[{"embeddable":true,"href":"https:\/\/mussicom.com\/noticias\/wp-json\/wp\/v2\/media\/57080"}],"wp:attachment":[{"href":"https:\/\/mussicom.com\/noticias\/wp-json\/wp\/v2\/media?parent=60409"}],"wp:term":[{"taxonomy":"category","embeddable":true,"href":"https:\/\/mussicom.com\/noticias\/wp-json\/wp\/v2\/categories?post=60409"},{"taxonomy":"post_tag","embeddable":true,"href":"https:\/\/mussicom.com\/noticias\/wp-json\/wp\/v2\/tags?post=60409"}],"curies":[{"name":"wp","href":"https:\/\/api.w.org\/{rel}","templated":true}]}}