{"id":60291,"date":"2026-01-29T09:13:21","date_gmt":"2026-01-29T12:13:21","guid":{"rendered":"https:\/\/mussicom.com\/prouni-2026-prazo-de-inscricao-para-1o-semestre-termina-nesta-quinta\/"},"modified":"2026-01-29T09:13:21","modified_gmt":"2026-01-29T12:13:21","slug":"prouni-2026-prazo-de-inscricao-para-1o-semestre-termina-nesta-quinta","status":"publish","type":"post","link":"https:\/\/mussicom.com\/noticias\/prouni-2026-prazo-de-inscricao-para-1o-semestre-termina-nesta-quinta\/","title":{"rendered":"Prouni 2026: prazo de inscri\u00e7\u00e3o para 1\u00ba semestre termina nesta quinta"},"content":{"rendered":"<p> <br \/>\n<\/p>\n<div>\n<p><strong>Termina nesta \u00e0s 23h59 desta quinta-feira (29) o prazo para estudantes interessados se inscreverem no Programa Universidade para Todos (Prouni) do primeiro semestre de 2026.\u00a0<\/strong><img decoding=\"async\" src=\"https:\/\/agenciabrasil.ebc.com.br\/ebc.gif?id=1676381&amp;o=node\" style=\"width:1px; height:1px; display:inline;\"\/><\/p>\n<p>A inscri\u00e7\u00e3o \u00e9 gratuita e feita somente pelo Portal \u00danico de Acesso ao Ensino Superior, na parte do Prouni, com <em>login<\/em> da plataforma Gov.br.<\/p>\n<p>A consulta \u00e0s vagas oferecidas pelas institui\u00e7\u00f5es privadas de ensino superior tamb\u00e9m est\u00e1 dispon\u00edvel\u00a0Portal \u00danico de Acesso ao Ensino Superior.\u00a0<\/p>\n<p>Os candidatos podem pesquisar as vagas de interesse por curso, turno, institui\u00e7\u00e3o de ensino e munic\u00edpio de oferta.<\/p>\n<p><strong>O programa do Minist\u00e9rio da Educa\u00e7\u00e3o (MEC) oferece bolsas de estudo (integrais e parciais) em cursos de n\u00edvel superior em institui\u00e7\u00f5es de ensino privadas. \u00a0O\u202fp\u00fablico-alvo s\u00e3o brasileiros sem diploma de n\u00edvel superior.\u00a0<\/strong><\/p>\n<h2>Inscri\u00e7\u00f5es<\/h2>\n<p>S\u00e3o requisitos para inscri\u00e7\u00e3o que o candidato tenha completado o ensino m\u00e9dio; participado de edi\u00e7\u00f5es do Exame Nacional do Ensino M\u00e9dio (Enem) de 2024 e\/ou de 2025; obtido, no m\u00ednimo, 450 pontos na m\u00e9dia das cinco provas do exame; e n\u00e3o tenha zerado a prova da reda\u00e7\u00e3o.<strong> <\/strong><\/p>\n<p><strong>A pr\u00e9-sele\u00e7\u00e3o ao Prouni vai considerar a melhor m\u00e9dia de notas do candidato em uma das duas edi\u00e7\u00f5es do Enem.<\/strong><\/p>\n<p><strong>No caso das bolsas integrais, \u00e9 necess\u00e1rio que a renda familiar bruta mensal por pessoa n\u00e3o exceda o valor de 1,5 sal\u00e1rio m\u00ednimo. J\u00e1 para bolsas parciais, \u00e9 preciso que a renda familiar bruta mensal por pessoa n\u00e3o exceda o valor de tr\u00eas sal\u00e1rios m\u00ednimos.\u00a0<\/strong> Em 2026, um sal\u00e1rio m\u00ednimo vale R$ 1.621.<\/p>\n<p>O Prouni reserva bolsas a pessoas com defici\u00eancia e aos autodeclarados ind\u00edgenas, pardos ou pretos. No momento da inscri\u00e7\u00e3o, o candidato poder\u00e1 optar por concorrer a bolsas destinadas \u00e0 implementa\u00e7\u00e3o de pol\u00edticas afirmativas, desde que cumpra as condi\u00e7\u00f5es legais.<\/p>\n<h2>Bolsas dispon\u00edveis<\/h2>\n<p><strong>Esta edi\u00e7\u00e3o do Prouni (1\u00ba\/2026) disponibilizar\u00e1 594.519 bolsas, representando a maior oferta da hist\u00f3ria do Prouni, sendo 274.819 bolsas integrais (de 100%) e 319.700 bolsas parciais (de 50%).<\/strong><\/p>\n<p>Do total de vagas ofertadas, quando considerada a modalidade de cursos, 393,1 mil das bolsas s\u00e3o para cursos a dist\u00e2ncia e 16.408 para a modalidade semipresencial. <strong>As demais (184.992) bolsas s\u00e3o para cursos presenciais.<\/strong><\/p>\n<p>Em rela\u00e7\u00e3o ao tipo de gradua\u00e7\u00e3o, as bolsas est\u00e3o distribu\u00eddas em 328.175 s\u00e3o bolsas para bacharelado, 253.597 s\u00e3o para cursos tecnol\u00f3gicos e 12.747 para licenciaturas.<\/p>\n<p>Os cursos de administra\u00e7\u00e3o (63.978) e ci\u00eancias cont\u00e1beis (41.864) somam o maior n\u00famero de bolsas ofertadas pelas faculdades privadas.<\/p>\n<h2>Resultados<\/h2>\n<p>De acordo com o edital, s\u00e3o realizadas duas chamadas dos participantes pr\u00e9-selecionados. <strong>O\u00a0resultado da primeira chamada do Prouni 1\/2026\u00a0ser\u00e1\u00a0divulgado em 3 de fevereiro na p\u00e1gina eletr\u00f4nica do processo seletivo.\u00a0A segunda chamada ser\u00e1 divulgada em 2 de mar\u00e7o.\u00a0<\/strong><\/p>\n<p>O resultado da primeira chamada ser\u00e1 divulgado na p\u00e1gina do Prouni na internet.\u00a0<\/p>\n<p>Para saber sobre os crit\u00e9rios de classifica\u00e7\u00e3o dos candidatos, acesse aqui.\u00a0<\/p>\n<p>\u00a0<\/p>\n<p>\u00a0<\/p>\n<p>      <!-- Relacionada --><\/p>\n<p>            <!-- Relacionada -->\n    <\/div>\n<p><br \/>\n<br \/>Fonte: <a href=\"https:\/\/agenciabrasil.ebc.com.br\/educacao\/noticia\/2026-01\/prouni-2026-prazo-de-inscricao-para-1o-semestre-termina-nesta-quinta\">Ag\u00eancia Brasil<\/a><\/p>\n","protected":false},"excerpt":{"rendered":"<p>Termina nesta \u00e0s 23h59 desta quinta-feira (29) o prazo para estudantes interessados se inscreverem no Programa Universidade para Todos (Prouni) do primeiro semestre de 2026.\u00a0 A inscri\u00e7\u00e3o \u00e9 gratuita e feita somente pelo Portal \u00danico de Acesso ao Ensino Superior, na parte do Prouni, com login da plataforma Gov.br. A consulta \u00e0s vagas oferecidas pelas [&hellip;]<\/p>\n","protected":false},"author":5,"featured_media":28441,"comment_status":"open","ping_status":"open","sticky":false,"template":"","format":"standard","meta":{"_seopress_robots_primary_cat":"","_seopress_titles_title":"","_seopress_titles_desc":"","_seopress_robots_index":"","footnotes":""},"categories":[44],"tags":[],"class_list":["post-60291","post","type-post","status-publish","format-standard","has-post-thumbnail","hentry","category-educacao"],"_links":{"self":[{"href":"https:\/\/mussicom.com\/noticias\/wp-json\/wp\/v2\/posts\/60291","targetHints":{"allow":["GET"]}}],"collection":[{"href":"https:\/\/mussicom.com\/noticias\/wp-json\/wp\/v2\/posts"}],"about":[{"href":"https:\/\/mussicom.com\/noticias\/wp-json\/wp\/v2\/types\/post"}],"author":[{"embeddable":true,"href":"https:\/\/mussicom.com\/noticias\/wp-json\/wp\/v2\/users\/5"}],"replies":[{"embeddable":true,"href":"https:\/\/mussicom.com\/noticias\/wp-json\/wp\/v2\/comments?post=60291"}],"version-history":[{"count":0,"href":"https:\/\/mussicom.com\/noticias\/wp-json\/wp\/v2\/posts\/60291\/revisions"}],"wp:featuredmedia":[{"embeddable":true,"href":"https:\/\/mussicom.com\/noticias\/wp-json\/wp\/v2\/media\/28441"}],"wp:attachment":[{"href":"https:\/\/mussicom.com\/noticias\/wp-json\/wp\/v2\/media?parent=60291"}],"wp:term":[{"taxonomy":"category","embeddable":true,"href":"https:\/\/mussicom.com\/noticias\/wp-json\/wp\/v2\/categories?post=60291"},{"taxonomy":"post_tag","embeddable":true,"href":"https:\/\/mussicom.com\/noticias\/wp-json\/wp\/v2\/tags?post=60291"}],"curies":[{"name":"wp","href":"https:\/\/api.w.org\/{rel}","templated":true}]}}