{"id":60284,"date":"2026-01-29T08:18:24","date_gmt":"2026-01-29T11:18:24","guid":{"rendered":"https:\/\/mussicom.com\/governo-dos-eua-volta-a-sugerir-queda-do-regime-de-cuba\/"},"modified":"2026-01-29T08:18:24","modified_gmt":"2026-01-29T11:18:24","slug":"governo-dos-eua-volta-a-sugerir-queda-do-regime-de-cuba","status":"publish","type":"post","link":"https:\/\/mussicom.com\/noticias\/governo-dos-eua-volta-a-sugerir-queda-do-regime-de-cuba\/","title":{"rendered":"Governo dos EUA volta a sugerir queda do regime de Cuba"},"content":{"rendered":"<p> <br \/>\n<\/p>\n<div id=\"tp-post-content\">\n<p class=\"postParagraph_post-paragraph__juWZN postParagraph_post-paragraph-innerHtml__Q5vwc\">O subsecret\u00e1rio de Estado dos EUA, Christopher Landau, afirmou nesta quarta-feira (28) que Washington espera que os cubanos possam &#8220;exercer suas liberdades fundamentais&#8221; ainda neste ano.<\/p>\n<p class=\"postParagraph_post-paragraph__juWZN postParagraph_post-paragraph-innerHtml__Q5vwc\">Landau fez essas declara\u00e7\u00f5es, que apontam para uma mudan\u00e7a de regime, em uma mensagem de v\u00eddeo gravada e exibida na resid\u00eancia do embaixador dos EUA em Cuba, Mike Hammer, durante a cerim\u00f4nia de abertura das comemora\u00e7\u00f5es do 250\u00ba anivers\u00e1rio da Declara\u00e7\u00e3o de Independ\u00eancia dos EUA.<\/p>\n<p class=\"postParagraph_post-paragraph__juWZN postParagraph_post-paragraph-innerHtml__Q5vwc\">&#8220;Esperamos que em 2026 os cubanos finalmente possam exercer suas liberdades fundamentais&#8221;, afirmou o diplomata americano.<\/p>\n<p class=\"postParagraph_post-paragraph__juWZN postParagraph_post-paragraph-innerHtml__Q5vwc\">Ele acrescentou que o governo do presidente Donald Trump est\u00e1 comprometido em &#8220;apoiar os cubanos comuns&#8221; e em insistir no respeito aos direitos humanos na ilha e na liberta\u00e7\u00e3o de todos os presos pol\u00edticos.<\/p>\n<p class=\"postParagraph_post-paragraph__juWZN postParagraph_post-paragraph-innerHtml__Q5vwc\">&#8220;Como disse o presidente Trump, o regime castro-comunista est\u00e1 cambaleando; n\u00e3o vai durar muito mais. Ap\u00f3s 67 anos de uma revolu\u00e7\u00e3o fracassada que traiu o povo cubano, \u00e9 hora da mudan\u00e7a que o povo da ilha tanto anseia&#8221;, declarou Landau.<\/p>\n<p class=\"postParagraph_post-paragraph__juWZN postParagraph_post-paragraph-innerHtml__Q5vwc\">O subsecret\u00e1rio de Estado concluiu seu discurso alertando que \u201cWashington continuar\u00e1 monitorando de perto todos os desdobramentos na ilha\u201d.<\/p>\n<p class=\"postParagraph_post-paragraph__juWZN postParagraph_post-paragraph-innerHtml__Q5vwc\">Hammer, que se dirigiu \u00e0 plateia com palavras muito semelhantes, iniciou seu discurso denunciando que diversos convidados cubanos n\u00e3o puderam comparecer \u00e0 recep\u00e7\u00e3o porque foram impedidos pelas for\u00e7as de seguran\u00e7a.<\/p>\n<p class=\"postParagraph_post-paragraph__juWZN postParagraph_post-paragraph-innerHtml__Q5vwc\">ONGs e dissidentes cubanos denunciaram uma s\u00e9rie de opera\u00e7\u00f5es policiais para impedir que pelo menos dez membros da oposi\u00e7\u00e3o e jornalistas independentes comparecessem ao evento: alguns foram detidos, enquanto outros foram interceptados e devolvidos a suas casas.<\/p>\n<p class=\"postParagraph_post-paragraph__juWZN postParagraph_post-paragraph-innerHtml__Q5vwc\">Entre eles estavam o presidente do Conselho para a Transi\u00e7\u00e3o Democr\u00e1tica em Cuba (CTDC), Manuel Cuesta Mor\u00faa; a l\u00edder das Damas de Branco, Berta Soler; a diretora do ve\u00edculo de m\u00eddia independente 14yMedio, Yoani S\u00e1nchez; e o diretor do Centro de Estudos para a Coexist\u00eancia, Dagoberto Vald\u00e9s.<\/p>\n<p class=\"postParagraph_post-paragraph__juWZN postParagraph_post-paragraph-innerHtml__Q5vwc\">V\u00e1rios ativistas e membros da oposi\u00e7\u00e3o denunciaram recentemente um aumento da repress\u00e3o em Cuba, que atribuem \u00e0 preocupa\u00e7\u00e3o do regime cubano ap\u00f3s a pris\u00e3o de seu aliado, o ditador venezuelano Nicol\u00e1s Maduro.<\/p>\n<\/div>\n<p><br \/>\n<br \/>Fonte: <a href=\"https:\/\/www.gazetadopovo.com.br\/mundo\/governo-eua-volta-sugerir-queda-regime-cuba-trump-esta-comprometido\/\">Revista Oeste<\/a><\/p>\n","protected":false},"excerpt":{"rendered":"<p>O subsecret\u00e1rio de Estado dos EUA, Christopher Landau, afirmou nesta quarta-feira (28) que Washington espera que os cubanos possam &#8220;exercer suas liberdades fundamentais&#8221; ainda neste ano. Landau fez essas declara\u00e7\u00f5es, que apontam para uma mudan\u00e7a de regime, em uma mensagem de v\u00eddeo gravada e exibida na resid\u00eancia do embaixador dos EUA em Cuba, Mike Hammer, [&hellip;]<\/p>\n","protected":false},"author":5,"featured_media":60285,"comment_status":"open","ping_status":"open","sticky":false,"template":"","format":"standard","meta":{"_seopress_robots_primary_cat":"","_seopress_titles_title":"","_seopress_titles_desc":"","_seopress_robots_index":"","footnotes":""},"categories":[48],"tags":[],"class_list":["post-60284","post","type-post","status-publish","format-standard","has-post-thumbnail","hentry","category-internacional"],"_links":{"self":[{"href":"https:\/\/mussicom.com\/noticias\/wp-json\/wp\/v2\/posts\/60284","targetHints":{"allow":["GET"]}}],"collection":[{"href":"https:\/\/mussicom.com\/noticias\/wp-json\/wp\/v2\/posts"}],"about":[{"href":"https:\/\/mussicom.com\/noticias\/wp-json\/wp\/v2\/types\/post"}],"author":[{"embeddable":true,"href":"https:\/\/mussicom.com\/noticias\/wp-json\/wp\/v2\/users\/5"}],"replies":[{"embeddable":true,"href":"https:\/\/mussicom.com\/noticias\/wp-json\/wp\/v2\/comments?post=60284"}],"version-history":[{"count":0,"href":"https:\/\/mussicom.com\/noticias\/wp-json\/wp\/v2\/posts\/60284\/revisions"}],"wp:featuredmedia":[{"embeddable":true,"href":"https:\/\/mussicom.com\/noticias\/wp-json\/wp\/v2\/media\/60285"}],"wp:attachment":[{"href":"https:\/\/mussicom.com\/noticias\/wp-json\/wp\/v2\/media?parent=60284"}],"wp:term":[{"taxonomy":"category","embeddable":true,"href":"https:\/\/mussicom.com\/noticias\/wp-json\/wp\/v2\/categories?post=60284"},{"taxonomy":"post_tag","embeddable":true,"href":"https:\/\/mussicom.com\/noticias\/wp-json\/wp\/v2\/tags?post=60284"}],"curies":[{"name":"wp","href":"https:\/\/api.w.org\/{rel}","templated":true}]}}