{"id":60215,"date":"2026-01-28T20:11:17","date_gmt":"2026-01-28T23:11:17","guid":{"rendered":"https:\/\/mussicom.com\/alta-do-diesel-e-juros-eleva-fretes-no-distrito-federal\/"},"modified":"2026-01-28T20:11:17","modified_gmt":"2026-01-28T23:11:17","slug":"alta-do-diesel-e-juros-eleva-fretes-no-distrito-federal","status":"publish","type":"post","link":"https:\/\/mussicom.com\/noticias\/alta-do-diesel-e-juros-eleva-fretes-no-distrito-federal\/","title":{"rendered":"Alta do diesel e juros eleva fretes no Distrito Federal"},"content":{"rendered":"<p> <br \/>\n<\/p>\n<div>\n<p style=\"text-align:justify\">Os fretes rodovi\u00e1rios com origem no Distrito Federal registraram aumentos generalizados em dezembro de 2025, conforme o Boletim Log\u00edstico | Ano IX \u2013 janeiro\/2026, divulgado pela Companhia Nacional de Abastecimento (Conab) na segunda-feira (26). Segundo o levantamento, as altas variaram entre 1% e 4%, influenciadas por um conjunto de fatores econ\u00f4micos que pressionaram os custos do transporte, com destaque para o pre\u00e7o do diesel. Entre os destinos analisados, Uberaba, em Minas Gerais, apresentou a maior varia\u00e7\u00e3o positiva.&#13;\n<\/p>\n<p style=\"text-align:justify\">De acordo com a Conab, outro elemento que contribuiu para a eleva\u00e7\u00e3o dos fretes foi a taxa b\u00e1sica de juros. O boletim aponta que a Selic permanece \u201cno maior patamar em 19 anos\u201d, o que encarece o acesso ao cr\u00e9dito, amplia os custos financeiros das opera\u00e7\u00f5es e reduz a margem de atua\u00e7\u00e3o das transportadoras.<\/p>\n<p style=\"text-align:justify\">Mesmo com o arrefecimento da demanda por fretes agr\u00edcolas ap\u00f3s o escoamento das safras, o documento indica que o aumento dos pre\u00e7os no Distrito Federal ocorreu principalmente no segmento varejista. O setor impulsionou a demanda em algumas ind\u00fastrias, especialmente nos ramos de bens de consumo e eletroeletr\u00f4nicos, elevando o volume de cargas transportadas e pressionando os pre\u00e7os em rotas espec\u00edficas.&#13;\n<\/p>\n<p style=\"text-align:justify\">Em rela\u00e7\u00e3o aos combust\u00edveis, a Conab informa que o \u00f3leo diesel atingiu m\u00e9dia de R$ 5,98 em dezembro, ante R$ 6,19 em novembro, conforme dados da Ag\u00eancia Nacional do Petr\u00f3leo, G\u00e1s Natural e Biocombust\u00edveis (ANP). A oscila\u00e7\u00e3o, segundo o boletim, foi provocada pelo aumento dos estoques nos postos, associado \u00e0 menor circula\u00e7\u00e3o de ve\u00edculos de carga, ap\u00f3s um per\u00edodo de estabilidade nos meses anteriores.<\/p>\n<p style=\"text-align:justify\">Para os pr\u00f3ximos meses, a avalia\u00e7\u00e3o \u00e9 de manuten\u00e7\u00e3o de um cen\u00e1rio de relativa estabilidade no mercado de fretes, com possibilidade de ajustes pontuais. Ainda assim, a Conab destaca que o mercado segue equilibrado, sem indica\u00e7\u00e3o de grandes varia\u00e7\u00f5es na demanda ou nos custos operacionais.&#13;\n<\/p>\n<p style=\"text-align:justify\">No campo, o boletim ressalta que as lavouras de ver\u00e3o da safra 2025\/26 no Distrito Federal est\u00e3o em est\u00e1gio avan\u00e7ado de desenvolvimento vegetativo e in\u00edcio de flora\u00e7\u00e3o. A previs\u00e3o \u00e9 de que a colheita tenha in\u00edcio em meados de fevereiro, com conclus\u00e3o estimada para abril de 2026, o que pode influenciar a din\u00e2mica do transporte agr\u00edcola nos pr\u00f3ximos meses.<\/p>\n<\/p><\/div>\n<p><script data-cfasync=\"false\">\n    !function (f, b, e, v, n, t, s) {\n        if (f.fbq) return; n = f.fbq = function () {\n            n.callMethod ?\n                n.callMethod.apply(n, arguments) : n.queue.push(arguments)\n        };\n        if (!f._fbq) f._fbq = n; n.push = n; n.loaded = !0; n.version = '2.0';\n        n.queue = []; t = b.createElement(e); t.async = !0;\n        t.src = v; s = b.getElementsByTagName(e)[0];\n        s.parentNode.insertBefore(t, s)\n    }(window, document, 'script',\n        'https:\/\/connect.facebook.net\/en_US\/fbevents.js');\n    fbq('init', '522546078623747');\n    fbq('track', 'PageView');\n<\/script><br \/>\n<br \/><br \/>\n<br \/>Fonte: <a href=\"https:\/\/www.agrolink.com.br\/noticias\/alta-do-diesel-e-juros-eleva-fretes-no-distrito-federal_510321.html\">AGROLINK<\/a><\/p>\n","protected":false},"excerpt":{"rendered":"<p>Os fretes rodovi\u00e1rios com origem no Distrito Federal registraram aumentos generalizados em dezembro de 2025, conforme o Boletim Log\u00edstico | Ano IX \u2013 janeiro\/2026, divulgado pela Companhia Nacional de Abastecimento (Conab) na segunda-feira (26). Segundo o levantamento, as altas variaram entre 1% e 4%, influenciadas por um conjunto de fatores econ\u00f4micos que pressionaram os custos [&hellip;]<\/p>\n","protected":false},"author":5,"featured_media":35898,"comment_status":"open","ping_status":"open","sticky":false,"template":"","format":"standard","meta":{"_seopress_robots_primary_cat":"","_seopress_titles_title":"","_seopress_titles_desc":"","_seopress_robots_index":"","footnotes":""},"categories":[53],"tags":[],"class_list":["post-60215","post","type-post","status-publish","format-standard","has-post-thumbnail","hentry","category-agronegocio"],"_links":{"self":[{"href":"https:\/\/mussicom.com\/noticias\/wp-json\/wp\/v2\/posts\/60215","targetHints":{"allow":["GET"]}}],"collection":[{"href":"https:\/\/mussicom.com\/noticias\/wp-json\/wp\/v2\/posts"}],"about":[{"href":"https:\/\/mussicom.com\/noticias\/wp-json\/wp\/v2\/types\/post"}],"author":[{"embeddable":true,"href":"https:\/\/mussicom.com\/noticias\/wp-json\/wp\/v2\/users\/5"}],"replies":[{"embeddable":true,"href":"https:\/\/mussicom.com\/noticias\/wp-json\/wp\/v2\/comments?post=60215"}],"version-history":[{"count":0,"href":"https:\/\/mussicom.com\/noticias\/wp-json\/wp\/v2\/posts\/60215\/revisions"}],"wp:featuredmedia":[{"embeddable":true,"href":"https:\/\/mussicom.com\/noticias\/wp-json\/wp\/v2\/media\/35898"}],"wp:attachment":[{"href":"https:\/\/mussicom.com\/noticias\/wp-json\/wp\/v2\/media?parent=60215"}],"wp:term":[{"taxonomy":"category","embeddable":true,"href":"https:\/\/mussicom.com\/noticias\/wp-json\/wp\/v2\/categories?post=60215"},{"taxonomy":"post_tag","embeddable":true,"href":"https:\/\/mussicom.com\/noticias\/wp-json\/wp\/v2\/tags?post=60215"}],"curies":[{"name":"wp","href":"https:\/\/api.w.org\/{rel}","templated":true}]}}