{"id":60200,"date":"2026-01-28T19:12:44","date_gmt":"2026-01-28T22:12:44","guid":{"rendered":"https:\/\/mussicom.com\/lider-do-governo-diz-que-delacao-no-caso-master-seria-otima\/"},"modified":"2026-01-28T19:12:44","modified_gmt":"2026-01-28T22:12:44","slug":"lider-do-governo-diz-que-delacao-no-caso-master-seria-otima","status":"publish","type":"post","link":"https:\/\/mussicom.com\/noticias\/lider-do-governo-diz-que-delacao-no-caso-master-seria-otima\/","title":{"rendered":"L\u00edder do governo diz que dela\u00e7\u00e3o no caso Master seria &#8220;\u00f3tima&#8221;"},"content":{"rendered":"<p> <br \/>\n<\/p>\n<div id=\"tp-post-content\">\n<p class=\"postParagraph_post-paragraph__juWZN postParagraph_post-paragraph-innerHtml__Q5vwc\">L\u00edder do governo no Senado, o senador <strong>Jaques Wagner (PT-BA)<\/strong> declarou, nesta ter\u00e7a-feira (27), que torce por uma dela\u00e7\u00e3o do banqueiro <strong>Daniel Vorcaro<\/strong>, investigado por fraudes que levaram \u00e0 liquida\u00e7\u00e3o do <strong>Banco Master<\/strong>. Segundo o ex-governador baiano, uma colabora\u00e7\u00e3o de Vorcaro seria &#8220;\u00f3tima&#8221;.<\/p>\n<p class=\"postParagraph_post-paragraph__juWZN postParagraph_post-paragraph-innerHtml__Q5vwc\">Vorcaro \u00e9 o principal investigado pela Pol\u00edcia Federal pela suposta venda de ativos podres ao Banco de Bras\u00edlia (BRB), uma fraude que pode chegar a R$ 12 bilh\u00f5es. O esc\u00e2ndalo financeiro foi descrito pelo ministro da Fazenda, Fernando Haddad, como poss\u00edvel maior fraude banc\u00e1ria da hist\u00f3ria do pa\u00eds.<\/p>\n<div class=\"postViewMore_post-view-more-container___5wai\" data-mrf-recirculation=\"Post - Veja tamb\u00e9m\">\n<p class=\"gp-styles-module-size-small-afeYRa gp-styles-module-font-family2-afeYRa gp-styles-module-color-secondary-afeYRa gp-styles-module-weight-bold-afeYRa\">VEJA TAMB\u00c9M:<\/p>\n<ul class=\"postViewMore_post-view-more-list__CU_CE\">\n<li class=\"postViewMore_post-view-more-item__2MzRb\"><span class=\"postViewMore_post-view-more-link-icon___stPC\"><svg xmlns=\"http:\/\/www.w3.org\/2000\/svg\" width=\"16\" height=\"16\" viewbox=\"0 0 16 16\"><rect width=\"16\" height=\"16\" fill=\"none\"\/><g transform=\"translate(3 3)\"><path d=\"M22.5,15l3.4,3.4-3.4,3.4\" transform=\"translate(-15.896 -11.793)\" fill=\"none\" stroke=\"#717171\" stroke-linecap=\"round\" stroke-width=\"1.4\"\/><path d=\"M6,6v4.2a2.452,2.452,0,0,0,2.5,2.4H16\" transform=\"translate(-6 -6)\" fill=\"none\" stroke=\"#717171\" stroke-linecap=\"round\" stroke-width=\"1.4\"\/><\/g><\/svg><\/span><span class=\"postViewMore_post-view-more-link-text__hO_kM\">Vorcaro esteve no Planalto quatro vezes e teria falado com Lula sobre venda do Master<\/span><\/li>\n<li class=\"postViewMore_post-view-more-item__2MzRb\"><span class=\"postViewMore_post-view-more-link-icon___stPC\"><svg xmlns=\"http:\/\/www.w3.org\/2000\/svg\" width=\"16\" height=\"16\" viewbox=\"0 0 16 16\"><rect width=\"16\" height=\"16\" fill=\"none\"\/><g transform=\"translate(3 3)\"><path d=\"M22.5,15l3.4,3.4-3.4,3.4\" transform=\"translate(-15.896 -11.793)\" fill=\"none\" stroke=\"#717171\" stroke-linecap=\"round\" stroke-width=\"1.4\"\/><path d=\"M6,6v4.2a2.452,2.452,0,0,0,2.5,2.4H16\" transform=\"translate(-6 -6)\" fill=\"none\" stroke=\"#717171\" stroke-linecap=\"round\" stroke-width=\"1.4\"\/><\/g><\/svg><\/span><span class=\"postViewMore_post-view-more-link-text__hO_kM\">Como o esc\u00e2ndalo Master alcan\u00e7a Lula e pode dificultar o seu projeto de reelei\u00e7\u00e3o<\/span><\/li>\n<\/ul>\n<\/div>\n<p class=\"postParagraph_post-paragraph__juWZN postParagraph_post-paragraph-innerHtml__Q5vwc\">\u201cSe ele delatar, acho \u00f3timo. <strong>Estou<\/strong> aqui, tranquilo e calmo. (&#8230;) Olha para a minha m\u00e3o, v\u00ea se eu estou tremendo\u201d, disse o senador.<\/p>\n<p class=\"postParagraph_post-paragraph__juWZN postParagraph_post-paragraph-innerHtml__Q5vwc\">A declara\u00e7\u00e3o foi dada durante entrevista ao programa <em>Giro Baiana<\/em>, na qual Wagner apresentou sua vers\u00e3o mais detalhada at\u00e9 o momento sobre o envolvimento de seu nome no esc\u00e2ndalo. Ele confirmou conhecer Vorcaro, mas ressaltou que isso n\u00e3o teria maiores implica\u00e7\u00f5es. At\u00e9 o momento, Vorcaro confirmou rela\u00e7\u00e3o apenas com o governador do Distrito Federal, Ibaneis Rocha (MDB).<\/p>\n<p class=\"postParagraph_post-paragraph__juWZN postParagraph_post-paragraph-innerHtml__Q5vwc\">\u201cEu fui citado porque t\u00ednhamos aqui o cart\u00e3o do <strong>Cesta do Povo<\/strong>, e eu vendi\u201d, declarou. Wagner referia-se ao programa assistencial da Empresa Baiana de Alimentos (<strong>EBAL<\/strong>), que operava em d\u00e9ficit e foi vendido a um executivo e, posteriormente, ao Master \u2014 na \u00e9poca, o banco ainda se chamava <strong>M\u00e1xima<\/strong>.<\/p>\n<p class=\"postParagraph_post-paragraph__juWZN postParagraph_post-paragraph-innerHtml__Q5vwc\">Questionado se haveria nomes de outros pol\u00edticos envolvidos no que chamou de \u201ctrambiques\u201d do Master, o senador opinou: \u201cAh, deve ter. Pra cacete\u201d.<\/p>\n<h2 class=\"postParagraph_post-paragraph__juWZN postParagraph_post-paragraph-innerHtml__Q5vwc postParagraph_type-tag-h2__TtFkT\">Wagner confirma indica\u00e7\u00e3o<\/h2>\n<p class=\"postParagraph_post-paragraph__juWZN postParagraph_post-paragraph-innerHtml__Q5vwc\">Wagner negou ter indicado <strong>Guido Mantega<\/strong> ao Master, mas confirmou a indica\u00e7\u00e3o de <strong>Ricardo Lewandowski<\/strong> ao conselho do banco. Segundo ele, um executivo chamado Augusto Lima, ligado \u00e0 institui\u00e7\u00e3o, o teria procurado em busca de uma indica\u00e7\u00e3o, e ele sugeriu o nome de Lewandowski, que rec\u00e9m sa\u00edra do Supremo. Wagner afirmou estar \u201ctranquilo\u201d quanto ao seu relacionamento com Lima.<\/p>\n<p class=\"postParagraph_post-paragraph__juWZN postParagraph_post-paragraph-innerHtml__Q5vwc\">O\u00a0Banco Master est\u00e1 no centro de uma investiga\u00e7\u00e3o da Pol\u00edcia Federal\u00a0que apura suspeitas da venda de carteiras de cr\u00e9dito fraudulentas ao BRB que culminou na\u00a0decreta\u00e7\u00e3o da liquida\u00e7\u00e3o pelo Banco Central.<\/p>\n<p class=\"postParagraph_post-paragraph__juWZN postParagraph_post-paragraph-innerHtml__Q5vwc\">A teia de acontecimentos em torno da liquida\u00e7\u00e3o do Master teve um importante desdobramento no ano passado: a descoberta de um\u00a0contrato da esposa de Moraes, que previa o pagamento de R$ 129 milh\u00f5es em tr\u00eas anos, de acordo com uma das\u00a0provas apreendidas pela Pol\u00edcia Federal durante a opera\u00e7\u00e3o Compliance Zero, no final do ano de 2025.<\/p>\n<\/div>\n<p><br \/>\n<br \/>Fonte: <a href=\"https:\/\/www.gazetadopovo.com.br\/republica\/lider-do-governo-no-senado-diz-achar-otimo-se-vorcaro-delatar\/\">Revista Oeste<\/a><\/p>\n","protected":false},"excerpt":{"rendered":"<p>L\u00edder do governo no Senado, o senador Jaques Wagner (PT-BA) declarou, nesta ter\u00e7a-feira (27), que torce por uma dela\u00e7\u00e3o do banqueiro Daniel Vorcaro, investigado por fraudes que levaram \u00e0 liquida\u00e7\u00e3o do Banco Master. Segundo o ex-governador baiano, uma colabora\u00e7\u00e3o de Vorcaro seria &#8220;\u00f3tima&#8221;. Vorcaro \u00e9 o principal investigado pela Pol\u00edcia Federal pela suposta venda de [&hellip;]<\/p>\n","protected":false},"author":5,"featured_media":60201,"comment_status":"open","ping_status":"open","sticky":false,"template":"","format":"standard","meta":{"_seopress_robots_primary_cat":"","_seopress_titles_title":"","_seopress_titles_desc":"","_seopress_robots_index":"","footnotes":""},"categories":[1],"tags":[],"class_list":["post-60200","post","type-post","status-publish","format-standard","has-post-thumbnail","hentry","category-ultimas-noticias"],"_links":{"self":[{"href":"https:\/\/mussicom.com\/noticias\/wp-json\/wp\/v2\/posts\/60200","targetHints":{"allow":["GET"]}}],"collection":[{"href":"https:\/\/mussicom.com\/noticias\/wp-json\/wp\/v2\/posts"}],"about":[{"href":"https:\/\/mussicom.com\/noticias\/wp-json\/wp\/v2\/types\/post"}],"author":[{"embeddable":true,"href":"https:\/\/mussicom.com\/noticias\/wp-json\/wp\/v2\/users\/5"}],"replies":[{"embeddable":true,"href":"https:\/\/mussicom.com\/noticias\/wp-json\/wp\/v2\/comments?post=60200"}],"version-history":[{"count":0,"href":"https:\/\/mussicom.com\/noticias\/wp-json\/wp\/v2\/posts\/60200\/revisions"}],"wp:featuredmedia":[{"embeddable":true,"href":"https:\/\/mussicom.com\/noticias\/wp-json\/wp\/v2\/media\/60201"}],"wp:attachment":[{"href":"https:\/\/mussicom.com\/noticias\/wp-json\/wp\/v2\/media?parent=60200"}],"wp:term":[{"taxonomy":"category","embeddable":true,"href":"https:\/\/mussicom.com\/noticias\/wp-json\/wp\/v2\/categories?post=60200"},{"taxonomy":"post_tag","embeddable":true,"href":"https:\/\/mussicom.com\/noticias\/wp-json\/wp\/v2\/tags?post=60200"}],"curies":[{"name":"wp","href":"https:\/\/api.w.org\/{rel}","templated":true}]}}