{"id":60082,"date":"2026-01-28T08:38:15","date_gmt":"2026-01-28T11:38:15","guid":{"rendered":"https:\/\/mussicom.com\/aberto-da-australia-volta-a-acionar-politica-de-calor-extremo-em-jogos\/"},"modified":"2026-01-28T08:38:15","modified_gmt":"2026-01-28T11:38:15","slug":"aberto-da-australia-volta-a-acionar-politica-de-calor-extremo-em-jogos","status":"publish","type":"post","link":"https:\/\/mussicom.com\/noticias\/aberto-da-australia-volta-a-acionar-politica-de-calor-extremo-em-jogos\/","title":{"rendered":"Aberto da Austr\u00e1lia volta a acionar pol\u00edtica de calor extremo em jogos"},"content":{"rendered":"<p> <br \/>\n<\/p>\n<div>\n<p>Os organizadores do Aberto da Austr\u00e1lia invocaram sua pol\u00edtica de calor extremo quando as temperaturas subiram no Melbourne Park nesta ter\u00e7a-feira (27), provocando a suspens\u00e3o do jogo nas quadras externas e o fechamento da cobertura das principais quadras.<img decoding=\"async\" src=\"https:\/\/agenciabrasil.ebc.com.br\/ebc.gif?id=1676162&amp;o=node\" style=\"width:1px; height:1px; display:inline;\"\/><\/p>\n<p>A &#8220;Escala de Estresse por Calor&#8221; do torneio atingiu o limite mais alto de 5,0 no in\u00edcio da tarde, com a temperatura ultrapassando a marca de 40 graus Celsius \u00e0s 14h &#8211;\u00a0o dia mais quente do torneio at\u00e9 agora.<\/p>\n<p>O Grand Slam de abertura do ano opera sob uma pol\u00edtica de calor extremo que considera a temperatura do ar, o calor, a velocidade do vento e a umidade para avaliar as condi\u00e7\u00f5es de jogo.<\/p>\n<p>O limite foi atingido logo ap\u00f3s a vit\u00f3ria da n\u00famero um do mundo Aryna Sabalenka por 6\/3 e 6\/0 sobre a jovem norte-americana Iva Jovic, com o teto da Rod Laver Arena se fechando quando as jogadoras deixaram a quadra.<\/p>\n<p>&#8220;No final da partida, estava muito quente l\u00e1 fora&#8221;, disse Sabalenka aos rep\u00f3rteres. &#8220;Ainda bem que eles fecharam o teto quase na metade do caminho, ent\u00e3o tivemos muita sombra na parte de tr\u00e1s, para que pud\u00e9ssemos voltar e ficar na sombra.&#8221;<\/p>\n<p>&#8220;Eu sabia que, ao entrar na partida, eles n\u00e3o nos deixariam jogar sob um calor absurdo. Se ela (a escala) chegasse a cinco, eles definitivamente fechariam o teto, ent\u00e3o eu sabia que eles estavam nos protegendo, protegendo nossa sa\u00fade.&#8221;<\/p>\n<p><em><strong>* \u00c9 proibida a reprodu\u00e7\u00e3o deste conte\u00fado.<\/strong><\/em><\/p>\n<p>      <!-- Relacionada --><\/p>\n<p>            <!-- Relacionada -->\n    <\/div>\n<p><br \/>\n<br \/>Fonte: <a href=\"https:\/\/agenciabrasil.ebc.com.br\/esportes\/noticia\/2026-01\/aberto-da-australia-volta-acionar-politica-de-calor-extremo-em-jogos\">Ag\u00eancia Brasil<\/a><\/p>\n","protected":false},"excerpt":{"rendered":"<p>Os organizadores do Aberto da Austr\u00e1lia invocaram sua pol\u00edtica de calor extremo quando as temperaturas subiram no Melbourne Park nesta ter\u00e7a-feira (27), provocando a suspens\u00e3o do jogo nas quadras externas e o fechamento da cobertura das principais quadras. A &#8220;Escala de Estresse por Calor&#8221; do torneio atingiu o limite mais alto de 5,0 no in\u00edcio [&hellip;]<\/p>\n","protected":false},"author":5,"featured_media":60083,"comment_status":"open","ping_status":"open","sticky":false,"template":"","format":"standard","meta":{"_seopress_robots_primary_cat":"","_seopress_titles_title":"","_seopress_titles_desc":"","_seopress_robots_index":"","footnotes":""},"categories":[40],"tags":[],"class_list":["post-60082","post","type-post","status-publish","format-standard","has-post-thumbnail","hentry","category-esportes"],"_links":{"self":[{"href":"https:\/\/mussicom.com\/noticias\/wp-json\/wp\/v2\/posts\/60082","targetHints":{"allow":["GET"]}}],"collection":[{"href":"https:\/\/mussicom.com\/noticias\/wp-json\/wp\/v2\/posts"}],"about":[{"href":"https:\/\/mussicom.com\/noticias\/wp-json\/wp\/v2\/types\/post"}],"author":[{"embeddable":true,"href":"https:\/\/mussicom.com\/noticias\/wp-json\/wp\/v2\/users\/5"}],"replies":[{"embeddable":true,"href":"https:\/\/mussicom.com\/noticias\/wp-json\/wp\/v2\/comments?post=60082"}],"version-history":[{"count":0,"href":"https:\/\/mussicom.com\/noticias\/wp-json\/wp\/v2\/posts\/60082\/revisions"}],"wp:featuredmedia":[{"embeddable":true,"href":"https:\/\/mussicom.com\/noticias\/wp-json\/wp\/v2\/media\/60083"}],"wp:attachment":[{"href":"https:\/\/mussicom.com\/noticias\/wp-json\/wp\/v2\/media?parent=60082"}],"wp:term":[{"taxonomy":"category","embeddable":true,"href":"https:\/\/mussicom.com\/noticias\/wp-json\/wp\/v2\/categories?post=60082"},{"taxonomy":"post_tag","embeddable":true,"href":"https:\/\/mussicom.com\/noticias\/wp-json\/wp\/v2\/tags?post=60082"}],"curies":[{"name":"wp","href":"https:\/\/api.w.org\/{rel}","templated":true}]}}