{"id":60036,"date":"2026-01-28T00:43:15","date_gmt":"2026-01-28T03:43:15","guid":{"rendered":"https:\/\/mussicom.com\/mendonca-mantem-prisao-preventiva-do-careca-do-inss\/"},"modified":"2026-01-28T00:43:15","modified_gmt":"2026-01-28T03:43:15","slug":"mendonca-mantem-prisao-preventiva-do-careca-do-inss","status":"publish","type":"post","link":"https:\/\/mussicom.com\/noticias\/mendonca-mantem-prisao-preventiva-do-careca-do-inss\/","title":{"rendered":"Mendon\u00e7a mant\u00e9m pris\u00e3o preventiva do Careca do INSS"},"content":{"rendered":"<p> <br \/>\n<\/p>\n<div id=\"tp-post-content\">\n<p class=\"postParagraph_post-paragraph__juWZN postParagraph_post-paragraph-innerHtml__Q5vwc\">O ministro Andr\u00e9 Mendon\u00e7a, do Supremo Tribunal Federal (STF), rejeitou um pedido da defesa e manteve a pris\u00e3o preventiva do empres\u00e1rio Ant\u00f4nio Carlos Camilo Antunes, conhecido como Careca do INSS.<\/p>\n<p class=\"postParagraph_post-paragraph__juWZN postParagraph_post-paragraph-innerHtml__Q5vwc\">A decis\u00e3o \u00e9 sigilosa e foi assinada nesta segunda-feira (26), segundo apura\u00e7\u00e3o da <em>CNN Brasil<\/em>. Os advogados argumentaram que o empres\u00e1rio n\u00e3o representa risco de fuga ou de atrapalhar as investiga\u00e7\u00f5es.<\/p>\n<p class=\"postParagraph_post-paragraph__juWZN postParagraph_post-paragraph-innerHtml__Q5vwc\">No entanto, Mendon\u00e7a considerou que os ind\u00edcios presentes nos autos indicam que Antunes pode voltar a praticar crimes e atrapalhar as investiga\u00e7\u00f5es em curso. Ele est\u00e1 preso desde setembro do ano passado no Complexo da Papuda, em Bras\u00edlia.<\/p>\n<div class=\"postViewMore_post-view-more-container___5wai\" data-mrf-recirculation=\"Post - Veja tamb\u00e9m\">\n<p class=\"gp-styles-module-size-small-afeYRa gp-styles-module-font-family2-afeYRa gp-styles-module-color-secondary-afeYRa gp-styles-module-weight-bold-afeYRa\">VEJA TAMB\u00c9M:<\/p>\n<ul class=\"postViewMore_post-view-more-list__CU_CE\">\n<li class=\"postViewMore_post-view-more-item__2MzRb\"><span class=\"postViewMore_post-view-more-link-icon___stPC\"><svg xmlns=\"http:\/\/www.w3.org\/2000\/svg\" width=\"16\" height=\"16\" viewbox=\"0 0 16 16\"><rect width=\"16\" height=\"16\" fill=\"none\"\/><g transform=\"translate(3 3)\"><path d=\"M22.5,15l3.4,3.4-3.4,3.4\" transform=\"translate(-15.896 -11.793)\" fill=\"none\" stroke=\"#717171\" stroke-linecap=\"round\" stroke-width=\"1.4\"\/><path d=\"M6,6v4.2a2.452,2.452,0,0,0,2.5,2.4H16\" transform=\"translate(-6 -6)\" fill=\"none\" stroke=\"#717171\" stroke-linecap=\"round\" stroke-width=\"1.4\"\/><\/g><\/svg><\/span><span class=\"postViewMore_post-view-more-link-text__hO_kM\">Caiado anuncia filia\u00e7\u00e3o ao PSD ao lado de Eduardo Leite e Ratinho Junior<\/span><\/li>\n<\/ul>\n<\/div>\n<p class=\"postParagraph_post-paragraph__juWZN postParagraph_post-paragraph-innerHtml__Q5vwc\">O Careca do INSS foi alvo da Opera\u00e7\u00e3o Sem Desconto, deflagrada pela Pol\u00edcia Federal para apurar o desconto ilegal em aposentadorias e pens\u00f5es do Instituto Nacional do Seguro Social (INSS). Segundo as investiga\u00e7\u00f5es, ele seria um dos principais operadores do esquema que pode ter desviado at\u00e9 R$ 6,3 bilh\u00f5es.<\/p>\n<p class=\"postParagraph_post-paragraph__juWZN postParagraph_post-paragraph-innerHtml__Q5vwc\">Em setembro de 2025, Antunes negou participa\u00e7\u00e3o no esquema durante um breve pronunciamento \u00e0 CPMI do INSS. Na ocasi\u00e3o, ele classificou sua pris\u00e3o preventiva como \u201cuma medida extremamente grave, baseada em premissa absolutamente equivocada\u201d.<\/p>\n<p class=\"postParagraph_post-paragraph__juWZN postParagraph_post-paragraph-innerHtml__Q5vwc\">\u201cA minha empresa sempre prestou servi\u00e7os a associa\u00e7\u00f5es tendo como destinat\u00e1rio final o aposentado associado, mas sem qualquer inger\u00eancia ou responsabilidade sobre os descontos incidentes em seus benef\u00edcios previdenci\u00e1rios. Tais descontos eram realizados diretamente pelas associa\u00e7\u00f5es\u201d, afirmou o empres\u00e1rio.<\/p>\n<p class=\"postParagraph_post-paragraph__juWZN postParagraph_post-paragraph-innerHtml__Q5vwc\">\u201cCaso algum aposentado tenha sofrido descontos indevidos, a responsabilidade a ser apurada recai sobre as associa\u00e7\u00f5es que eventualmente promoveram a inclus\u00e3o dessas pessoas em seus quadros associativos e sem a devida anu\u00eancia \u2014 jamais sobre a minha empresa, que se limitava \u00e0 presta\u00e7\u00e3o de servi\u00e7os contratados por tais entidades\u201d, acrescentou.<\/p>\n<\/div>\n<p><br \/>\n<br \/>Fonte: <a href=\"https:\/\/www.gazetadopovo.com.br\/republica\/mendonca-mantem-prisao-preventiva-do-careca-do-inss\/\">Revista Oeste<\/a><\/p>\n","protected":false},"excerpt":{"rendered":"<p>O ministro Andr\u00e9 Mendon\u00e7a, do Supremo Tribunal Federal (STF), rejeitou um pedido da defesa e manteve a pris\u00e3o preventiva do empres\u00e1rio Ant\u00f4nio Carlos Camilo Antunes, conhecido como Careca do INSS. A decis\u00e3o \u00e9 sigilosa e foi assinada nesta segunda-feira (26), segundo apura\u00e7\u00e3o da CNN Brasil. Os advogados argumentaram que o empres\u00e1rio n\u00e3o representa risco de [&hellip;]<\/p>\n","protected":false},"author":5,"featured_media":60037,"comment_status":"open","ping_status":"open","sticky":false,"template":"","format":"standard","meta":{"_seopress_robots_primary_cat":"","_seopress_titles_title":"","_seopress_titles_desc":"","_seopress_robots_index":"","footnotes":""},"categories":[1],"tags":[],"class_list":["post-60036","post","type-post","status-publish","format-standard","has-post-thumbnail","hentry","category-ultimas-noticias"],"_links":{"self":[{"href":"https:\/\/mussicom.com\/noticias\/wp-json\/wp\/v2\/posts\/60036","targetHints":{"allow":["GET"]}}],"collection":[{"href":"https:\/\/mussicom.com\/noticias\/wp-json\/wp\/v2\/posts"}],"about":[{"href":"https:\/\/mussicom.com\/noticias\/wp-json\/wp\/v2\/types\/post"}],"author":[{"embeddable":true,"href":"https:\/\/mussicom.com\/noticias\/wp-json\/wp\/v2\/users\/5"}],"replies":[{"embeddable":true,"href":"https:\/\/mussicom.com\/noticias\/wp-json\/wp\/v2\/comments?post=60036"}],"version-history":[{"count":0,"href":"https:\/\/mussicom.com\/noticias\/wp-json\/wp\/v2\/posts\/60036\/revisions"}],"wp:featuredmedia":[{"embeddable":true,"href":"https:\/\/mussicom.com\/noticias\/wp-json\/wp\/v2\/media\/60037"}],"wp:attachment":[{"href":"https:\/\/mussicom.com\/noticias\/wp-json\/wp\/v2\/media?parent=60036"}],"wp:term":[{"taxonomy":"category","embeddable":true,"href":"https:\/\/mussicom.com\/noticias\/wp-json\/wp\/v2\/categories?post=60036"},{"taxonomy":"post_tag","embeddable":true,"href":"https:\/\/mussicom.com\/noticias\/wp-json\/wp\/v2\/tags?post=60036"}],"curies":[{"name":"wp","href":"https:\/\/api.w.org\/{rel}","templated":true}]}}