{"id":60022,"date":"2026-01-27T22:49:51","date_gmt":"2026-01-28T01:49:51","guid":{"rendered":"https:\/\/mussicom.com\/lula-fala-sobre-holocausto-apos-flavio-chama-lo-de-antissemita\/"},"modified":"2026-01-27T22:49:51","modified_gmt":"2026-01-28T01:49:51","slug":"lula-fala-sobre-holocausto-apos-flavio-chama-lo-de-antissemita","status":"publish","type":"post","link":"https:\/\/mussicom.com\/noticias\/lula-fala-sobre-holocausto-apos-flavio-chama-lo-de-antissemita\/","title":{"rendered":"Lula fala sobre Holocausto ap\u00f3s Fl\u00e1vio cham\u00e1-lo de antissemita"},"content":{"rendered":"<p> <br \/>\n<\/p>\n<div id=\"tp-post-content\">\n<p class=\"postParagraph_post-paragraph__juWZN postParagraph_post-paragraph-innerHtml__Q5vwc\">O presidente Luiz In\u00e1cio Lula da Silva (PT) publicou nesta quarta-feira (27) uma nota em mem\u00f3ria das v\u00edtimas do Holocausto. A manifesta\u00e7\u00e3o ocorreu horas ap\u00f3s o senador e pr\u00e9-candidato \u00e0 Presid\u00eancia, Fl\u00e1vio Bolsonaro (PL-RJ), acus\u00e1-lo de antissemitismo durante um evento em Israel.<\/p>\n<p class=\"postParagraph_post-paragraph__juWZN postParagraph_post-paragraph-innerHtml__Q5vwc\">O petista afirmou que \u201c\u00e9 preciso recordar os horrores que a humanidade \u00e9 capaz de cometer contra o pr\u00f3prio ser humano\u201d, lembrando que \u201co autoritarismo, os discursos de \u00f3dio e o preconceito \u00e9tnico e religioso foram as pe\u00e7as com as quais essa grande trag\u00e9dia do s\u00e9culo XX foi constru\u00edda\u201d.<\/p>\n<p class=\"postParagraph_post-paragraph__juWZN postParagraph_post-paragraph-innerHtml__Q5vwc\">\u201cUm dia de defesa dos Direitos Humanos, da conviv\u00eancia pac\u00edfica e das institui\u00e7\u00f5es democr\u00e1ticas, elementos fundamentais do mundo mais justo que queremos deixar para as pr\u00f3ximas gera\u00e7\u00f5es\u201d, acrescentou o presidente.<\/p>\n<div class=\"postViewMore_post-view-more-container___5wai\" data-mrf-recirculation=\"Post - Veja tamb\u00e9m\">\n<p class=\"gp-styles-module-size-small-afeYRa gp-styles-module-font-family2-afeYRa gp-styles-module-color-secondary-afeYRa gp-styles-module-weight-bold-afeYRa\">VEJA TAMB\u00c9M:<\/p>\n<ul class=\"postViewMore_post-view-more-list__CU_CE\">\n<li class=\"postViewMore_post-view-more-item__2MzRb\"><span class=\"postViewMore_post-view-more-link-icon___stPC\"><svg xmlns=\"http:\/\/www.w3.org\/2000\/svg\" width=\"16\" height=\"16\" viewbox=\"0 0 16 16\"><rect width=\"16\" height=\"16\" fill=\"none\"\/><g transform=\"translate(3 3)\"><path d=\"M22.5,15l3.4,3.4-3.4,3.4\" transform=\"translate(-15.896 -11.793)\" fill=\"none\" stroke=\"#717171\" stroke-linecap=\"round\" stroke-width=\"1.4\"\/><path d=\"M6,6v4.2a2.452,2.452,0,0,0,2.5,2.4H16\" transform=\"translate(-6 -6)\" fill=\"none\" stroke=\"#717171\" stroke-linecap=\"round\" stroke-width=\"1.4\"\/><\/g><\/svg><\/span><span class=\"postViewMore_post-view-more-link-text__hO_kM\">Fachin indica que inqu\u00e9rito do Banco Master pode sair do STF<\/span><\/li>\n<\/ul>\n<\/div>\n<p class=\"postParagraph_post-paragraph__juWZN postParagraph_post-paragraph-innerHtml__Q5vwc\">Fl\u00e1vio e o ex-deputado federal Eduardo Bolsonaro (PL-SP) participaram da Confer\u00eancia Internacional de Combate ao Antissemitismo, no <em>Knesset<\/em>, o Parlamento israelense.<\/p>\n<p class=\"postParagraph_post-paragraph__juWZN postParagraph_post-paragraph-innerHtml__Q5vwc\">\u201cSob o governo do presidente Lula, a pol\u00edtica brasileira sofreu uma profunda falha moral. Deixe-me ser bem claro: Lula \u00e9 antissemita. Isso n\u00e3o \u00e9 um slogan, isso n\u00e3o \u00e9 exagero, isso se baseia em suas ideias, seus assessores, suas palavras e suas a\u00e7\u00f5es\u201d, disse o senador no evento.<\/p>\n<p class=\"postParagraph_post-paragraph__juWZN postParagraph_post-paragraph-innerHtml__Q5vwc\">Em 2024, o chefe do Executivo foi declarado \u201c<em>persona non grata<\/em>\u201d pelo governo de Israel ap\u00f3s comparar a ofensiva militar do pa\u00eds contra o grupo terrorista Hamas \u00e0s mortes de judeus no Holocausto.<\/p>\n<p class=\"postParagraph_post-paragraph__juWZN postParagraph_post-paragraph-innerHtml__Q5vwc\">\u201cSe Deus quiser, o pr\u00f3ximo presidente brasileiro n\u00e3o ser\u00e1 <em>persona non grata<\/em> em Israel\u201d, alfinetou Fl\u00e1vio ao final do discurso.<\/p>\n<h2 class=\"postParagraph_post-paragraph__juWZN postParagraph_post-paragraph-innerHtml__Q5vwc postParagraph_type-tag-h2__TtFkT\">Veja a \u00edntegra da nota de Lula<\/h2>\n<p class=\"postParagraph_post-paragraph__juWZN postParagraph_post-paragraph-innerHtml__Q5vwc\"><em>\u201cHoje \u2013 Dia Internacional em Mem\u00f3ria das V\u00edtimas do Holocausto \u2013 \u00e9 preciso recordar os horrores que a humanidade \u00e9 capaz de cometer contra o pr\u00f3prio ser humano. E lembrar que o autoritarismo, os discursos de \u00f3dio e o preconceito \u00e9tnico e religioso foram as pe\u00e7as com as quais essa grande trag\u00e9dia do s\u00e9culo XX foi constru\u00edda.<\/em><\/p>\n<p class=\"postParagraph_post-paragraph__juWZN postParagraph_post-paragraph-innerHtml__Q5vwc\"><em>Ainda em 2004, em encontro com Israel Singer, do Congresso Judaico Mundial, assinei a peti\u00e7\u00e3o \u00e0 ONU para instituir o 27 de janeiro \u2013 referente ao dia em que as atrocidades do campo de concentra\u00e7\u00e3o de Auschwitz foram reveladas \u2013 como uma data oficial.<\/em><\/p>\n<p class=\"postParagraph_post-paragraph__juWZN postParagraph_post-paragraph-innerHtml__Q5vwc\"><em>Um dia de recordar os que perderam suas vidas e prestar solidariedade \u00e0s milh\u00f5es de fam\u00edlias destru\u00eddas e ao sofrimento de todo um povo. Um dia de defesa dos Direitos Humanos, da conviv\u00eancia pac\u00edfica e das institui\u00e7\u00f5es democr\u00e1ticas, elementos fundamentais do mundo mais justo que queremos deixar para as pr\u00f3ximas gera\u00e7\u00f5es.\u201d<\/em><\/p>\n<\/div>\n<p><br \/>\n<br \/>Fonte: <a href=\"https:\/\/www.gazetadopovo.com.br\/republica\/lula-publica-nota-em-memoria-ao-holocausto-apos-flavio-chama-lo-de-antissemita\/\">Revista Oeste<\/a><\/p>\n","protected":false},"excerpt":{"rendered":"<p>O presidente Luiz In\u00e1cio Lula da Silva (PT) publicou nesta quarta-feira (27) uma nota em mem\u00f3ria das v\u00edtimas do Holocausto. A manifesta\u00e7\u00e3o ocorreu horas ap\u00f3s o senador e pr\u00e9-candidato \u00e0 Presid\u00eancia, Fl\u00e1vio Bolsonaro (PL-RJ), acus\u00e1-lo de antissemitismo durante um evento em Israel. O petista afirmou que \u201c\u00e9 preciso recordar os horrores que a humanidade \u00e9 [&hellip;]<\/p>\n","protected":false},"author":5,"featured_media":60023,"comment_status":"open","ping_status":"open","sticky":false,"template":"","format":"standard","meta":{"_seopress_robots_primary_cat":"","_seopress_titles_title":"","_seopress_titles_desc":"","_seopress_robots_index":"","footnotes":""},"categories":[1],"tags":[],"class_list":["post-60022","post","type-post","status-publish","format-standard","has-post-thumbnail","hentry","category-ultimas-noticias"],"_links":{"self":[{"href":"https:\/\/mussicom.com\/noticias\/wp-json\/wp\/v2\/posts\/60022","targetHints":{"allow":["GET"]}}],"collection":[{"href":"https:\/\/mussicom.com\/noticias\/wp-json\/wp\/v2\/posts"}],"about":[{"href":"https:\/\/mussicom.com\/noticias\/wp-json\/wp\/v2\/types\/post"}],"author":[{"embeddable":true,"href":"https:\/\/mussicom.com\/noticias\/wp-json\/wp\/v2\/users\/5"}],"replies":[{"embeddable":true,"href":"https:\/\/mussicom.com\/noticias\/wp-json\/wp\/v2\/comments?post=60022"}],"version-history":[{"count":0,"href":"https:\/\/mussicom.com\/noticias\/wp-json\/wp\/v2\/posts\/60022\/revisions"}],"wp:featuredmedia":[{"embeddable":true,"href":"https:\/\/mussicom.com\/noticias\/wp-json\/wp\/v2\/media\/60023"}],"wp:attachment":[{"href":"https:\/\/mussicom.com\/noticias\/wp-json\/wp\/v2\/media?parent=60022"}],"wp:term":[{"taxonomy":"category","embeddable":true,"href":"https:\/\/mussicom.com\/noticias\/wp-json\/wp\/v2\/categories?post=60022"},{"taxonomy":"post_tag","embeddable":true,"href":"https:\/\/mussicom.com\/noticias\/wp-json\/wp\/v2\/tags?post=60022"}],"curies":[{"name":"wp","href":"https:\/\/api.w.org\/{rel}","templated":true}]}}