{"id":60003,"date":"2026-01-27T20:44:08","date_gmt":"2026-01-27T23:44:08","guid":{"rendered":"https:\/\/mussicom.com\/prefeita-volta-a-pedir-apoio-do-estado-para-evitar-reflexos-negativos-das-chuvas-em-mongagua\/"},"modified":"2026-01-27T20:44:08","modified_gmt":"2026-01-27T23:44:08","slug":"prefeita-volta-a-pedir-apoio-do-estado-para-evitar-reflexos-negativos-das-chuvas-em-mongagua","status":"publish","type":"post","link":"https:\/\/mussicom.com\/noticias\/prefeita-volta-a-pedir-apoio-do-estado-para-evitar-reflexos-negativos-das-chuvas-em-mongagua\/","title":{"rendered":"Prefeita volta a pedir apoio do Estado para evitar reflexos negativos das chuvas em Mongagu\u00e1"},"content":{"rendered":"<p> <br \/>\n<\/p>\n<div id=\"texto\">\n<p>O pedido foi reiterado nesta segunda-feira (26\/01) durante encontro com o governador Tarc\u00edsio de Freitas, em evento realizado na cidade de Santos.<\/p>\n<p>\u00a0<\/p>\n<p>Na ocasi\u00e3o, a chefe do Executivo agradeceu a ajuda humanit\u00e1ria prestada pelo Estado, que possibilitou o atendimento \u00e0s fam\u00edlias afetadas pelas chuvas, ao mesmo tempo em que refor\u00e7ou a necessidade de novos investimentos voltados \u00e0 limpeza e ao desassoreamento de rios e canais.<\/p>\n<p>\u00a0<\/p>\n<p>Segundo a prefeita, as interven\u00e7\u00f5es estruturais s\u00e3o fundamentais para ampliar a capacidade de escoamento das \u00e1guas pluviais e reduzir os riscos de alagamentos em per\u00edodos de chuvas, especialmente em \u00e1reas mais vulner\u00e1veis, muitas das quais ainda se encontram alagadas.<\/p>\n<p>\u00a0<\/p>\n<p>Cristina destacou que Mongagu\u00e1 vem adotando medidas emergenciais e preventivas, mas ressaltou que o apoio estadual \u00e9 essencial para a execu\u00e7\u00e3o de a\u00e7\u00f5es de maior porte, que exigem recursos t\u00e9cnicos e financeiros mais robustos, como \u00e9 o caso da disponibiliza\u00e7\u00e3o da m\u00e1quina anf\u00edbio para desobstru\u00e7\u00e3o do curso dos rios.<\/p>\n<p>\u00a0<\/p>\n<p>Por fim, a chefe do Executivo lembrou que a Prefeitura, por meio do Gabinete de Crise, segue monitorando \u00e1reas de risco e adotando provid\u00eancias para garantir a seguran\u00e7a da popula\u00e7\u00e3o e encontrar solu\u00e7\u00f5es estruturantes para o enfrentamento dos efeitos clim\u00e1ticos extremos. O abrigo provis\u00f3rio organizado no Gin\u00e1sio de Esportes de Agenor de Campos, inclusive, pode ser reaberto a qualquer tempo.<\/p>\n<p>\u00a0<\/p>\n<p>O governador, ao avistar a prefeita, fez quest\u00e3o de cumpriment\u00e1-la e de perguntar se a ajuda humanit\u00e1ria havia chegado. Tarc\u00edsio de Freitas disse ainda que est\u00e1 em contato com a secret\u00e1ria estadual de Meio Ambiente, Infraestrutura e Log\u00edstica, Nat\u00e1lia Resende, e com a Defesa Civil para tentar viabilizar as demandas apresentadas por Cristina.\u00a0<\/p>\n<p>\u00a0<\/p>\n<p>Ao final, ele gravou um v\u00eddeo com uma mensagem \u00e0 popula\u00e7\u00e3o de Mongagu\u00e1 que dever\u00e1 ser veiculado nas redes sociais da chefe do Executivo.<br \/>&#13;<br \/>\n\u00a0<\/p>\n<\/p><\/div>\n<p><script async defer crossorigin=\"anonymous\" src=\"https:\/\/connect.facebook.net\/pt_BR\/sdk.js#xfbml=1&#038;version=v12.0&#038;appId=&#038;autoLogAppEvents=1\" nonce=\"ou0fI1lo\"><\/script><br \/>\n<br \/><br \/>\n<br \/>Fonte: <a href=\"https:\/\/www.bs9.com.br\/estado\/prefeita-volta-a-pedir-apoio-do-estado-para-evitar-reflexos-negativos\/37341\/\">BS9<\/a><\/p>\n","protected":false},"excerpt":{"rendered":"<p>O pedido foi reiterado nesta segunda-feira (26\/01) durante encontro com o governador Tarc\u00edsio de Freitas, em evento realizado na cidade de Santos. \u00a0 Na ocasi\u00e3o, a chefe do Executivo agradeceu a ajuda humanit\u00e1ria prestada pelo Estado, que possibilitou o atendimento \u00e0s fam\u00edlias afetadas pelas chuvas, ao mesmo tempo em que refor\u00e7ou a necessidade de novos [&hellip;]<\/p>\n","protected":false},"author":5,"featured_media":60004,"comment_status":"open","ping_status":"open","sticky":false,"template":"","format":"standard","meta":{"_seopress_robots_primary_cat":"","_seopress_titles_title":"","_seopress_titles_desc":"","_seopress_robots_index":"","footnotes":""},"categories":[52],"tags":[],"class_list":["post-60003","post","type-post","status-publish","format-standard","has-post-thumbnail","hentry","category-santoseregiao"],"_links":{"self":[{"href":"https:\/\/mussicom.com\/noticias\/wp-json\/wp\/v2\/posts\/60003","targetHints":{"allow":["GET"]}}],"collection":[{"href":"https:\/\/mussicom.com\/noticias\/wp-json\/wp\/v2\/posts"}],"about":[{"href":"https:\/\/mussicom.com\/noticias\/wp-json\/wp\/v2\/types\/post"}],"author":[{"embeddable":true,"href":"https:\/\/mussicom.com\/noticias\/wp-json\/wp\/v2\/users\/5"}],"replies":[{"embeddable":true,"href":"https:\/\/mussicom.com\/noticias\/wp-json\/wp\/v2\/comments?post=60003"}],"version-history":[{"count":0,"href":"https:\/\/mussicom.com\/noticias\/wp-json\/wp\/v2\/posts\/60003\/revisions"}],"wp:featuredmedia":[{"embeddable":true,"href":"https:\/\/mussicom.com\/noticias\/wp-json\/wp\/v2\/media\/60004"}],"wp:attachment":[{"href":"https:\/\/mussicom.com\/noticias\/wp-json\/wp\/v2\/media?parent=60003"}],"wp:term":[{"taxonomy":"category","embeddable":true,"href":"https:\/\/mussicom.com\/noticias\/wp-json\/wp\/v2\/categories?post=60003"},{"taxonomy":"post_tag","embeddable":true,"href":"https:\/\/mussicom.com\/noticias\/wp-json\/wp\/v2\/tags?post=60003"}],"curies":[{"name":"wp","href":"https:\/\/api.w.org\/{rel}","templated":true}]}}