{"id":59995,"date":"2026-01-27T20:39:15","date_gmt":"2026-01-27T23:39:15","guid":{"rendered":"https:\/\/mussicom.com\/moraes-arquiva-acao-contra-autores-da-vaza-toga-no-stf\/"},"modified":"2026-01-27T20:39:15","modified_gmt":"2026-01-27T23:39:15","slug":"moraes-arquiva-acao-contra-autores-da-vaza-toga-no-stf","status":"publish","type":"post","link":"https:\/\/mussicom.com\/noticias\/moraes-arquiva-acao-contra-autores-da-vaza-toga-no-stf\/","title":{"rendered":"Moraes arquiva a\u00e7\u00e3o contra autores da &#8220;Vaza Toga&#8221; no STF"},"content":{"rendered":"<p> <br \/>\n<\/p>\n<div id=\"tp-post-content\">\n<p class=\"postParagraph_post-paragraph__juWZN postParagraph_post-paragraph-innerHtml__Q5vwc\">O ministro Alexandre de Moraes, do Supremo Tribunal Federal (STF), arquivou a a\u00e7\u00e3o movida pela jornalista Let\u00edcia Sallorenzo contra os autores da reportagem \u201cVaza Toga\u201d e o ex-assessor Eduardo Tagliaferro. Acatando um parecer da Procuradoria-Geral da Rep\u00fablica (PGR), Moraes concluiu que n\u00e3o h\u00e1 provas m\u00ednimas de crime.<\/p>\n<h2 class=\"postParagraph_post-paragraph__juWZN postParagraph_post-paragraph-innerHtml__Q5vwc postParagraph_type-tag-h2__TtFkT\">Qual era a acusa\u00e7\u00e3o?<\/h2>\n<p class=\"postParagraph_post-paragraph__juWZN postParagraph_post-paragraph-innerHtml__Q5vwc\">Let\u00edcia Sallorenzo alegava ser v\u00edtima de uma \u201ccampanha difamat\u00f3ria sistem\u00e1tica\u201d para prejudicar sua imagem, sendo chamada de &#8220;bruxa do TSE&#8221; e &#8220;infiltrada&#8221;. Segundo ela, os ataques usavam a t\u00e1tica de \u201cfirehosing\u201d, que consiste em disparar um grande volume de mentiras repetitivas para confundir o p\u00fablico e destruir a credibilidade do alvo.<\/p>\n<h2 class=\"postParagraph_post-paragraph__juWZN postParagraph_post-paragraph-innerHtml__Q5vwc postParagraph_type-tag-h2__TtFkT\">Por que o STF arquivou o caso?<\/h2>\n<p class=\"postParagraph_post-paragraph__juWZN postParagraph_post-paragraph-innerHtml__Q5vwc\">Alexandre de Moraes concordou com o parecer do procurador-geral da Rep\u00fablica, Paulo Gonet, de que n\u00e3o havia \u201cind\u00edcios m\u00ednimos da ocorr\u00eancia de il\u00edcito penal\u201d. Segundo o ministro, as acusa\u00e7\u00f5es s\u00e3o de natureza pessoal, relacionadas \u00e0 \u201chonra individual\u201d da jornalista, e devem ser tratadas na Justi\u00e7a comum, n\u00e3o no STF.<\/p>\n<h2 class=\"postParagraph_post-paragraph__juWZN postParagraph_post-paragraph-innerHtml__Q5vwc postParagraph_type-tag-h2__TtFkT\">O que \u00e9 a \u201cVaza Toga\u201d?<\/h2>\n<p class=\"postParagraph_post-paragraph__juWZN postParagraph_post-paragraph-innerHtml__Q5vwc\">\u00c9 uma s\u00e9rie de reportagens baseada no vazamento de mensagens trocadas por ex-assessores de Alexandre de Moraes. Os di\u00e1logos indicam que a estrutura do Tribunal Superior Eleitoral (TSE) pode ter sido usada para subsidiar investiga\u00e7\u00f5es do STF, como o inqu\u00e9rito das fake news, em casos que n\u00e3o tinham rela\u00e7\u00e3o com as elei\u00e7\u00f5es.<\/p>\n<h2 class=\"postParagraph_post-paragraph__juWZN postParagraph_post-paragraph-innerHtml__Q5vwc postParagraph_type-tag-h2__TtFkT\">Quem \u00e9 Eduardo Tagliaferro?<\/h2>\n<p class=\"postParagraph_post-paragraph__juWZN postParagraph_post-paragraph-innerHtml__Q5vwc\">Ex-assessor de Moraes no TSE, Tagliaferro \u00e9 a figura central nos vazamentos. Em mensagens divulgadas, ele afirmou ter medo do ministro: \u201cSe eu falar algo, o Ministro me mata ou me prende\u201d. Atualmente, ele \u00e9 r\u00e9u no STF por crimes como viola\u00e7\u00e3o de sigilo e obstru\u00e7\u00e3o de Justi\u00e7a, e vive na It\u00e1lia, de onde o governo brasileiro pediu sua extradi\u00e7\u00e3o.<\/p>\n<h2 class=\"postParagraph_post-paragraph__juWZN postParagraph_post-paragraph-innerHtml__Q5vwc postParagraph_type-tag-h2__TtFkT\">Qual foi a base legal para a decis\u00e3o?<\/h2>\n<p class=\"postParagraph_post-paragraph__juWZN postParagraph_post-paragraph-innerHtml__Q5vwc\">Moraes destacou que uma investiga\u00e7\u00e3o criminal exige \u201cjusta causa\u201d, ou seja, provas m\u00ednimas de que um crime foi cometido e de quem o cometeu. Em sua an\u00e1lise, o ministro concluiu que os fatos apresentados por Let\u00edcia Sallorenzo n\u00e3o configuravam um crime que justificasse a abertura de um inqu\u00e9rito no Supremo Tribunal.<\/p>\n<p class=\"postParagraph_post-paragraph__juWZN postParagraph_post-paragraph-innerHtml__Q5vwc\"><i>Este conte\u00fado foi gerado com intelig\u00eancia artificial. Para acessar a informa\u00e7\u00e3o na \u00edntegra e se aprofundar sobre o tema consulte a reportagem a seguir.<\/i><\/p>\n<div class=\"postViewMore_post-view-more-container___5wai\" data-mrf-recirculation=\"Post - Veja tamb\u00e9m\">\n<p class=\"gp-styles-module-size-small-afeYRa gp-styles-module-font-family2-afeYRa gp-styles-module-color-secondary-afeYRa gp-styles-module-weight-bold-afeYRa\">VEJA TAMB\u00c9M:<\/p>\n<ul class=\"postViewMore_post-view-more-list__CU_CE\">\n<li class=\"postViewMore_post-view-more-item__2MzRb\"><span class=\"postViewMore_post-view-more-link-icon___stPC\"><svg xmlns=\"http:\/\/www.w3.org\/2000\/svg\" width=\"16\" height=\"16\" viewbox=\"0 0 16 16\"><rect width=\"16\" height=\"16\" fill=\"none\"\/><g transform=\"translate(3 3)\"><path d=\"M22.5,15l3.4,3.4-3.4,3.4\" transform=\"translate(-15.896 -11.793)\" fill=\"none\" stroke=\"#717171\" stroke-linecap=\"round\" stroke-width=\"1.4\"\/><path d=\"M6,6v4.2a2.452,2.452,0,0,0,2.5,2.4H16\" transform=\"translate(-6 -6)\" fill=\"none\" stroke=\"#717171\" stroke-linecap=\"round\" stroke-width=\"1.4\"\/><\/g><\/svg><\/span><span class=\"postViewMore_post-view-more-link-text__hO_kM\">Moraes arquiva a\u00e7\u00e3o contra autores da \u201cVaza Toga\u201d e Tagliaferro<\/span><\/li>\n<\/ul>\n<\/div>\n<\/div>\n<p><br \/>\n<br \/>Fonte: <a href=\"https:\/\/www.gazetadopovo.com.br\/republica\/moraes-arquiva-acao-contra-autores-da-vaza-toga-por-falta-de-provas\/\">Revista Oeste<\/a><\/p>\n","protected":false},"excerpt":{"rendered":"<p>O ministro Alexandre de Moraes, do Supremo Tribunal Federal (STF), arquivou a a\u00e7\u00e3o movida pela jornalista Let\u00edcia Sallorenzo contra os autores da reportagem \u201cVaza Toga\u201d e o ex-assessor Eduardo Tagliaferro. Acatando um parecer da Procuradoria-Geral da Rep\u00fablica (PGR), Moraes concluiu que n\u00e3o h\u00e1 provas m\u00ednimas de crime. Qual era a acusa\u00e7\u00e3o? Let\u00edcia Sallorenzo alegava ser [&hellip;]<\/p>\n","protected":false},"author":5,"featured_media":59996,"comment_status":"open","ping_status":"open","sticky":false,"template":"","format":"standard","meta":{"_seopress_robots_primary_cat":"","_seopress_titles_title":"","_seopress_titles_desc":"","_seopress_robots_index":"","footnotes":""},"categories":[1],"tags":[],"class_list":["post-59995","post","type-post","status-publish","format-standard","has-post-thumbnail","hentry","category-ultimas-noticias"],"_links":{"self":[{"href":"https:\/\/mussicom.com\/noticias\/wp-json\/wp\/v2\/posts\/59995","targetHints":{"allow":["GET"]}}],"collection":[{"href":"https:\/\/mussicom.com\/noticias\/wp-json\/wp\/v2\/posts"}],"about":[{"href":"https:\/\/mussicom.com\/noticias\/wp-json\/wp\/v2\/types\/post"}],"author":[{"embeddable":true,"href":"https:\/\/mussicom.com\/noticias\/wp-json\/wp\/v2\/users\/5"}],"replies":[{"embeddable":true,"href":"https:\/\/mussicom.com\/noticias\/wp-json\/wp\/v2\/comments?post=59995"}],"version-history":[{"count":0,"href":"https:\/\/mussicom.com\/noticias\/wp-json\/wp\/v2\/posts\/59995\/revisions"}],"wp:featuredmedia":[{"embeddable":true,"href":"https:\/\/mussicom.com\/noticias\/wp-json\/wp\/v2\/media\/59996"}],"wp:attachment":[{"href":"https:\/\/mussicom.com\/noticias\/wp-json\/wp\/v2\/media?parent=59995"}],"wp:term":[{"taxonomy":"category","embeddable":true,"href":"https:\/\/mussicom.com\/noticias\/wp-json\/wp\/v2\/categories?post=59995"},{"taxonomy":"post_tag","embeddable":true,"href":"https:\/\/mussicom.com\/noticias\/wp-json\/wp\/v2\/tags?post=59995"}],"curies":[{"name":"wp","href":"https:\/\/api.w.org\/{rel}","templated":true}]}}