{"id":5999,"date":"2025-03-15T17:25:02","date_gmt":"2025-03-15T20:25:02","guid":{"rendered":"https:\/\/www.mussicom.com\/previ-encerra-2024-com-deficit-de-quase-r-18-bilhoes-no-plano-1\/"},"modified":"2025-03-15T17:25:02","modified_gmt":"2025-03-15T20:25:02","slug":"previ-encerra-2024-com-deficit-de-quase-r-18-bilhoes-no-plano-1","status":"publish","type":"post","link":"https:\/\/mussicom.com\/noticias\/previ-encerra-2024-com-deficit-de-quase-r-18-bilhoes-no-plano-1\/","title":{"rendered":"Previ encerra 2024 com d\u00e9ficit de quase R$ 18 bilh\u00f5es no &#8216;Plano 1&#8217;"},"content":{"rendered":"<p> <br \/>\n<\/p>\n<div id=\"hd80s9wa1h892edh8192\">\n<p>A <strong>Caixa de Previd\u00eancia dos Funcion\u00e1rios do Banco do Brasil (Previ)<\/strong> anunciou nesta quinta-feira, 13, que o Plano 1, o maior da funda\u00e7\u00e3o, encerrou 2024 com um <strong>d\u00e9ficit<\/strong> de R$ 17,6 bilh\u00f5es.<\/p>\n<p>O fundo, que possui um patrim\u00f4nio de R$ 240 bilh\u00f5es, j\u00e1 acumulava um preju\u00edzo de R$ 14 bilh\u00f5es at\u00e9 novembro do ano passado. O Tribunal de Contas da Uni\u00e3o (TCU) estabeleceu uma auditoria para investigar as causas do d\u00e9ficit e identificar os poss\u00edveis preju\u00edzos.<\/p>\n<p><strong>+ Leia mais not\u00edcias de Economia em Oeste <\/strong><\/p>\n<p>Especula-se que a principal raz\u00e3o para o desempenho negativo do Plano 1 seja a baixa rentabilidade do segmento de renda vari\u00e1vel. Esse segmento registrou uma queda de 12,02% em 2024.<\/p>\n<p>Em contrapartida, os investimentos no exterior se destacaram, com um retorno de 40,4%, compensando parcialmente o desempenho ruim no mercado dom\u00e9stico.<\/p>\n<figure class=\"wp-block-embed aligncenter is-type-video is-provider-youtube wp-block-embed-youtube wp-embed-aspect-16-9 wp-has-aspect-ratio\">\n<div class=\"wp-block-embed__wrapper\">\n<div class=\"perfmatters-lazy-youtube\" data-src=\"https:\/\/www.youtube.com\/embed\/dFJOPmdyTdI\" data-id=\"dFJOPmdyTdI\" data-query=\"feature=oembed\" onclick=\"perfmattersLazyLoadYouTube(this);\">\n<div><img fetchpriority=\"high\" decoding=\"async\" src=\"https:\/\/i.ytimg.com\/vi\/dFJOPmdyTdI\/hqdefault.jpg\" alt=\"YouTube video\" width=\"480\" height=\"360\" data-pin-nopin=\"true\" nopin=\"nopin\"\/><\/div>\n<\/div>\n<p><noscript><iframe title=\"Haddad anuncia f\u00e9rias em meio a d\u00f3lar nas alturas e economia no buraco\" width=\"800\" height=\"450\" src=\"https:\/\/www.youtube.com\/embed\/dFJOPmdyTdI?feature=oembed\" frameborder=\"0\" allow=\"accelerometer; autoplay; clipboard-write; encrypted-media; gyroscope; picture-in-picture; web-share\" referrerpolicy=\"strict-origin-when-cross-origin\" allowfullscreen><\/iframe><\/noscript>\n<\/div>\n<\/figure>\n<p>A Previ explica que as oscila\u00e7\u00f5es de mercado impactaram o desempenho dos investimentos, consumindo o super\u00e1vit de R$ 14,5 bilh\u00f5es acumulado em 2023.<\/p>\n<p>Segundo a funda\u00e7\u00e3o, esse tipo de flutua\u00e7\u00e3o \u00e9 comum no mercado financeiro brasileiro, e a estrat\u00e9gia da Previ \u00e9 focada no longo prazo. Mesmo com o resultado negativo, a funda\u00e7\u00e3o garantiu que mant\u00e9m a solidez e a capacidade de pagar benef\u00edcios.<\/p>\n<h2 class=\"wp-block-heading\"><strong>TCU apura d\u00e9ficit no Previ <\/strong><\/h2>\n<p>O TCU busca apurar o fluxo negativo de R$ 14 bilh\u00f5es no Plano 1 entre janeiro e novembro de 2024. O procedimento ainda n\u00e3o tem data definida para ser conclu\u00eddo.<\/p>\n<p>O ministro Walton Alencar, relator do processo, afirmou que o objetivo da auditoria \u00e9 investigar toda a governan\u00e7a da Previ e as decis\u00f5es de investimento da entidade.<\/p>\n<p><strong>+ Leia tamb\u00e9m: \u201cFedera\u00e7\u00e3o Brasileira de Bancos afirma que consignado de Lula deve evitar juros abusivos\u201d <\/strong><\/p>\n<p>Al\u00e9m disso, a Previ, maior funda\u00e7\u00e3o de Previd\u00eancia complementar do pa\u00eds, gerencia R$ 270 bilh\u00f5es em investimentos.<\/p>\n<p>Com 84 mil funcion\u00e1rios do Banco do Brasil como participantes e 109 mil benefici\u00e1rios, o fundo destaca que, apesar da volatilidade de 2024, n\u00e3o h\u00e1 risco de equacionamento ou necessidade de contribui\u00e7\u00f5es extraordin\u00e1rias por parte dos associados ou do banco.<\/p>\n<\/p><\/div>\n<p><br \/>\n<br \/>Fonte: <a href=\"https:\/\/revistaoeste.com\/economia\/previ-encerra-2024-com-deficit-de-quase-rs-18-bilhoes-no-plano-1\/\">Revista oeste<\/a><\/p>\n","protected":false},"excerpt":{"rendered":"<p>A Caixa de Previd\u00eancia dos Funcion\u00e1rios do Banco do Brasil (Previ) anunciou nesta quinta-feira, 13, que o Plano 1, o maior da funda\u00e7\u00e3o, encerrou 2024 com um d\u00e9ficit de R$ 17,6 bilh\u00f5es. O fundo, que possui um patrim\u00f4nio de R$ 240 bilh\u00f5es, j\u00e1 acumulava um preju\u00edzo de R$ 14 bilh\u00f5es at\u00e9 novembro do ano passado. [&hellip;]<\/p>\n","protected":false},"author":5,"featured_media":6001,"comment_status":"open","ping_status":"open","sticky":false,"template":"","format":"standard","meta":{"_seopress_robots_primary_cat":"","_seopress_titles_title":"","_seopress_titles_desc":"","_seopress_robots_index":"","footnotes":""},"categories":[45],"tags":[],"class_list":["post-5999","post","type-post","status-publish","format-standard","has-post-thumbnail","hentry","category-economia"],"_links":{"self":[{"href":"https:\/\/mussicom.com\/noticias\/wp-json\/wp\/v2\/posts\/5999","targetHints":{"allow":["GET"]}}],"collection":[{"href":"https:\/\/mussicom.com\/noticias\/wp-json\/wp\/v2\/posts"}],"about":[{"href":"https:\/\/mussicom.com\/noticias\/wp-json\/wp\/v2\/types\/post"}],"author":[{"embeddable":true,"href":"https:\/\/mussicom.com\/noticias\/wp-json\/wp\/v2\/users\/5"}],"replies":[{"embeddable":true,"href":"https:\/\/mussicom.com\/noticias\/wp-json\/wp\/v2\/comments?post=5999"}],"version-history":[{"count":0,"href":"https:\/\/mussicom.com\/noticias\/wp-json\/wp\/v2\/posts\/5999\/revisions"}],"wp:featuredmedia":[{"embeddable":true,"href":"https:\/\/mussicom.com\/noticias\/wp-json\/wp\/v2\/media\/6001"}],"wp:attachment":[{"href":"https:\/\/mussicom.com\/noticias\/wp-json\/wp\/v2\/media?parent=5999"}],"wp:term":[{"taxonomy":"category","embeddable":true,"href":"https:\/\/mussicom.com\/noticias\/wp-json\/wp\/v2\/categories?post=5999"},{"taxonomy":"post_tag","embeddable":true,"href":"https:\/\/mussicom.com\/noticias\/wp-json\/wp\/v2\/tags?post=5999"}],"curies":[{"name":"wp","href":"https:\/\/api.w.org\/{rel}","templated":true}]}}