{"id":59980,"date":"2026-01-27T19:35:17","date_gmt":"2026-01-27T22:35:17","guid":{"rendered":"https:\/\/mussicom.com\/inep-emitira-declaracao-do-ensino-medio-a-partir-de-sexta-feira\/"},"modified":"2026-01-27T19:35:17","modified_gmt":"2026-01-27T22:35:17","slug":"inep-emitira-declaracao-do-ensino-medio-a-partir-de-sexta-feira","status":"publish","type":"post","link":"https:\/\/mussicom.com\/noticias\/inep-emitira-declaracao-do-ensino-medio-a-partir-de-sexta-feira\/","title":{"rendered":"Inep emitir\u00e1 declara\u00e7\u00e3o do ensino m\u00e9dio a partir de sexta-feira"},"content":{"rendered":"<p> <br \/>\n<\/p>\n<div>\n<p><strong>Cerca de 100 mil estudantes que fizeram o Exame Nacional do Ensino M\u00e9dio (Enem) com o objetivo de obter a\u00a0certifica\u00e7\u00e3o dessa etapa\u00a0poder\u00e3o pedir,\u00a0a partir de\u00a0sexta-feira (30), a emiss\u00e3o da\u00a0declara\u00e7\u00e3o autenticada de conclus\u00e3o. O pedido dever\u00e1 ser feito de forma <em>online<\/em>, no portal do\u00a0Instituto Nacional de Estudos e Pesquisas Educacionais An\u00edsio Teixeira (Inep),\u00a0pelos candidatos com 18 anos ou mais que fizeram o Enem e atingiram a pontua\u00e7\u00e3o m\u00ednima exigida no edital para conquistar o \u201cdiploma\u201d.<\/strong> O endere\u00e7o para fazer o requerimento no portal do Inep ainda ser\u00e1 disponibilizado.<img decoding=\"async\" src=\"https:\/\/agenciabrasil.ebc.com.br\/ebc.gif?id=1676214&amp;o=node\" style=\"width:1px; height:1px; display:inline;\"\/><\/p>\n<blockquote>\n<p>\u201cA partir da sexta-feira [30], quem quiser baixar e imprimir uma declara\u00e7\u00e3o do Inep autenticada, dizendo que alcan\u00e7ou a pontua\u00e7\u00e3o adequada para a certifica\u00e7\u00e3o de conclus\u00e3o e tem mais de 18 anos e, portanto, atende os crit\u00e9rios, ter\u00e1 a documenta\u00e7\u00e3o afirmando que ele atendeu as condi\u00e7\u00f5es necess\u00e1rias\u201d, informou\u00a0o presidente do Inep,\u00a0Manuel Palacios, em entrevista \u00e0 <strong>Ag\u00eancia Brasil<\/strong>.<\/p>\n<\/blockquote>\n<p>Ele aponta que \u00e9 bastante comum que as institui\u00e7\u00f5es de ensino superior, sobretudo as p\u00fablicas, aceitem a declara\u00e7\u00e3o de conclus\u00e3o do ensino m\u00e9dio antes do certificado oficial de conclus\u00e3o.\u00a0A estrat\u00e9gia busca resolver o impasse dos candidatos que temiam o indeferimento da matr\u00edcula por n\u00e3o possu\u00edrem o diploma f\u00edsico ou digital emitido pelas secretarias de Educa\u00e7\u00e3o.<\/p>\n<p><strong>Sobre o Sistema de Sele\u00e7\u00e3o Unificada (Sisu) 2026, o presidente do Inep afirmou que as inscri\u00e7\u00f5es, encerradas na \u00faltima sexta-feira (23), n\u00e3o ser\u00e3o reabertas para os\u00a0candidatos que n\u00e3o se inscreveram por entender erroneamente que precisariam obter antes o certificado de conclus\u00e3o do ensino m\u00e9dio. Palacios esclareceu que a apresenta\u00e7\u00e3o do certificado de conclus\u00e3o do ensino m\u00e9dio n\u00e3o foi necess\u00e1ria para a inscri\u00e7\u00e3o no Sisu.<\/strong><\/p>\n<p>Segundo ele, o sistema de sele\u00e7\u00e3o para universidades e institutos federais j\u00e1 foi atualizado com os dados dos candidatos do Enem.\u00a0Isso significa que aqueles que atingiram as notas m\u00ednimas para a certifica\u00e7\u00e3o do ensino m\u00e9dio via exame j\u00e1 estavam devidamente habilitados no sistema, o que garantiu que pudessem realizar suas inscri\u00e7\u00f5es no Sisu dentro do prazo oficial, sem a necessidade de outros documentos.<\/p>\n<p>\u201cO sistema que realiza a distribui\u00e7\u00e3o dos estudantes, de acordo com a sua pontua\u00e7\u00e3o no Enem para os diferentes cursos das universidades federais e institutos federais, n\u00e3o exige qualquer documento de comprova\u00e7\u00e3o de conclus\u00e3o do ensino m\u00e9dio. O Sisu recebe os nomes daqueles que fizeram o Enem e t\u00eam condi\u00e7\u00f5es de entrar na universidade. O Sisu n\u00e3o exige nenhum tipo de documento de conclus\u00e3o do ensino m\u00e9dio\u201d, refor\u00e7ou Palacios, ao negar que haver\u00e1 o lan\u00e7amento de um aplicativo para emiss\u00e3o de diploma do ensino m\u00e9dio.<\/p>\n<p>O presidente do Inep\u00a0explicou que o sistema do Sisu j\u00e1 processou as informa\u00e7\u00f5es de aproximadamente 100 mil estudantes que j\u00e1 haviam manifestado interesse na certifica\u00e7\u00e3o durante a inscri\u00e7\u00e3o e outros quase 20 mil que, embora n\u00e3o tenham feito a solicita\u00e7\u00e3o pr\u00e9via, atingiram os crit\u00e9rios necess\u00e1rios (ter 18 anos ou mais e obter pelo menos 450 pontos em cada \u00e1rea do conhecimento e 500 na reda\u00e7\u00e3o).<\/p>\n<p><strong>Com a integra\u00e7\u00e3o desses dados, o instituto garante que o desempenho desses participantes j\u00e1 estava validado pelo Sisu para fins de ingresso nas faculdades.<\/strong><\/p>\n<h2>Candidatos aptos<\/h2>\n<p><strong>Nesta quinta-feira (29), o Inep enviar\u00e1 \u00e0s institui\u00e7\u00f5es p\u00fablicas de ensino superior as listas de classifica\u00e7\u00e3o dos candidatos aprovados no Enem que se inscreveram no Sisu at\u00e9 a \u00faltima semana e est\u00e3o habilitados \u00e0 matr\u00edcula naquela universidade ou instituto federal.<\/strong><br \/>O Inep refor\u00e7a que a divulga\u00e7\u00e3o da lista com os nomes dos candidatos aprovados independe\u00a0de eles terem ou n\u00e3o o certificado de conclus\u00e3o do ensino m\u00e9dio.<\/p>\n<p>O presidente do Inep acrescentou que, junto com este resultado, os institutos federais e as universidades federais participantes do Sisu j\u00e1 receberam uma circular do Minist\u00e9rio da Educa\u00e7\u00e3o (MEC) com orienta\u00e7\u00f5es sobre como o\u00a0processo ocorre. \u201cA partir desta lista, elas [as institui\u00e7\u00f5es p\u00fablicas de ensino superior] come\u00e7ar\u00e3o a chamar esses candidatos para que fa\u00e7am a matr\u00edcula.\u201d<\/p>\n<h2>Matr\u00edcula no ensino superior<\/h2>\n<p><strong>A partir de 2 de fevereiro, a matr\u00edcula do Sisu 2025 ser\u00e1 realizada diretamente na institui\u00e7\u00e3o de ensino superior.<\/strong>\u00a0Os candidatos pr\u00e9-selecionados dever\u00e3o apresentar a documenta\u00e7\u00e3o necess\u00e1ria como carteira de identidade, Cadastro de Pessoas F\u00edsica (CPF), certificado de conclus\u00e3o do ensino m\u00e9dio, comprovante de resid\u00eancia e, para cotas, comprova\u00e7\u00e3o de renda e autodeclara\u00e7\u00e3o, conforme exig\u00eancias de cada universidade.<\/p>\n<p>O presidente do Inep tranquiliza os inscritos no Sisu. \u201c\u00c9 importante que todos saibam que est\u00e3o legitimamente habilitados a todos os processos que correm pelo MEC para fins de sele\u00e7\u00e3o de quem fez o Enem para as institui\u00e7\u00f5es de ensino superior. N\u00e3o h\u00e1 qualquer restri\u00e7\u00e3o. Agora, a matr\u00edcula ser\u00e1 feita diretamente nas institui\u00e7\u00f5es.\u201d<\/p>\n<h2>Certifica\u00e7\u00e3o digital<\/h2>\n<p><strong>O Inep adiantou que, a partir deste 2026, o certificado de conclus\u00e3o do ensino m\u00e9dio poder\u00e1 ser solicitado digitalmente, diretamente na plataforma do instituto, com autentica\u00e7\u00e3o do portal Gov.br.\u00a0A partir de 2 de mar\u00e7o, abre-se o prazo para a solicita\u00e7\u00e3o deste diploma oficial com validade permanente que passar\u00e1 a ser 100% digital.<\/strong><\/p>\n<p>A iniciativa acabar\u00e1 com a necessidade de deslocamento f\u00edsico dos estudantes at\u00e9 escolas ou redes conveniadas para fazer a mesma solicita\u00e7\u00e3o.<\/p>\n<p>De acordo com o presidente do Inep, o pedido ser\u00e1 encaminhado automaticamente para um dos cinco institutos federais (IFs) parceiros do Inep.<\/p>\n<p>&#8220;\u00c9 a primeira vez que se faz uma certifica\u00e7\u00e3o de ensino m\u00e9dio digital. Vai ser um processo bem mais f\u00e1cil do que era at\u00e9 recentemente.&#8221;<\/p>\n<p>Para evitar sobrecarga no sistema, o Inep est\u00e1 fechando parcerias com cinco institutos federais, sendo um em cada regi\u00e3o do pa\u00eds. Atualmente, o Instituto Federal de S\u00e3o Paulo (IFSP) \u00e9 o respons\u00e1vel por testar a tecnologia que servir\u00e1 de base para todo o Brasil.<\/p>\n<h2>Prouni<\/h2>\n<p>O documento que certifica a conclus\u00e3o do ensino m\u00e9dio tamb\u00e9m n\u00e3o ser\u00e1 exigido no processo de inscri\u00e7\u00e3o de quem quer se candidatar a uma das vagas do processo seletivo do primeiro\u00a0semestre de 2026 do Programa Universidade para Todos (Prouni). As inscri\u00e7\u00f5es gratuitas est\u00e3o abertas at\u00e9 quinta-feira no Portal \u00danico de Acesso ao Ensino Superior.<\/p>\n<p>Para auxiliar os estudantes na inscri\u00e7\u00e3o, o MEC\u00a0elaborou um passo a passo indicando as principais etapas e os documentos necess\u00e1rios.<\/p>\n<p>Com mais de 594 mil bolsas, essa \u00e9 a maior oferta da hist\u00f3ria do Prouni.\u00a0O resultado da primeira chamada ser\u00e1 disponibilizado no dia 3 de fevereiro, e o prazo para apresentar as documenta\u00e7\u00f5es necess\u00e1rias \u00e0s universidades e faculdades vai de 3 a 13 de fevereiro de 2026.<\/p>\n<p>      <!-- Relacionada --><\/p>\n<p>            <!-- Relacionada -->\n    <\/div>\n<p><br \/>\n<br \/>Fonte: <a href=\"https:\/\/agenciabrasil.ebc.com.br\/educacao\/noticia\/2026-01\/inep-emitira-declaracao-do-ensino-medio-a-partir-de-sexta-feira\">Ag\u00eancia Brasil<\/a><\/p>\n","protected":false},"excerpt":{"rendered":"<p>Cerca de 100 mil estudantes que fizeram o Exame Nacional do Ensino M\u00e9dio (Enem) com o objetivo de obter a\u00a0certifica\u00e7\u00e3o dessa etapa\u00a0poder\u00e3o pedir,\u00a0a partir de\u00a0sexta-feira (30), a emiss\u00e3o da\u00a0declara\u00e7\u00e3o autenticada de conclus\u00e3o. O pedido dever\u00e1 ser feito de forma online, no portal do\u00a0Instituto Nacional de Estudos e Pesquisas Educacionais An\u00edsio Teixeira (Inep),\u00a0pelos candidatos com 18 [&hellip;]<\/p>\n","protected":false},"author":5,"featured_media":55425,"comment_status":"open","ping_status":"open","sticky":false,"template":"","format":"standard","meta":{"_seopress_robots_primary_cat":"","_seopress_titles_title":"","_seopress_titles_desc":"","_seopress_robots_index":"","footnotes":""},"categories":[44],"tags":[],"class_list":["post-59980","post","type-post","status-publish","format-standard","has-post-thumbnail","hentry","category-educacao"],"_links":{"self":[{"href":"https:\/\/mussicom.com\/noticias\/wp-json\/wp\/v2\/posts\/59980","targetHints":{"allow":["GET"]}}],"collection":[{"href":"https:\/\/mussicom.com\/noticias\/wp-json\/wp\/v2\/posts"}],"about":[{"href":"https:\/\/mussicom.com\/noticias\/wp-json\/wp\/v2\/types\/post"}],"author":[{"embeddable":true,"href":"https:\/\/mussicom.com\/noticias\/wp-json\/wp\/v2\/users\/5"}],"replies":[{"embeddable":true,"href":"https:\/\/mussicom.com\/noticias\/wp-json\/wp\/v2\/comments?post=59980"}],"version-history":[{"count":0,"href":"https:\/\/mussicom.com\/noticias\/wp-json\/wp\/v2\/posts\/59980\/revisions"}],"wp:featuredmedia":[{"embeddable":true,"href":"https:\/\/mussicom.com\/noticias\/wp-json\/wp\/v2\/media\/55425"}],"wp:attachment":[{"href":"https:\/\/mussicom.com\/noticias\/wp-json\/wp\/v2\/media?parent=59980"}],"wp:term":[{"taxonomy":"category","embeddable":true,"href":"https:\/\/mussicom.com\/noticias\/wp-json\/wp\/v2\/categories?post=59980"},{"taxonomy":"post_tag","embeddable":true,"href":"https:\/\/mussicom.com\/noticias\/wp-json\/wp\/v2\/tags?post=59980"}],"curies":[{"name":"wp","href":"https:\/\/api.w.org\/{rel}","templated":true}]}}