{"id":59973,"date":"2026-01-27T18:41:44","date_gmt":"2026-01-27T21:41:44","guid":{"rendered":"https:\/\/mussicom.com\/governo-de-sp-entrega-obras-de-revitalizacao-do-mercado-municipal-de-santos\/"},"modified":"2026-01-27T18:41:44","modified_gmt":"2026-01-27T21:41:44","slug":"governo-de-sp-entrega-obras-de-revitalizacao-do-mercado-municipal-de-santos","status":"publish","type":"post","link":"https:\/\/mussicom.com\/noticias\/governo-de-sp-entrega-obras-de-revitalizacao-do-mercado-municipal-de-santos\/","title":{"rendered":"Governo de SP entrega obras de revitaliza\u00e7\u00e3o do Mercado Municipal de Santos"},"content":{"rendered":"<p> <br \/>\n<\/p>\n<div id=\"texto\">\n<p>O Governo de S\u00e3o Paulo entregou nesta segunda-feira (26) a revitaliza\u00e7\u00e3o do Mercado Municipal de Santos, no centro hist\u00f3rico da cidade. O Estado destinou R$ 18,1 milh\u00f5es para as obras, que t\u00eam como objetivo refor\u00e7ar o turismo local, incentivar a economia criativa e impulsionar gera\u00e7\u00e3o de emprego e renda na regi\u00e3o da Baixada Santista.<\/p>\n<p>\u00a0<\/p>\n<p>O Mercado Municipal foi contemplado como parte do Distrito Tur\u00edstico de Santos em 2024, pelo Governo do Estado, composto por \u00e1reas estrat\u00e9gicas como Centro Hist\u00f3rico \u2013 Valongo e Vila Belmiro. O distrito tem um modelo de organiza\u00e7\u00e3o com foco na atra\u00e7\u00e3o de investimentos p\u00fablicos e privados, gerando benef\u00edcios econ\u00f4micos, fiscais e de cr\u00e9dito, al\u00e9m do aumento no fluxo de turistas.<\/p>\n<p>\u00a0<\/p>\n<p>\u201cEsse equipamento vai se integrar muito bem aqui e ser\u00e1 um dos vetores do Centro Hist\u00f3rico de Santos. Criamos o distrito tur\u00edstico justamente para ver essa \u00e1rea sendo revitalizada. O Mercado ser\u00e1 dedicado \u00e0 cultura e ao lazer e vai proporcionar um maior fluxo de turistas. A cidade de Santos ganha muito no dia de hoje\u201d, afirmou o governador Tarc\u00edsio de Freitas.<\/p>\n<p>\u00a0<\/p>\n<p>As melhorias incluem novas estruturas met\u00e1licas e de concreto, pisos de porcelanato, cer\u00e2mica nas paredes, forro de gesso, guarda-corpo, alvenaria e fechamentos, pinturas, novas instala\u00e7\u00f5es de climatiza\u00e7\u00e3o, de g\u00e1s, hidrossanit\u00e1rias e el\u00e9tricas, com ilumina\u00e7\u00e3o de LED; al\u00e9m de elevador, impermeabiliza\u00e7\u00e3o, reservat\u00f3rios de concreto e novas estruturas de combate a inc\u00eandio, de acessibilidade e de paisagismo.<\/p>\n<p>\u00a0<\/p>\n<p>Recursos<br \/>&#13;<br \/>\nNos \u00faltimos tr\u00eas anos, o governo transferiu R$ 70.335.282,41 em recursos ao munic\u00edpio de Santos, que pertence \u00e0 Regi\u00e3o Administrativa de Santos, a qual, por sua vez, recebeu o repasse de R$ 210.804.450,30, via Departamento de Apoio ao Desenvolvimento dos Munic\u00edpios Tur\u00edsticos (Dadetur), ligado \u00e0 Secretaria de Turismo e Viagens (Setur-SP).<\/p>\n<p>\u00a0<\/p>\n<p>Das nove cidades da regi\u00e3o administrativa de Santos, oito s\u00e3o est\u00e2ncias (Bertioga, Guaruj\u00e1, Itanha\u00e9m, Mongagu\u00e1, Peru\u00edbe, Praia Grande, Santos e S\u00e3o Vicente) enquanto Cubat\u00e3o \u00e9 Munic\u00edpio de Interesse Tur\u00edstico (MIT).<\/p>\n<p>\u00a0<\/p>\n<p>\u201cUm equipamento como o Mercado Municipal de Santos \u00e9 a demonstra\u00e7\u00e3o de que o Governo do Estado, ao investir no turismo de compras, servi\u00e7os e no artesanato, proporciona ao visitante que vem \u00e0 cidade conhecer atra\u00e7\u00f5es variadas e levar o melhor em termos de experi\u00eancia\u201d, disse o secret\u00e1rio estadual de Turismo e Viagens, Roberto de Lucena.<\/p>\n<p>\u00a0<\/p>\n<p>Turismo em Santos<br \/>&#13;<br \/>\nSantos \u00e9 est\u00e2ncia tur\u00edstica desde 1910, pertence \u00e0 Regi\u00e3o Tur\u00edstica Costa da Mata Atl\u00e2ntica e \u00e9 a maior cidade da Baixada Santista. Em 2025, recebeu um total de 1,4 milh\u00e3o de visitantes em seus equipamentos tur\u00edsticos ao longo do ano, com pico de 1,1 milh\u00e3o de turistas apenas entre o Natal e o Ano Novo, representando um recorde para a \u00faltima d\u00e9cada.<\/p>\n<p>\u00a0<\/p>\n<p>Santos apresenta diversos atrativos tur\u00edsticos, com destaque para o Aqu\u00e1rio, o Orquid\u00e1rio, o Monte Serrat, o Museu Pel\u00e9, o Museu do Caf\u00e9, entre outros. A cidade disp\u00f5e do maior jardim de orla de praia do mundo, segundo o livro Guinness dos Recordes, com mais de 7 km de canteiros, monumentos e diversas esp\u00e9cies de plantas e \u00e1rvores.<\/p>\n<\/p><\/div>\n<p><script async defer crossorigin=\"anonymous\" src=\"https:\/\/connect.facebook.net\/pt_BR\/sdk.js#xfbml=1&#038;version=v12.0&#038;appId=&#038;autoLogAppEvents=1\" nonce=\"ou0fI1lo\"><\/script><br \/>\n<br \/><br \/>\n<br \/>Fonte: <a href=\"https:\/\/www.bs9.com.br\/estado\/governo-de-sp-entrega-obras-de-revitalizacao-do-mercado-municipal-de\/37343\/\">BS9<\/a><\/p>\n","protected":false},"excerpt":{"rendered":"<p>O Governo de S\u00e3o Paulo entregou nesta segunda-feira (26) a revitaliza\u00e7\u00e3o do Mercado Municipal de Santos, no centro hist\u00f3rico da cidade. O Estado destinou R$ 18,1 milh\u00f5es para as obras, que t\u00eam como objetivo refor\u00e7ar o turismo local, incentivar a economia criativa e impulsionar gera\u00e7\u00e3o de emprego e renda na regi\u00e3o da Baixada Santista. \u00a0 [&hellip;]<\/p>\n","protected":false},"author":5,"featured_media":59974,"comment_status":"open","ping_status":"open","sticky":false,"template":"","format":"standard","meta":{"_seopress_robots_primary_cat":"","_seopress_titles_title":"","_seopress_titles_desc":"","_seopress_robots_index":"","footnotes":""},"categories":[52],"tags":[],"class_list":["post-59973","post","type-post","status-publish","format-standard","has-post-thumbnail","hentry","category-santoseregiao"],"_links":{"self":[{"href":"https:\/\/mussicom.com\/noticias\/wp-json\/wp\/v2\/posts\/59973","targetHints":{"allow":["GET"]}}],"collection":[{"href":"https:\/\/mussicom.com\/noticias\/wp-json\/wp\/v2\/posts"}],"about":[{"href":"https:\/\/mussicom.com\/noticias\/wp-json\/wp\/v2\/types\/post"}],"author":[{"embeddable":true,"href":"https:\/\/mussicom.com\/noticias\/wp-json\/wp\/v2\/users\/5"}],"replies":[{"embeddable":true,"href":"https:\/\/mussicom.com\/noticias\/wp-json\/wp\/v2\/comments?post=59973"}],"version-history":[{"count":0,"href":"https:\/\/mussicom.com\/noticias\/wp-json\/wp\/v2\/posts\/59973\/revisions"}],"wp:featuredmedia":[{"embeddable":true,"href":"https:\/\/mussicom.com\/noticias\/wp-json\/wp\/v2\/media\/59974"}],"wp:attachment":[{"href":"https:\/\/mussicom.com\/noticias\/wp-json\/wp\/v2\/media?parent=59973"}],"wp:term":[{"taxonomy":"category","embeddable":true,"href":"https:\/\/mussicom.com\/noticias\/wp-json\/wp\/v2\/categories?post=59973"},{"taxonomy":"post_tag","embeddable":true,"href":"https:\/\/mussicom.com\/noticias\/wp-json\/wp\/v2\/tags?post=59973"}],"curies":[{"name":"wp","href":"https:\/\/api.w.org\/{rel}","templated":true}]}}