{"id":59935,"date":"2026-01-27T15:41:52","date_gmt":"2026-01-27T18:41:52","guid":{"rendered":"https:\/\/mussicom.com\/lula-escolhe-chefe-do-conselhao-para-substituir-gleisi-na-articulacao-politica\/"},"modified":"2026-01-27T15:41:52","modified_gmt":"2026-01-27T18:41:52","slug":"lula-escolhe-chefe-do-conselhao-para-substituir-gleisi-na-articulacao-politica","status":"publish","type":"post","link":"https:\/\/mussicom.com\/noticias\/lula-escolhe-chefe-do-conselhao-para-substituir-gleisi-na-articulacao-politica\/","title":{"rendered":"Lula escolhe chefe do Conselh\u00e3o para substituir Gleisi na articula\u00e7\u00e3o pol\u00edtica"},"content":{"rendered":"<p> <br \/>\n<\/p>\n<div id=\"tp-post-content\">\n<p class=\"postParagraph_post-paragraph__juWZN postParagraph_post-paragraph-innerHtml__Q5vwc\">O presidente Luiz In\u00e1cio Lula da Silva (PT) escolheu, nesta ter\u00e7a (27), o atual chefe do Conselho de Desenvolvimento Econ\u00f4mico Social e Sustent\u00e1vel (o \u201cConselh\u00e3o\u201d), Olavo Noleto, para substituir a ministra Gleisi Hoffmann (PT-PR) na Secretaria de Rela\u00e7\u00f5es Institucionais, respons\u00e1vel pela articula\u00e7\u00e3o pol\u00edtica com o Congresso. A petista deixar\u00e1 o cargo em breve para disputar uma vaga ao Senado pelo Paran\u00e1.<\/p>\n<p class=\"postParagraph_post-paragraph__juWZN postParagraph_post-paragraph-innerHtml__Q5vwc\">A informa\u00e7\u00e3o da escolha de Noleto foi dada primeiramente pela <em>Folha de S. Paulo<\/em> e confirmada pela <strong>Gazeta do Povo<\/strong> com fontes no Pal\u00e1cio do Planalto. O nome dele foi mencionado por Gleisi como seu poss\u00edvel substituto nesta segunda (26), em que afirmou, ainda, que espera uma transi\u00e7\u00e3o tranquila.<\/p>\n<p class=\"postParagraph_post-paragraph__juWZN postParagraph_post-paragraph-innerHtml__Q5vwc\">\u201cSer\u00e1 uma substitui\u00e7\u00e3o muito tranquila. Deve permanecer o nosso secret\u00e1rio atual do Conselh\u00e3o, Olavo Noleto. Vamos realizar essa transi\u00e7\u00e3o at\u00e9 mar\u00e7o, junto com os l\u00edderes do Congresso Nacional\u201d, disse a ministra \u00e0 <em>CNN Brasil.<\/em><\/p>\n<div class=\"postViewMore_post-view-more-container___5wai\" data-mrf-recirculation=\"Post - Veja tamb\u00e9m\">\n<p class=\"gp-styles-module-size-small-afeYRa gp-styles-module-font-family2-afeYRa gp-styles-module-color-secondary-afeYRa gp-styles-module-weight-bold-afeYRa\">VEJA TAMB\u00c9M:<\/p>\n<ul class=\"postViewMore_post-view-more-list__CU_CE\">\n<li class=\"postViewMore_post-view-more-item__2MzRb\">\n<div class=\"postViewMore_post-view-more-image__5gUSe\"><picture class=\"imageDefault_image-container__XGd8_\"><\/picture><\/div>\n<p>Lula e Macron condenam a\u00e7\u00e3o dos EUA na Venezuela em liga\u00e7\u00e3o<\/li>\n<\/ul>\n<\/div>\n<p class=\"postParagraph_post-paragraph__juWZN postParagraph_post-paragraph-innerHtml__Q5vwc\">Gleisi ter\u00e1 de deixar o governo at\u00e9 o m\u00eas de abril, prazo m\u00e1ximo para que postulantes a cargos eletivos deixem as atuais ocupa\u00e7\u00f5es na administra\u00e7\u00e3o p\u00fablica. Ela est\u00e1 nas Rela\u00e7\u00f5es Institucionais desde mar\u00e7o de 2025, quando Lula a nomeou para a posi\u00e7\u00e3o de Alexandre Padilha, que passou para o Minist\u00e9rio da Sa\u00fade no lugar de N\u00edsia Trindade \u2013 sob forte press\u00e3o de setores pol\u00edticos.<\/p>\n<p class=\"postParagraph_post-paragraph__juWZN postParagraph_post-paragraph-innerHtml__Q5vwc\">Agora confirmado na articula\u00e7\u00e3o pol\u00edtica, Olavo Noleto retorna \u00e0 pasta que atuou como secret\u00e1rio-executivo durante a gest\u00e3o de Padilha e que chegou a ser interino em algumas ocasi\u00f5es.<\/p>\n<p class=\"postParagraph_post-paragraph__juWZN postParagraph_post-paragraph-innerHtml__Q5vwc\">Noleto tamb\u00e9m atuou como secret\u00e1rio-adjunto de Assuntos Federativos da Presid\u00eancia da Rep\u00fablica nos dois primeiros mandatos de Lula.<\/p>\n<p class=\"postParagraph_post-paragraph__juWZN postParagraph_post-paragraph-innerHtml__Q5vwc\">J\u00e1 no governo da ex-presidente Dilma Rousseff (PT), foi secret\u00e1rio-executivo da Secretaria de Comunica\u00e7\u00e3o (Secom) entre 2015 e 2016. Formado em Marketing e Gest\u00e3o P\u00fablica, Olavo Noleto \u00e9 natural de Goi\u00e2nia (GO).<\/p>\n<\/div>\n<p><br \/>\n<br \/>Fonte: <a href=\"https:\/\/www.gazetadopovo.com.br\/republica\/lula-escolhe-chefe-conselhao-substituir-gleisi-articulacao-politica\/\">Revista Oeste<\/a><\/p>\n","protected":false},"excerpt":{"rendered":"<p>O presidente Luiz In\u00e1cio Lula da Silva (PT) escolheu, nesta ter\u00e7a (27), o atual chefe do Conselho de Desenvolvimento Econ\u00f4mico Social e Sustent\u00e1vel (o \u201cConselh\u00e3o\u201d), Olavo Noleto, para substituir a ministra Gleisi Hoffmann (PT-PR) na Secretaria de Rela\u00e7\u00f5es Institucionais, respons\u00e1vel pela articula\u00e7\u00e3o pol\u00edtica com o Congresso. A petista deixar\u00e1 o cargo em breve para disputar [&hellip;]<\/p>\n","protected":false},"author":5,"featured_media":59936,"comment_status":"open","ping_status":"open","sticky":false,"template":"","format":"standard","meta":{"_seopress_robots_primary_cat":"","_seopress_titles_title":"","_seopress_titles_desc":"","_seopress_robots_index":"","footnotes":""},"categories":[1],"tags":[],"class_list":["post-59935","post","type-post","status-publish","format-standard","has-post-thumbnail","hentry","category-ultimas-noticias"],"_links":{"self":[{"href":"https:\/\/mussicom.com\/noticias\/wp-json\/wp\/v2\/posts\/59935","targetHints":{"allow":["GET"]}}],"collection":[{"href":"https:\/\/mussicom.com\/noticias\/wp-json\/wp\/v2\/posts"}],"about":[{"href":"https:\/\/mussicom.com\/noticias\/wp-json\/wp\/v2\/types\/post"}],"author":[{"embeddable":true,"href":"https:\/\/mussicom.com\/noticias\/wp-json\/wp\/v2\/users\/5"}],"replies":[{"embeddable":true,"href":"https:\/\/mussicom.com\/noticias\/wp-json\/wp\/v2\/comments?post=59935"}],"version-history":[{"count":0,"href":"https:\/\/mussicom.com\/noticias\/wp-json\/wp\/v2\/posts\/59935\/revisions"}],"wp:featuredmedia":[{"embeddable":true,"href":"https:\/\/mussicom.com\/noticias\/wp-json\/wp\/v2\/media\/59936"}],"wp:attachment":[{"href":"https:\/\/mussicom.com\/noticias\/wp-json\/wp\/v2\/media?parent=59935"}],"wp:term":[{"taxonomy":"category","embeddable":true,"href":"https:\/\/mussicom.com\/noticias\/wp-json\/wp\/v2\/categories?post=59935"},{"taxonomy":"post_tag","embeddable":true,"href":"https:\/\/mussicom.com\/noticias\/wp-json\/wp\/v2\/tags?post=59935"}],"curies":[{"name":"wp","href":"https:\/\/api.w.org\/{rel}","templated":true}]}}